{"id":10138,"date":"2022-05-19T09:50:18","date_gmt":"2022-05-19T07:50:18","guid":{"rendered":"https:\/\/www.elcol-legi.org\/w\/la-consellera-de-justicia-de-catalunya-visita-el-col%c2%b7legi\/"},"modified":"2022-05-19T10:12:39","modified_gmt":"2022-05-19T08:12:39","slug":"consellera-ciuro","status":"publish","type":"post","link":"https:\/\/www.elcol-legi.org\/w\/es\/consellera-ciuro\/","title":{"rendered":"La consellera de Justicia de Catalunya visita el Col\u00b7legi"},"content":{"rendered":"<div class=\"wpb-content-wrapper\"><p>[vc_row][vc_column width=&#8221;3\/4&#8243;][stm_spacing lg_spacing=&#8221;6&#8243; md_spacing=&#8221;6&#8243; sm_spacing=&#8221;6&#8243; xs_spacing=&#8221;6&#8243;][vc_column_text]<em>Lourdes Ciur\u00f3 destac\u00f3 la importancia de la colaboraci\u00f3n p\u00fablico-privada y las virtudes de la mediaci\u00f3n como v\u00eda para resolver algunos conflictos en el \u00e1mbito del seguro sin llegar a los tribunales<\/em>[\/vc_column_text][vc_single_image source=&#8221;featured_image&#8221; img_size=&#8221;850&#215;350&#8243;][vc_column_text css=&#8221;.vc_custom_1652947912664{margin-bottom: 20px !important;}&#8221;]<strong>Lourdes Ciur\u00f3<\/strong>, <em>consellera de Just\u00edcia<\/em> del Govern de Catalunya, visit\u00f3 el martes la sede del Col\u00b7legi de Mediadors de Barcelona y particip\u00f3 en un almuerzo de trabajo al que asistieron diversos representantes del sector asegurador catal\u00e1n. <strong>Jordi Font<\/strong>, jefe del Gabinete de la <em>consellera<\/em> y <strong>Joan <\/strong><strong>Ramon Casals<\/strong>, director general de Derecho de la conselleria de Justicia, acompa\u00f1aron a Ciur\u00f3.<\/p>\n<p>Adem\u00e1s de <strong>Francesc Santasusana<\/strong>, presidente del Col\u00b7legi, el resto de los asistentes a la reuni\u00f3n fueron <strong>Florence Cesmat<\/strong>, director general de Asefa Seguros; <strong>M\u00f2nica Pujol<\/strong>, directora t\u00e9cnica de Assist\u00e8ncia Sanit\u00e0ria; <strong>Oriol Cascante<\/strong>, director comercial de Cl\u00ednicum Seguros; <strong>Joan Benet<\/strong>, CEO de Gecose Software; <strong>Llu\u00eds Ferrer<\/strong>, presidente y CEO de la corredur\u00eda Ferrer &amp; Ojeda; <strong>Carmina Homs<\/strong>, vicepresidenta 2\u00aa del Col\u00b7legi y directora general de Ferrer &amp; Ojeda; <strong>Dr. Josep Llu\u00eds Fern\u00e1ndez<\/strong>, doctor en derecho y asesor jur\u00eddico del Col\u00b7legi; <strong>Marta Oller<\/strong>, tesorera del Col\u00b7legi y administradora de la corredur\u00eda ORM Insurance Brokers y <strong>Sandra Serra<\/strong>, gerente del Col\u00b7legi.<\/p>\n<p>Una vez m\u00e1s, la biblioteca del Col\u00b7legi fue el escenario del almuerzo de trabajo en el que Francesc Santasusana plate\u00f3 diversas cuestiones a la <em>consellera<\/em> que afectan directamente a la actividad aseguradora, como la necesidad de una justicia que no se eternice en el tiempo y un acceso m\u00e1s r\u00e1pido a documentos legales como certificados de defunci\u00f3n que son imprescindibles para poder agilizar el cobro de un seguro de vida, por ejemplo.<\/p>\n<p>Lourdes Ciur\u00f3 aclar\u00f3 a los asistentes cu\u00e1les son las competencias del departamento que dirige en la administraci\u00f3n de justicia. Del mismo modo, expreso su confianza en estudiar junto con el sector asegurador la posibilidad de adoptar el modelo de mediaci\u00f3n legal para resolver algunos conflictos que actualmente finalizan casi siempre en los tribunales de justicia. En este sentido, tanto el Col\u00b7legi como los m\u00e1ximos responsables de la <em>conselleria <\/em>se comprometieron a explorar las posibilidades que ofrece esta figura legal.<\/p>\n<p>En otro momento de la reuni\u00f3n, la <em>consellera de Just\u00edcia <\/em>expres\u00f3 su firme convicci\u00f3n en las virtudes de la colaboraci\u00f3n p\u00fablico-privada para resolver algunos de los grandes desaf\u00edos que tiene planteados la sociedad.<\/p>\n<p>[\/vc_column_text][vc_row_inner][vc_column_inner width=&#8221;1\/6&#8243;][vc_tweetmeme][\/vc_column_inner][vc_column_inner width=&#8221;1\/6&#8243;][vc_facebook][\/vc_column_inner][vc_column_inner width=&#8221;1\/6&#8243;][\/vc_column_inner][vc_column_inner width=&#8221;1\/6&#8243;][\/vc_column_inner][vc_column_inner width=&#8221;1\/6&#8243;][\/vc_column_inner][vc_column_inner width=&#8221;1\/6&#8243;][\/vc_column_inner][\/vc_row_inner][\/vc_column][vc_column width=&#8221;1\/4&#8243;][stm_spacing lg_spacing=&#8221;50&#8243; md_spacing=&#8221;50&#8243; sm_spacing=&#8221;50&#8243; xs_spacing=&#8221;50&#8243;][vc_column_text]<\/p>\n<h2>\u00daltimas noticias<\/h2>\n<p>[\/vc_column_text][stm_news loop=&#8221;size:4|order_by:date|order:DESC|post_type:post|categories:8&#8243; posts_per_row=&#8221;2&#8243;][\/vc_column][\/vc_row]<\/p>\n<\/div>","protected":false},"excerpt":{"rendered":"<p>[vc_row][vc_column width=&#8221;3\/4&#8243;][stm_spacing lg_spacing=&#8221;6&#8243; md_spacing=&#8221;6&#8243; sm_spacing=&#8221;6&#8243; xs_spacing=&#8221;6&#8243;][vc_column_text]Lourdes Ciur\u00f3 destac\u00f3 la importancia de la colaboraci\u00f3n p\u00fablico-privada y las virtudes de la mediaci\u00f3n como v\u00eda para resolver algunos conflictos en el \u00e1mbito del seguro sin llegar a los tribunales[\/vc_column_text][vc_single_image source=&#8221;featured_image&#8221; img_size=&#8221;850&#215;350&#8243;][vc_column_text css=&#8221;.vc_custom_1652947912664{margin-bottom: 20px !important;}&#8221;]Lourdes Ciur\u00f3, consellera de Just\u00edcia del Govern de Catalunya, visit\u00f3 el martes la sede del<\/p>\n","protected":false},"author":562,"featured_media":10107,"comment_status":"closed","ping_status":"open","sticky":false,"template":"","format":"standard","meta":{"footnotes":""},"categories":[9],"tags":[839,840,161,834],"class_list":["post-10138","post","type-post","status-publish","format-standard","has-post-thumbnail","hentry","category-es-noticias","tag-cuiro-es","tag-justicia-es","tag-mediarionews","tag-mn131-es"],"yoast_head":"<!-- This site is optimized with the Yoast SEO plugin v27.5 - https:\/\/yoast.com\/product\/yoast-seo-wordpress\/ -->\n<title>La consellera de Justicia de Catalunya visita el Col\u00b7legi - Col-legi de Mediadors d&#039;Assegurances de Barcelona<\/title>\n<meta name=\"robots\" content=\"index, follow, max-snippet:-1, max-image-preview:large, max-video-preview:-1\" \/>\n<link rel=\"canonical\" href=\"https:\/\/www.elcol-legi.org\/w\/es\/consellera-ciuro\/\" \/>\n<meta property=\"og:locale\" content=\"es_ES\" \/>\n<meta property=\"og:type\" content=\"article\" \/>\n<meta property=\"og:title\" content=\"La consellera de Justicia de Catalunya visita el Col\u00b7legi - Col-legi de Mediadors d&#039;Assegurances de Barcelona\" \/>\n<meta property=\"og:description\" content=\"[vc_row][vc_column width=&#8221;3\/4&#8243;][stm_spacing lg_spacing=&#8221;6&#8243; md_spacing=&#8221;6&#8243; sm_spacing=&#8221;6&#8243; xs_spacing=&#8221;6&#8243;][vc_column_text]Lourdes Ciur\u00f3 destac\u00f3 la importancia de la colaboraci\u00f3n p\u00fablico-privada y las virtudes de la mediaci\u00f3n como v\u00eda para resolver algunos conflictos en el \u00e1mbito del seguro sin llegar a los tribunales[\/vc_column_text][vc_single_image source=&#8221;featured_image&#8221; img_size=&#8221;850&#215;350&#8243;][vc_column_text css=&#8221;.vc_custom_1652947912664{margin-bottom: 20px !important;}&#8221;]Lourdes Ciur\u00f3, consellera de Just\u00edcia del Govern de Catalunya, visit\u00f3 el martes la sede del\" \/>\n<meta property=\"og:url\" content=\"https:\/\/www.elcol-legi.org\/w\/es\/consellera-ciuro\/\" \/>\n<meta property=\"og:site_name\" content=\"Col-legi de Mediadors d&#039;Assegurances de Barcelona\" \/>\n<meta property=\"article:published_time\" content=\"2022-05-19T07:50:18+00:00\" \/>\n<meta property=\"article:modified_time\" content=\"2022-05-19T08:12:39+00:00\" \/>\n<meta property=\"og:image\" content=\"https:\/\/www.elcol-legi.org\/w\/wp-content\/uploads\/2022\/05\/01_CIURO.jpg\" \/>\n\t<meta property=\"og:image:width\" content=\"810\" \/>\n\t<meta property=\"og:image:height\" content=\"541\" \/>\n\t<meta property=\"og:image:type\" content=\"image\/jpeg\" \/>\n<meta name=\"author\" content=\"Marc Alcaraz\" \/>\n<meta name=\"twitter:card\" content=\"summary_large_image\" \/>\n<meta name=\"twitter:label1\" content=\"Escrito por\" \/>\n\t<meta name=\"twitter:data1\" content=\"Marc Alcaraz\" \/>\n\t<meta name=\"twitter:label2\" content=\"Tiempo de lectura\" \/>\n\t<meta name=\"twitter:data2\" content=\"3 minutos\" \/>\n<script type=\"application\/ld+json\" class=\"yoast-schema-graph\">{\"@context\":\"https:\\\/\\\/schema.org\",\"@graph\":[{\"@type\":\"Article\",\"@id\":\"https:\\\/\\\/www.elcol-legi.org\\\/w\\\/es\\\/consellera-ciuro\\\/#article\",\"isPartOf\":{\"@id\":\"https:\\\/\\\/www.elcol-legi.org\\\/w\\\/es\\\/consellera-ciuro\\\/\"},\"author\":{\"name\":\"Marc Alcaraz\",\"@id\":\"https:\\\/\\\/www.elcol-legi.org\\\/w\\\/es\\\/#\\\/schema\\\/person\\\/4283d40fbd72a940d5fff484fe5ec410\"},\"headline\":\"La consellera de Justicia de Catalunya visita el Col\u00b7legi\",\"datePublished\":\"2022-05-19T07:50:18+00:00\",\"dateModified\":\"2022-05-19T08:12:39+00:00\",\"mainEntityOfPage\":{\"@id\":\"https:\\\/\\\/www.elcol-legi.org\\\/w\\\/es\\\/consellera-ciuro\\\/\"},\"wordCount\":561,\"image\":{\"@id\":\"https:\\\/\\\/www.elcol-legi.org\\\/w\\\/es\\\/consellera-ciuro\\\/#primaryimage\"},\"thumbnailUrl\":\"https:\\\/\\\/www.elcol-legi.org\\\/w\\\/wp-content\\\/uploads\\\/2022\\\/05\\\/01_CIURO.jpg\",\"keywords\":[\"Cuiro\",\"Justicia\",\"MediarioNews\",\"MN131\"],\"articleSection\":[\"Noticias\"],\"inLanguage\":\"es\"},{\"@type\":\"WebPage\",\"@id\":\"https:\\\/\\\/www.elcol-legi.org\\\/w\\\/es\\\/consellera-ciuro\\\/\",\"url\":\"https:\\\/\\\/www.elcol-legi.org\\\/w\\\/es\\\/consellera-ciuro\\\/\",\"name\":\"La consellera de Justicia de Catalunya visita el Col\u00b7legi - Col-legi de Mediadors d&#039;Assegurances de Barcelona\",\"isPartOf\":{\"@id\":\"https:\\\/\\\/www.elcol-legi.org\\\/w\\\/es\\\/#website\"},\"primaryImageOfPage\":{\"@id\":\"https:\\\/\\\/www.elcol-legi.org\\\/w\\\/es\\\/consellera-ciuro\\\/#primaryimage\"},\"image\":{\"@id\":\"https:\\\/\\\/www.elcol-legi.org\\\/w\\\/es\\\/consellera-ciuro\\\/#primaryimage\"},\"thumbnailUrl\":\"https:\\\/\\\/www.elcol-legi.org\\\/w\\\/wp-content\\\/uploads\\\/2022\\\/05\\\/01_CIURO.jpg\",\"datePublished\":\"2022-05-19T07:50:18+00:00\",\"dateModified\":\"2022-05-19T08:12:39+00:00\",\"author\":{\"@id\":\"https:\\\/\\\/www.elcol-legi.org\\\/w\\\/es\\\/#\\\/schema\\\/person\\\/4283d40fbd72a940d5fff484fe5ec410\"},\"breadcrumb\":{\"@id\":\"https:\\\/\\\/www.elcol-legi.org\\\/w\\\/es\\\/consellera-ciuro\\\/#breadcrumb\"},\"inLanguage\":\"es\",\"potentialAction\":[{\"@type\":\"ReadAction\",\"target\":[\"https:\\\/\\\/www.elcol-legi.org\\\/w\\\/es\\\/consellera-ciuro\\\/\"]}]},{\"@type\":\"ImageObject\",\"inLanguage\":\"es\",\"@id\":\"https:\\\/\\\/www.elcol-legi.org\\\/w\\\/es\\\/consellera-ciuro\\\/#primaryimage\",\"url\":\"https:\\\/\\\/www.elcol-legi.org\\\/w\\\/wp-content\\\/uploads\\\/2022\\\/05\\\/01_CIURO.jpg\",\"contentUrl\":\"https:\\\/\\\/www.elcol-legi.org\\\/w\\\/wp-content\\\/uploads\\\/2022\\\/05\\\/01_CIURO.jpg\",\"width\":810,\"height\":541,\"caption\":\"Lourdes Ciur\u00f3\"},{\"@type\":\"BreadcrumbList\",\"@id\":\"https:\\\/\\\/www.elcol-legi.org\\\/w\\\/es\\\/consellera-ciuro\\\/#breadcrumb\",\"itemListElement\":[{\"@type\":\"ListItem\",\"position\":1,\"name\":\"Inici\",\"item\":\"https:\\\/\\\/www.elcol-legi.org\\\/w\\\/es\\\/\"},{\"@type\":\"ListItem\",\"position\":2,\"name\":\"La consellera de Justicia de Catalunya visita el Col\u00b7legi\"}]},{\"@type\":\"WebSite\",\"@id\":\"https:\\\/\\\/www.elcol-legi.org\\\/w\\\/es\\\/#website\",\"url\":\"https:\\\/\\\/www.elcol-legi.org\\\/w\\\/es\\\/\",\"name\":\"Col-legi de Mediadors d&#039;Assegurances de Barcelona\",\"description\":\"Support al mediador d&#039;assegurances\",\"potentialAction\":[{\"@type\":\"SearchAction\",\"target\":{\"@type\":\"EntryPoint\",\"urlTemplate\":\"https:\\\/\\\/www.elcol-legi.org\\\/w\\\/es\\\/?s={search_term_string}\"},\"query-input\":{\"@type\":\"PropertyValueSpecification\",\"valueRequired\":true,\"valueName\":\"search_term_string\"}}],\"inLanguage\":\"es\"},{\"@type\":\"Person\",\"@id\":\"https:\\\/\\\/www.elcol-legi.org\\\/w\\\/es\\\/#\\\/schema\\\/person\\\/4283d40fbd72a940d5fff484fe5ec410\",\"name\":\"Marc Alcaraz\",\"image\":{\"@type\":\"ImageObject\",\"inLanguage\":\"es\",\"@id\":\"https:\\\/\\\/secure.gravatar.com\\\/avatar\\\/e5dee642a130a369f4e8f5fe2d78526e99d5506f34de2f80b7994e63dc58d1b0?s=96&d=mm&r=g\",\"url\":\"https:\\\/\\\/secure.gravatar.com\\\/avatar\\\/e5dee642a130a369f4e8f5fe2d78526e99d5506f34de2f80b7994e63dc58d1b0?s=96&d=mm&r=g\",\"contentUrl\":\"https:\\\/\\\/secure.gravatar.com\\\/avatar\\\/e5dee642a130a369f4e8f5fe2d78526e99d5506f34de2f80b7994e63dc58d1b0?s=96&d=mm&r=g\",\"caption\":\"Marc Alcaraz\"},\"url\":\"https:\\\/\\\/www.elcol-legi.org\\\/w\\\/es\\\/author\\\/efreire\\\/\"}]}<\/script>\n<!-- \/ Yoast SEO plugin. -->","yoast_head_json":{"title":"La consellera de Justicia de Catalunya visita el Col\u00b7legi - Col-legi de Mediadors d&#039;Assegurances de Barcelona","robots":{"index":"index","follow":"follow","max-snippet":"max-snippet:-1","max-image-preview":"max-image-preview:large","max-video-preview":"max-video-preview:-1"},"canonical":"https:\/\/www.elcol-legi.org\/w\/es\/consellera-ciuro\/","og_locale":"es_ES","og_type":"article","og_title":"La consellera de Justicia de Catalunya visita el Col\u00b7legi - Col-legi de Mediadors d&#039;Assegurances de Barcelona","og_description":"[vc_row][vc_column width=&#8221;3\/4&#8243;][stm_spacing lg_spacing=&#8221;6&#8243; md_spacing=&#8221;6&#8243; sm_spacing=&#8221;6&#8243; xs_spacing=&#8221;6&#8243;][vc_column_text]Lourdes Ciur\u00f3 destac\u00f3 la importancia de la colaboraci\u00f3n p\u00fablico-privada y las virtudes de la mediaci\u00f3n como v\u00eda para resolver algunos conflictos en el \u00e1mbito del seguro sin llegar a los tribunales[\/vc_column_text][vc_single_image source=&#8221;featured_image&#8221; img_size=&#8221;850&#215;350&#8243;][vc_column_text css=&#8221;.vc_custom_1652947912664{margin-bottom: 20px !important;}&#8221;]Lourdes Ciur\u00f3, consellera de Just\u00edcia del Govern de Catalunya, visit\u00f3 el martes la sede del","og_url":"https:\/\/www.elcol-legi.org\/w\/es\/consellera-ciuro\/","og_site_name":"Col-legi de Mediadors d&#039;Assegurances de Barcelona","article_published_time":"2022-05-19T07:50:18+00:00","article_modified_time":"2022-05-19T08:12:39+00:00","og_image":[{"width":810,"height":541,"url":"https:\/\/www.elcol-legi.org\/w\/wp-content\/uploads\/2022\/05\/01_CIURO.jpg","type":"image\/jpeg"}],"author":"Marc Alcaraz","twitter_card":"summary_large_image","twitter_misc":{"Escrito por":"Marc Alcaraz","Tiempo de lectura":"3 minutos"},"schema":{"@context":"https:\/\/schema.org","@graph":[{"@type":"Article","@id":"https:\/\/www.elcol-legi.org\/w\/es\/consellera-ciuro\/#article","isPartOf":{"@id":"https:\/\/www.elcol-legi.org\/w\/es\/consellera-ciuro\/"},"author":{"name":"Marc Alcaraz","@id":"https:\/\/www.elcol-legi.org\/w\/es\/#\/schema\/person\/4283d40fbd72a940d5fff484fe5ec410"},"headline":"La consellera de Justicia de Catalunya visita el Col\u00b7legi","datePublished":"2022-05-19T07:50:18+00:00","dateModified":"2022-05-19T08:12:39+00:00","mainEntityOfPage":{"@id":"https:\/\/www.elcol-legi.org\/w\/es\/consellera-ciuro\/"},"wordCount":561,"image":{"@id":"https:\/\/www.elcol-legi.org\/w\/es\/consellera-ciuro\/#primaryimage"},"thumbnailUrl":"https:\/\/www.elcol-legi.org\/w\/wp-content\/uploads\/2022\/05\/01_CIURO.jpg","keywords":["Cuiro","Justicia","MediarioNews","MN131"],"articleSection":["Noticias"],"inLanguage":"es"},{"@type":"WebPage","@id":"https:\/\/www.elcol-legi.org\/w\/es\/consellera-ciuro\/","url":"https:\/\/www.elcol-legi.org\/w\/es\/consellera-ciuro\/","name":"La consellera de Justicia de Catalunya visita el Col\u00b7legi - Col-legi de Mediadors d&#039;Assegurances de Barcelona","isPartOf":{"@id":"https:\/\/www.elcol-legi.org\/w\/es\/#website"},"primaryImageOfPage":{"@id":"https:\/\/www.elcol-legi.org\/w\/es\/consellera-ciuro\/#primaryimage"},"image":{"@id":"https:\/\/www.elcol-legi.org\/w\/es\/consellera-ciuro\/#primaryimage"},"thumbnailUrl":"https:\/\/www.elcol-legi.org\/w\/wp-content\/uploads\/2022\/05\/01_CIURO.jpg","datePublished":"2022-05-19T07:50:18+00:00","dateModified":"2022-05-19T08:12:39+00:00","author":{"@id":"https:\/\/www.elcol-legi.org\/w\/es\/#\/schema\/person\/4283d40fbd72a940d5fff484fe5ec410"},"breadcrumb":{"@id":"https:\/\/www.elcol-legi.org\/w\/es\/consellera-ciuro\/#breadcrumb"},"inLanguage":"es","potentialAction":[{"@type":"ReadAction","target":["https:\/\/www.elcol-legi.org\/w\/es\/consellera-ciuro\/"]}]},{"@type":"ImageObject","inLanguage":"es","@id":"https:\/\/www.elcol-legi.org\/w\/es\/consellera-ciuro\/#primaryimage","url":"https:\/\/www.elcol-legi.org\/w\/wp-content\/uploads\/2022\/05\/01_CIURO.jpg","contentUrl":"https:\/\/www.elcol-legi.org\/w\/wp-content\/uploads\/2022\/05\/01_CIURO.jpg","width":810,"height":541,"caption":"Lourdes Ciur\u00f3"},{"@type":"BreadcrumbList","@id":"https:\/\/www.elcol-legi.org\/w\/es\/consellera-ciuro\/#breadcrumb","itemListElement":[{"@type":"ListItem","position":1,"name":"Inici","item":"https:\/\/www.elcol-legi.org\/w\/es\/"},{"@type":"ListItem","position":2,"name":"La consellera de Justicia de Catalunya visita el Col\u00b7legi"}]},{"@type":"WebSite","@id":"https:\/\/www.elcol-legi.org\/w\/es\/#website","url":"https:\/\/www.elcol-legi.org\/w\/es\/","name":"Col-legi de Mediadors d&#039;Assegurances de Barcelona","description":"Support al mediador d&#039;assegurances","potentialAction":[{"@type":"SearchAction","target":{"@type":"EntryPoint","urlTemplate":"https:\/\/www.elcol-legi.org\/w\/es\/?s={search_term_string}"},"query-input":{"@type":"PropertyValueSpecification","valueRequired":true,"valueName":"search_term_string"}}],"inLanguage":"es"},{"@type":"Person","@id":"https:\/\/www.elcol-legi.org\/w\/es\/#\/schema\/person\/4283d40fbd72a940d5fff484fe5ec410","name":"Marc Alcaraz","image":{"@type":"ImageObject","inLanguage":"es","@id":"https:\/\/secure.gravatar.com\/avatar\/e5dee642a130a369f4e8f5fe2d78526e99d5506f34de2f80b7994e63dc58d1b0?s=96&d=mm&r=g","url":"https:\/\/secure.gravatar.com\/avatar\/e5dee642a130a369f4e8f5fe2d78526e99d5506f34de2f80b7994e63dc58d1b0?s=96&d=mm&r=g","contentUrl":"https:\/\/secure.gravatar.com\/avatar\/e5dee642a130a369f4e8f5fe2d78526e99d5506f34de2f80b7994e63dc58d1b0?s=96&d=mm&r=g","caption":"Marc Alcaraz"},"url":"https:\/\/www.elcol-legi.org\/w\/es\/author\/efreire\/"}]}},"_links":{"self":[{"href":"https:\/\/www.elcol-legi.org\/w\/es\/wp-json\/wp\/v2\/posts\/10138","targetHints":{"allow":["GET"]}}],"collection":[{"href":"https:\/\/www.elcol-legi.org\/w\/es\/wp-json\/wp\/v2\/posts"}],"about":[{"href":"https:\/\/www.elcol-legi.org\/w\/es\/wp-json\/wp\/v2\/types\/post"}],"author":[{"embeddable":true,"href":"https:\/\/www.elcol-legi.org\/w\/es\/wp-json\/wp\/v2\/users\/562"}],"replies":[{"embeddable":true,"href":"https:\/\/www.elcol-legi.org\/w\/es\/wp-json\/wp\/v2\/comments?post=10138"}],"version-history":[{"count":7,"href":"https:\/\/www.elcol-legi.org\/w\/es\/wp-json\/wp\/v2\/posts\/10138\/revisions"}],"predecessor-version":[{"id":10145,"href":"https:\/\/www.elcol-legi.org\/w\/es\/wp-json\/wp\/v2\/posts\/10138\/revisions\/10145"}],"wp:featuredmedia":[{"embeddable":true,"href":"https:\/\/www.elcol-legi.org\/w\/es\/wp-json\/wp\/v2\/media\/10107"}],"wp:attachment":[{"href":"https:\/\/www.elcol-legi.org\/w\/es\/wp-json\/wp\/v2\/media?parent=10138"}],"wp:term":[{"taxonomy":"category","embeddable":true,"href":"https:\/\/www.elcol-legi.org\/w\/es\/wp-json\/wp\/v2\/categories?post=10138"},{"taxonomy":"post_tag","embeddable":true,"href":"https:\/\/www.elcol-legi.org\/w\/es\/wp-json\/wp\/v2\/tags?post=10138"}],"curies":[{"name":"wp","href":"https:\/\/api.w.org\/{rel}","templated":true}]}}