{"id":11461,"date":"2022-09-15T10:14:14","date_gmt":"2022-09-15T08:14:14","guid":{"rendered":"https:\/\/www.elcol-legi.org\/w\/no-te-pierdas-cursos-de-esta-semana-en-el-col%c2%b7legi\/"},"modified":"2022-09-15T10:17:03","modified_gmt":"2022-09-15T08:17:03","slug":"cursos-auditorium","status":"publish","type":"post","link":"https:\/\/www.elcol-legi.org\/w\/es\/cursos-auditorium\/","title":{"rendered":"No te pierdas los cursos de esta semana en el Col\u00b7legi"},"content":{"rendered":"<div class=\"wpb-content-wrapper\"><p>[vc_row][vc_column width=&#8221;3\/4&#8243;][stm_spacing lg_spacing=&#8221;6&#8243; md_spacing=&#8221;6&#8243; sm_spacing=&#8221;6&#8243; xs_spacing=&#8221;6&#8243;][vc_column_text]<em>La oferta formativa de la Fundaci\u00f3n Auditorium y el Col\u00b7legi para la pr\u00f3xima semana se completa con dos sesiones muy interesantes<\/em>[\/vc_column_text][vc_single_image source=&#8221;featured_image&#8221; img_size=&#8221;850&#215;350&#8243;][vc_column_text css=&#8221;.vc_custom_1663229775081{margin-bottom: 20px !important;}&#8221;]20 de septiembre, de 10:00 h. a 14:00 h.<\/p>\n<p><strong><em>\u2018<\/em><\/strong><strong>T\u00e9cnicas de neuroventa para los seguros personales y patrimoniales\u2019<\/strong><\/p>\n<p>Curso presencial.<\/p>\n<p><strong>Precio:<\/strong> Colegiados\u00a0<strong>80<\/strong> euros | No colegiados <strong>180<\/strong> euros | Entidades colaboradoras\u00a0<strong>132<\/strong> euros.<br \/>\n<strong>Profesor:<\/strong> Josep Gendra. Psic\u00f3logo, Coach y Formador. Asesor de RRHH del Col\u00b7legi.<\/p>\n<p>Para asistir presencialmente <a href=\"https:\/\/forms.sbc08.com\/5ab3e3fbb85b5350ef1d00c6\/uOGs162MRkagQglCvjdO6A\/tY1gfOEEQX216AZAggTEKg\/form.html\"><strong>has de inscribirte aqu\u00ed<\/strong><\/a>.<\/p>\n<p>&nbsp;<\/p>\n<p>&nbsp;<\/p>\n<p>21 de septiembre, de 10:00 \u00a0h. a 11:30 h.<\/p>\n<p><strong>\u2018Asistencia Sanitaria: Vender salud con toda tranquilidad\u2019<br \/>\n<\/strong>Curso presencial y en <em>streaming<\/em><strong><br \/>\n<\/strong><strong>Precio:<\/strong> Gratuito para colegiados. No colegiados: 35 euros.<br \/>\n<strong>Ponentes:<\/strong> <strong>Vanesa Herrero Biada<\/strong><em>,\u00a0<\/em><em>Delegada de Barcelona de Asistencia Sanitaria y <\/em><strong><em>Joan <\/em><\/strong><strong>Carles D\u00edaz Meco<\/strong><em>, Director Comercial de Asistencia Sanitaria.<br \/>\n<\/em><strong>Observaciones:<\/strong> Al finalizar la sesi\u00f3n formativa se servir\u00e1 un desayuno.<\/p>\n<p>&nbsp;<\/p>\n<p>Para asistir presencialmente <a href=\"https:\/\/forms.sbc30.net\/5ab3e3fbb85b5350ef1d00c6\/s_KbpEhSSUKouH-jbZmdJQ\/IEgLa_uwQBGzO1x0pCcclQ\/form.html\"><strong>has de inscribirte aqu\u00ed<\/strong><\/a>.<\/p>\n<p>Para participar a trav\u00e9s de <em>streaming<\/em> <a href=\"https:\/\/us06web.zoom.us\/webinar\/register\/WN_sjw3JTCFTUiDqpZx7RwmYw\"><strong>has de inscribirte aqu\u00ed<\/strong><\/a>.<\/p>\n<p>&nbsp;<\/p>\n<p>22 de septiembre, de 09:30 h. a 11:30 h.<br \/>\n<strong>\u2018\u00bfNuev@en esto? C\u00f3mo afrontar la gesti\u00f3n t\u00e9cnica de siniestros de Auto e IRD\u2019<br \/>\n<\/strong>Curso en <em>streaming<\/em><strong><br \/>\n<\/strong><strong>Precio:<\/strong> Colegiados\u00a0<strong>32<\/strong> euros | No colegiados <strong>50<\/strong> euros | Entidades colaboradoras\u00a0<strong>42<\/strong><br \/>\n<strong>Profesor:<\/strong> <strong>Jordi Duran<\/strong>. Perito judicial y de seguros. Especialista en Investigaci\u00f3n de Incendios y Reconstrucci\u00f3n de Accidentes de Tr\u00e1fico.<\/p>\n<p>Para participar a trav\u00e9s de <em>streaming<\/em> <a href=\"https:\/\/forms.sbc08.com\/5ab3e3fbb85b5350ef1d00c6\/ZfC8_K0dQbCQYmdqclnrqw\/_StxPPGhSJuB6M32JJEu4A\/form.html\"><strong>has de inscribirte aqu\u00ed<\/strong><\/a>.<\/p>\n<p>&nbsp;<\/p>\n<p>22 de septiembre, de 10:00 \u00a0h. a 11:30 h.<br \/>\n<strong>\u2018Mediador de seguros: Figura clave en la retenci\u00f3n de talento y en la importancia de los productos innovadores\u2019<br \/>\n<\/strong>Curso presencial y en <em>streaming<\/em><strong><br \/>\n<\/strong><strong>Precio:<\/strong> Gratuito para colegiados. No colegiados: 35 euros.<br \/>\n<strong>Ponentes:<\/strong> <strong>Eva Valero Catalina<em>,<\/em><\/strong><em>\u00a0<\/em><em>Directora de Vida Ahorro y Pensiones de Caser, <\/em><strong>Orencio Cuartero<em>,<\/em><\/strong> Director Desarrollo de Vida Agentes y Corredores<em>, y <\/em><strong>Mar\u00eda Garc\u00eda Fern\u00e1ndez<em>,<\/em><\/strong><em>\u00a0<\/em><em>Departamento de Productos de Salud.<br \/>\n<\/em><strong>Observaciones:<\/strong> Al finalizar la sesi\u00f3n formativa se servir\u00e1 un c\u00f3ctel<\/p>\n<p>&nbsp;<\/p>\n<p>Para asistir presencialmente <a href=\"https:\/\/forms.sbc32.com\/5ab3e3fbb85b5350ef1d00c6\/xVNxizysR4mfkATFkEpnZA\/seZbIxuZSbCe5AnAjUQmJg\/form.html\"><strong>has de inscribirte aqu\u00ed<\/strong><\/a>.<\/p>\n<p>Para participar a trav\u00e9s de <em>streaming<\/em> <a href=\"https:\/\/us06web.zoom.us\/webinar\/register\/WN_5CHcsMcJQRiiiRR8Lf4QIg\"><strong>has de inscribirte aqu\u00ed<\/strong><\/a>.[\/vc_column_text][vc_row_inner][vc_column_inner width=&#8221;1\/6&#8243;][vc_tweetmeme][\/vc_column_inner][vc_column_inner width=&#8221;1\/6&#8243;][vc_facebook][\/vc_column_inner][vc_column_inner width=&#8221;1\/6&#8243;][\/vc_column_inner][vc_column_inner width=&#8221;1\/6&#8243;][\/vc_column_inner][vc_column_inner width=&#8221;1\/6&#8243;][\/vc_column_inner][vc_column_inner width=&#8221;1\/6&#8243;][\/vc_column_inner][\/vc_row_inner][\/vc_column][vc_column width=&#8221;1\/4&#8243;][stm_spacing lg_spacing=&#8221;50&#8243; md_spacing=&#8221;50&#8243; sm_spacing=&#8221;50&#8243; xs_spacing=&#8221;50&#8243;][vc_column_text]<\/p>\n<h2>\u00daltimas noticias<\/h2>\n<p>[\/vc_column_text][stm_news loop=&#8221;size:4|order_by:date|order:DESC|post_type:post|categories:8&#8243; posts_per_row=&#8221;2&#8243;][\/vc_column][\/vc_row]<\/p>\n<\/div>","protected":false},"excerpt":{"rendered":"<p>[vc_row][vc_column width=&#8221;3\/4&#8243;][stm_spacing lg_spacing=&#8221;6&#8243; md_spacing=&#8221;6&#8243; sm_spacing=&#8221;6&#8243; xs_spacing=&#8221;6&#8243;][vc_column_text]La oferta formativa de la Fundaci\u00f3n Auditorium y el Col\u00b7legi para la pr\u00f3xima semana se completa con dos sesiones muy interesantes[\/vc_column_text][vc_single_image source=&#8221;featured_image&#8221; img_size=&#8221;850&#215;350&#8243;][vc_column_text css=&#8221;.vc_custom_1663229775081{margin-bottom: 20px !important;}&#8221;]20 de septiembre, de 10:00 h. a 14:00 h. \u2018T\u00e9cnicas de neuroventa para los seguros personales y patrimoniales\u2019 Curso presencial. Precio: Colegiados\u00a080 euros | No<\/p>\n","protected":false},"author":562,"featured_media":11439,"comment_status":"closed","ping_status":"open","sticky":false,"template":"","format":"standard","meta":{"footnotes":""},"categories":[9],"tags":[352,907,161,1134],"class_list":["post-11461","post","type-post","status-publish","format-standard","has-post-thumbnail","hentry","category-es-noticias","tag-cursos-es","tag-formacio-es","tag-mediarionews","tag-mn148-es"],"yoast_head":"<!-- This site is optimized with the Yoast SEO plugin v27.4 - https:\/\/yoast.com\/product\/yoast-seo-wordpress\/ -->\n<title>No te pierdas los cursos de esta semana en el Col\u00b7legi - Col-legi de Mediadors d&#039;Assegurances de Barcelona<\/title>\n<meta name=\"robots\" content=\"index, follow, max-snippet:-1, max-image-preview:large, max-video-preview:-1\" \/>\n<link rel=\"canonical\" href=\"https:\/\/www.elcol-legi.org\/w\/es\/cursos-auditorium\/\" \/>\n<meta property=\"og:locale\" content=\"es_ES\" \/>\n<meta property=\"og:type\" content=\"article\" \/>\n<meta property=\"og:title\" content=\"No te pierdas los cursos de esta semana en el Col\u00b7legi - Col-legi de Mediadors d&#039;Assegurances de Barcelona\" \/>\n<meta property=\"og:description\" content=\"[vc_row][vc_column width=&#8221;3\/4&#8243;][stm_spacing lg_spacing=&#8221;6&#8243; md_spacing=&#8221;6&#8243; sm_spacing=&#8221;6&#8243; xs_spacing=&#8221;6&#8243;][vc_column_text]La oferta formativa de la Fundaci\u00f3n Auditorium y el Col\u00b7legi para la pr\u00f3xima semana se completa con dos sesiones muy interesantes[\/vc_column_text][vc_single_image source=&#8221;featured_image&#8221; img_size=&#8221;850&#215;350&#8243;][vc_column_text css=&#8221;.vc_custom_1663229775081{margin-bottom: 20px !important;}&#8221;]20 de septiembre, de 10:00 h. a 14:00 h. \u2018T\u00e9cnicas de neuroventa para los seguros personales y patrimoniales\u2019 Curso presencial. Precio: Colegiados\u00a080 euros | No\" \/>\n<meta property=\"og:url\" content=\"https:\/\/www.elcol-legi.org\/w\/es\/cursos-auditorium\/\" \/>\n<meta property=\"og:site_name\" content=\"Col-legi de Mediadors d&#039;Assegurances de Barcelona\" \/>\n<meta property=\"article:published_time\" content=\"2022-09-15T08:14:14+00:00\" \/>\n<meta property=\"article:modified_time\" content=\"2022-09-15T08:17:03+00:00\" \/>\n<meta property=\"og:image\" content=\"https:\/\/www.elcol-legi.org\/w\/wp-content\/uploads\/2022\/09\/F05_CURSOS.jpg\" \/>\n\t<meta property=\"og:image:width\" content=\"810\" \/>\n\t<meta property=\"og:image:height\" content=\"456\" \/>\n\t<meta property=\"og:image:type\" content=\"image\/jpeg\" \/>\n<meta name=\"author\" content=\"Marc Alcaraz\" \/>\n<meta name=\"twitter:card\" content=\"summary_large_image\" \/>\n<meta name=\"twitter:label1\" content=\"Escrito por\" \/>\n\t<meta name=\"twitter:data1\" content=\"Marc Alcaraz\" \/>\n\t<meta name=\"twitter:label2\" content=\"Tiempo de lectura\" \/>\n\t<meta name=\"twitter:data2\" content=\"2 minutos\" \/>\n<script type=\"application\/ld+json\" class=\"yoast-schema-graph\">{\"@context\":\"https:\\\/\\\/schema.org\",\"@graph\":[{\"@type\":\"Article\",\"@id\":\"https:\\\/\\\/www.elcol-legi.org\\\/w\\\/es\\\/cursos-auditorium\\\/#article\",\"isPartOf\":{\"@id\":\"https:\\\/\\\/www.elcol-legi.org\\\/w\\\/es\\\/cursos-auditorium\\\/\"},\"author\":{\"name\":\"Marc Alcaraz\",\"@id\":\"https:\\\/\\\/www.elcol-legi.org\\\/w\\\/es\\\/#\\\/schema\\\/person\\\/4283d40fbd72a940d5fff484fe5ec410\"},\"headline\":\"No te pierdas los cursos de esta semana en el Col\u00b7legi\",\"datePublished\":\"2022-09-15T08:14:14+00:00\",\"dateModified\":\"2022-09-15T08:17:03+00:00\",\"mainEntityOfPage\":{\"@id\":\"https:\\\/\\\/www.elcol-legi.org\\\/w\\\/es\\\/cursos-auditorium\\\/\"},\"wordCount\":469,\"image\":{\"@id\":\"https:\\\/\\\/www.elcol-legi.org\\\/w\\\/es\\\/cursos-auditorium\\\/#primaryimage\"},\"thumbnailUrl\":\"https:\\\/\\\/www.elcol-legi.org\\\/w\\\/wp-content\\\/uploads\\\/2022\\\/09\\\/F05_CURSOS.jpg\",\"keywords\":[\"Cursos\",\"formaci\u00f3\",\"MediarioNews\",\"MN148\"],\"articleSection\":[\"Noticias\"],\"inLanguage\":\"es\"},{\"@type\":\"WebPage\",\"@id\":\"https:\\\/\\\/www.elcol-legi.org\\\/w\\\/es\\\/cursos-auditorium\\\/\",\"url\":\"https:\\\/\\\/www.elcol-legi.org\\\/w\\\/es\\\/cursos-auditorium\\\/\",\"name\":\"No te pierdas los cursos de esta semana en el Col\u00b7legi - Col-legi de Mediadors d&#039;Assegurances de Barcelona\",\"isPartOf\":{\"@id\":\"https:\\\/\\\/www.elcol-legi.org\\\/w\\\/es\\\/#website\"},\"primaryImageOfPage\":{\"@id\":\"https:\\\/\\\/www.elcol-legi.org\\\/w\\\/es\\\/cursos-auditorium\\\/#primaryimage\"},\"image\":{\"@id\":\"https:\\\/\\\/www.elcol-legi.org\\\/w\\\/es\\\/cursos-auditorium\\\/#primaryimage\"},\"thumbnailUrl\":\"https:\\\/\\\/www.elcol-legi.org\\\/w\\\/wp-content\\\/uploads\\\/2022\\\/09\\\/F05_CURSOS.jpg\",\"datePublished\":\"2022-09-15T08:14:14+00:00\",\"dateModified\":\"2022-09-15T08:17:03+00:00\",\"author\":{\"@id\":\"https:\\\/\\\/www.elcol-legi.org\\\/w\\\/es\\\/#\\\/schema\\\/person\\\/4283d40fbd72a940d5fff484fe5ec410\"},\"breadcrumb\":{\"@id\":\"https:\\\/\\\/www.elcol-legi.org\\\/w\\\/es\\\/cursos-auditorium\\\/#breadcrumb\"},\"inLanguage\":\"es\",\"potentialAction\":[{\"@type\":\"ReadAction\",\"target\":[\"https:\\\/\\\/www.elcol-legi.org\\\/w\\\/es\\\/cursos-auditorium\\\/\"]}]},{\"@type\":\"ImageObject\",\"inLanguage\":\"es\",\"@id\":\"https:\\\/\\\/www.elcol-legi.org\\\/w\\\/es\\\/cursos-auditorium\\\/#primaryimage\",\"url\":\"https:\\\/\\\/www.elcol-legi.org\\\/w\\\/wp-content\\\/uploads\\\/2022\\\/09\\\/F05_CURSOS.jpg\",\"contentUrl\":\"https:\\\/\\\/www.elcol-legi.org\\\/w\\\/wp-content\\\/uploads\\\/2022\\\/09\\\/F05_CURSOS.jpg\",\"width\":810,\"height\":456,\"caption\":\"FORMACI\u00d3N\"},{\"@type\":\"BreadcrumbList\",\"@id\":\"https:\\\/\\\/www.elcol-legi.org\\\/w\\\/es\\\/cursos-auditorium\\\/#breadcrumb\",\"itemListElement\":[{\"@type\":\"ListItem\",\"position\":1,\"name\":\"Inici\",\"item\":\"https:\\\/\\\/www.elcol-legi.org\\\/w\\\/es\\\/\"},{\"@type\":\"ListItem\",\"position\":2,\"name\":\"No te pierdas los cursos de esta semana en el Col\u00b7legi\"}]},{\"@type\":\"WebSite\",\"@id\":\"https:\\\/\\\/www.elcol-legi.org\\\/w\\\/es\\\/#website\",\"url\":\"https:\\\/\\\/www.elcol-legi.org\\\/w\\\/es\\\/\",\"name\":\"Col-legi de Mediadors d&#039;Assegurances de Barcelona\",\"description\":\"Support al mediador d&#039;assegurances\",\"potentialAction\":[{\"@type\":\"SearchAction\",\"target\":{\"@type\":\"EntryPoint\",\"urlTemplate\":\"https:\\\/\\\/www.elcol-legi.org\\\/w\\\/es\\\/?s={search_term_string}\"},\"query-input\":{\"@type\":\"PropertyValueSpecification\",\"valueRequired\":true,\"valueName\":\"search_term_string\"}}],\"inLanguage\":\"es\"},{\"@type\":\"Person\",\"@id\":\"https:\\\/\\\/www.elcol-legi.org\\\/w\\\/es\\\/#\\\/schema\\\/person\\\/4283d40fbd72a940d5fff484fe5ec410\",\"name\":\"Marc Alcaraz\",\"image\":{\"@type\":\"ImageObject\",\"inLanguage\":\"es\",\"@id\":\"https:\\\/\\\/secure.gravatar.com\\\/avatar\\\/e5dee642a130a369f4e8f5fe2d78526e99d5506f34de2f80b7994e63dc58d1b0?s=96&d=mm&r=g\",\"url\":\"https:\\\/\\\/secure.gravatar.com\\\/avatar\\\/e5dee642a130a369f4e8f5fe2d78526e99d5506f34de2f80b7994e63dc58d1b0?s=96&d=mm&r=g\",\"contentUrl\":\"https:\\\/\\\/secure.gravatar.com\\\/avatar\\\/e5dee642a130a369f4e8f5fe2d78526e99d5506f34de2f80b7994e63dc58d1b0?s=96&d=mm&r=g\",\"caption\":\"Marc Alcaraz\"},\"url\":\"https:\\\/\\\/www.elcol-legi.org\\\/w\\\/es\\\/author\\\/efreire\\\/\"}]}<\/script>\n<!-- \/ Yoast SEO plugin. -->","yoast_head_json":{"title":"No te pierdas los cursos de esta semana en el Col\u00b7legi - Col-legi de Mediadors d&#039;Assegurances de Barcelona","robots":{"index":"index","follow":"follow","max-snippet":"max-snippet:-1","max-image-preview":"max-image-preview:large","max-video-preview":"max-video-preview:-1"},"canonical":"https:\/\/www.elcol-legi.org\/w\/es\/cursos-auditorium\/","og_locale":"es_ES","og_type":"article","og_title":"No te pierdas los cursos de esta semana en el Col\u00b7legi - Col-legi de Mediadors d&#039;Assegurances de Barcelona","og_description":"[vc_row][vc_column width=&#8221;3\/4&#8243;][stm_spacing lg_spacing=&#8221;6&#8243; md_spacing=&#8221;6&#8243; sm_spacing=&#8221;6&#8243; xs_spacing=&#8221;6&#8243;][vc_column_text]La oferta formativa de la Fundaci\u00f3n Auditorium y el Col\u00b7legi para la pr\u00f3xima semana se completa con dos sesiones muy interesantes[\/vc_column_text][vc_single_image source=&#8221;featured_image&#8221; img_size=&#8221;850&#215;350&#8243;][vc_column_text css=&#8221;.vc_custom_1663229775081{margin-bottom: 20px !important;}&#8221;]20 de septiembre, de 10:00 h. a 14:00 h. \u2018T\u00e9cnicas de neuroventa para los seguros personales y patrimoniales\u2019 Curso presencial. Precio: Colegiados\u00a080 euros | No","og_url":"https:\/\/www.elcol-legi.org\/w\/es\/cursos-auditorium\/","og_site_name":"Col-legi de Mediadors d&#039;Assegurances de Barcelona","article_published_time":"2022-09-15T08:14:14+00:00","article_modified_time":"2022-09-15T08:17:03+00:00","og_image":[{"width":810,"height":456,"url":"https:\/\/www.elcol-legi.org\/w\/wp-content\/uploads\/2022\/09\/F05_CURSOS.jpg","type":"image\/jpeg"}],"author":"Marc Alcaraz","twitter_card":"summary_large_image","twitter_misc":{"Escrito por":"Marc Alcaraz","Tiempo de lectura":"2 minutos"},"schema":{"@context":"https:\/\/schema.org","@graph":[{"@type":"Article","@id":"https:\/\/www.elcol-legi.org\/w\/es\/cursos-auditorium\/#article","isPartOf":{"@id":"https:\/\/www.elcol-legi.org\/w\/es\/cursos-auditorium\/"},"author":{"name":"Marc Alcaraz","@id":"https:\/\/www.elcol-legi.org\/w\/es\/#\/schema\/person\/4283d40fbd72a940d5fff484fe5ec410"},"headline":"No te pierdas los cursos de esta semana en el Col\u00b7legi","datePublished":"2022-09-15T08:14:14+00:00","dateModified":"2022-09-15T08:17:03+00:00","mainEntityOfPage":{"@id":"https:\/\/www.elcol-legi.org\/w\/es\/cursos-auditorium\/"},"wordCount":469,"image":{"@id":"https:\/\/www.elcol-legi.org\/w\/es\/cursos-auditorium\/#primaryimage"},"thumbnailUrl":"https:\/\/www.elcol-legi.org\/w\/wp-content\/uploads\/2022\/09\/F05_CURSOS.jpg","keywords":["Cursos","formaci\u00f3","MediarioNews","MN148"],"articleSection":["Noticias"],"inLanguage":"es"},{"@type":"WebPage","@id":"https:\/\/www.elcol-legi.org\/w\/es\/cursos-auditorium\/","url":"https:\/\/www.elcol-legi.org\/w\/es\/cursos-auditorium\/","name":"No te pierdas los cursos de esta semana en el Col\u00b7legi - Col-legi de Mediadors d&#039;Assegurances de Barcelona","isPartOf":{"@id":"https:\/\/www.elcol-legi.org\/w\/es\/#website"},"primaryImageOfPage":{"@id":"https:\/\/www.elcol-legi.org\/w\/es\/cursos-auditorium\/#primaryimage"},"image":{"@id":"https:\/\/www.elcol-legi.org\/w\/es\/cursos-auditorium\/#primaryimage"},"thumbnailUrl":"https:\/\/www.elcol-legi.org\/w\/wp-content\/uploads\/2022\/09\/F05_CURSOS.jpg","datePublished":"2022-09-15T08:14:14+00:00","dateModified":"2022-09-15T08:17:03+00:00","author":{"@id":"https:\/\/www.elcol-legi.org\/w\/es\/#\/schema\/person\/4283d40fbd72a940d5fff484fe5ec410"},"breadcrumb":{"@id":"https:\/\/www.elcol-legi.org\/w\/es\/cursos-auditorium\/#breadcrumb"},"inLanguage":"es","potentialAction":[{"@type":"ReadAction","target":["https:\/\/www.elcol-legi.org\/w\/es\/cursos-auditorium\/"]}]},{"@type":"ImageObject","inLanguage":"es","@id":"https:\/\/www.elcol-legi.org\/w\/es\/cursos-auditorium\/#primaryimage","url":"https:\/\/www.elcol-legi.org\/w\/wp-content\/uploads\/2022\/09\/F05_CURSOS.jpg","contentUrl":"https:\/\/www.elcol-legi.org\/w\/wp-content\/uploads\/2022\/09\/F05_CURSOS.jpg","width":810,"height":456,"caption":"FORMACI\u00d3N"},{"@type":"BreadcrumbList","@id":"https:\/\/www.elcol-legi.org\/w\/es\/cursos-auditorium\/#breadcrumb","itemListElement":[{"@type":"ListItem","position":1,"name":"Inici","item":"https:\/\/www.elcol-legi.org\/w\/es\/"},{"@type":"ListItem","position":2,"name":"No te pierdas los cursos de esta semana en el Col\u00b7legi"}]},{"@type":"WebSite","@id":"https:\/\/www.elcol-legi.org\/w\/es\/#website","url":"https:\/\/www.elcol-legi.org\/w\/es\/","name":"Col-legi de Mediadors d&#039;Assegurances de Barcelona","description":"Support al mediador d&#039;assegurances","potentialAction":[{"@type":"SearchAction","target":{"@type":"EntryPoint","urlTemplate":"https:\/\/www.elcol-legi.org\/w\/es\/?s={search_term_string}"},"query-input":{"@type":"PropertyValueSpecification","valueRequired":true,"valueName":"search_term_string"}}],"inLanguage":"es"},{"@type":"Person","@id":"https:\/\/www.elcol-legi.org\/w\/es\/#\/schema\/person\/4283d40fbd72a940d5fff484fe5ec410","name":"Marc Alcaraz","image":{"@type":"ImageObject","inLanguage":"es","@id":"https:\/\/secure.gravatar.com\/avatar\/e5dee642a130a369f4e8f5fe2d78526e99d5506f34de2f80b7994e63dc58d1b0?s=96&d=mm&r=g","url":"https:\/\/secure.gravatar.com\/avatar\/e5dee642a130a369f4e8f5fe2d78526e99d5506f34de2f80b7994e63dc58d1b0?s=96&d=mm&r=g","contentUrl":"https:\/\/secure.gravatar.com\/avatar\/e5dee642a130a369f4e8f5fe2d78526e99d5506f34de2f80b7994e63dc58d1b0?s=96&d=mm&r=g","caption":"Marc Alcaraz"},"url":"https:\/\/www.elcol-legi.org\/w\/es\/author\/efreire\/"}]}},"_links":{"self":[{"href":"https:\/\/www.elcol-legi.org\/w\/es\/wp-json\/wp\/v2\/posts\/11461","targetHints":{"allow":["GET"]}}],"collection":[{"href":"https:\/\/www.elcol-legi.org\/w\/es\/wp-json\/wp\/v2\/posts"}],"about":[{"href":"https:\/\/www.elcol-legi.org\/w\/es\/wp-json\/wp\/v2\/types\/post"}],"author":[{"embeddable":true,"href":"https:\/\/www.elcol-legi.org\/w\/es\/wp-json\/wp\/v2\/users\/562"}],"replies":[{"embeddable":true,"href":"https:\/\/www.elcol-legi.org\/w\/es\/wp-json\/wp\/v2\/comments?post=11461"}],"version-history":[{"count":4,"href":"https:\/\/www.elcol-legi.org\/w\/es\/wp-json\/wp\/v2\/posts\/11461\/revisions"}],"predecessor-version":[{"id":11465,"href":"https:\/\/www.elcol-legi.org\/w\/es\/wp-json\/wp\/v2\/posts\/11461\/revisions\/11465"}],"wp:featuredmedia":[{"embeddable":true,"href":"https:\/\/www.elcol-legi.org\/w\/es\/wp-json\/wp\/v2\/media\/11439"}],"wp:attachment":[{"href":"https:\/\/www.elcol-legi.org\/w\/es\/wp-json\/wp\/v2\/media?parent=11461"}],"wp:term":[{"taxonomy":"category","embeddable":true,"href":"https:\/\/www.elcol-legi.org\/w\/es\/wp-json\/wp\/v2\/categories?post=11461"},{"taxonomy":"post_tag","embeddable":true,"href":"https:\/\/www.elcol-legi.org\/w\/es\/wp-json\/wp\/v2\/tags?post=11461"}],"curies":[{"name":"wp","href":"https:\/\/api.w.org\/{rel}","templated":true}]}}