{"id":21020,"date":"2024-12-31T20:32:52","date_gmt":"2024-12-31T18:32:52","guid":{"rendered":"https:\/\/www.elcol-legi.org\/w\/els-reis-ja-son-aqui\/"},"modified":"2024-12-31T20:39:00","modified_gmt":"2024-12-31T18:39:00","slug":"els-reis-ja-son-aqui","status":"publish","type":"post","link":"https:\/\/www.elcol-legi.org\/w\/es\/els-reis-ja-son-aqui\/","title":{"rendered":"Los Reyes ya est\u00e1n aqu\u00ed"},"content":{"rendered":"<div class=\"wpb-content-wrapper\"><p>[vc_row][vc_column width=&#8221;3\/4&#8243;][vc_column_text css=&#8221;&#8221;]<\/p>\n<pre>Fiesta Infantil<\/pre>\n<h2><b>Los Reyes ya est\u00e1n aqu\u00ed<\/b><\/h2>\n<p>[\/vc_column_text][stm_spacing lg_spacing=&#8221;6&#8243; md_spacing=&#8221;6&#8243; sm_spacing=&#8221;6&#8243; xs_spacing=&#8221;6&#8243;][vc_column_text css=&#8221;&#8221;]<strong>El 2 de enero se celebra la tradicional fiesta infantil en el Col\u00b7legi<\/strong>[\/vc_column_text][vc_single_image source=&#8221;featured_image&#8221; img_size=&#8221;850&#215;350&#8243;][vc_column_text css=&#8221;.vc_custom_1735669959110{margin-bottom: 20px !important;}&#8221;]Los Reyes Magos est\u00e1n muy cerca y ya falta poco para que llenen de regalos las casas de todos los ni\u00f1os. Hoy, 2 de enero, como cada a\u00f1o los ni\u00f1os que lo deseen podr\u00e1n disfrutar de la tradicional fiesta infantil que organiza el Col\u00b7legi de Mediadors d\u2019Assegurances de Barcelona. Los m\u00e1s peque\u00f1os de la casa tienen una cita con Sus Majestades.<\/p>\n<p>Esta es una iniciativa que refuerza el sentimiento de comunidad entre todos los colegiados y ofrece una muestra m\u00e1s de los valores que presiden el sector asegurador. Este evento infantil es una invitaci\u00f3n a los colegiados para que participen con sus hijos y sus nietos en una actividad l\u00fadica y familiar.<\/p>\n<p>Esta celebraci\u00f3n, en la que participan ni\u00f1os de edades comprendidas entre 2 y 12 a\u00f1os, es posible gracias a la ayuda de AXA. Esta\u00a0\u00a0compa\u00f1\u00eda colabora con el Col\u00b7legi en su organizaci\u00f3n. La fiesta se celebra hoy 2 de enero a partir de las cinco de la tarde.<\/p>\n<p>Durante varias horas, los ni\u00f1os podr\u00e1n merendar y participar en una serie de divertidos juegos en los que podr\u00e1n tomar parte tambi\u00e9n los familiares que lo deseen. Adem\u00e1s, los ni\u00f1os recibir\u00e1n un regalo. Para asistir a esta fiesta es necesario confirmar la asistencia a trav\u00e9s de la web del Col\u00b7legi (<a href=\"http:\/\/www.elcol-legi.org\/\" target=\"_blank\" rel=\"noopener\" data-saferedirecturl=\"https:\/\/www.google.com\/url?q=http:\/\/www.elcol-legi.org&amp;source=gmail&amp;ust=1735756040210000&amp;usg=AOvVaw1OrrYuVl5JDnuoYyUX0DpG\">www.elcol-legi.org<\/a>) y detallar la edad de los ni\u00f1os para que la elecci\u00f3n y distribuci\u00f3n de los regalos sea correcta. \u00a1Todav\u00eda est\u00e1s a tiempo![\/vc_column_text][vc_row_inner][vc_column_inner width=&#8221;1\/6&#8243;][\/vc_column_inner][vc_column_inner width=&#8221;1\/6&#8243;][\/vc_column_inner][vc_column_inner width=&#8221;1\/6&#8243;][\/vc_column_inner][vc_column_inner width=&#8221;1\/6&#8243;][\/vc_column_inner][\/vc_row_inner][\/vc_column][vc_column width=&#8221;1\/4&#8243;][stm_spacing lg_spacing=&#8221;50&#8243; md_spacing=&#8221;50&#8243; sm_spacing=&#8221;50&#8243; xs_spacing=&#8221;50&#8243;][vc_column_text]<\/p>\n<h2>\u00daltimas noticias<\/h2>\n<p>[\/vc_column_text][stm_news loop=&#8221;size:4|order_by:date|order:DESC|post_type:post|categories:8&#8243; posts_per_row=&#8221;2&#8243;][\/vc_column][\/vc_row]<\/p>\n<\/div>","protected":false},"excerpt":{"rendered":"<p>[vc_row][vc_column width=&#8221;3\/4&#8243;][vc_column_text css=&#8221;&#8221;] Fiesta Infantil Los Reyes ya est\u00e1n aqu\u00ed [\/vc_column_text][stm_spacing lg_spacing=&#8221;6&#8243; md_spacing=&#8221;6&#8243; sm_spacing=&#8221;6&#8243; xs_spacing=&#8221;6&#8243;][vc_column_text css=&#8221;&#8221;]El 2 de enero se celebra la tradicional fiesta infantil en el Col\u00b7legi[\/vc_column_text][vc_single_image source=&#8221;featured_image&#8221; img_size=&#8221;850&#215;350&#8243;][vc_column_text css=&#8221;.vc_custom_1735669959110{margin-bottom: 20px !important;}&#8221;]Los Reyes Magos est\u00e1n muy cerca y ya falta poco para que llenen de regalos las casas de todos los ni\u00f1os. Hoy, 2<\/p>\n","protected":false},"author":562,"featured_media":21016,"comment_status":"closed","ping_status":"open","sticky":false,"template":"","format":"standard","meta":{"footnotes":""},"categories":[9],"tags":[161,1867,2011],"class_list":["post-21020","post","type-post","status-publish","format-standard","has-post-thumbnail","hentry","category-es-noticias","tag-mediarionews","tag-mn","tag-mn263-es"],"yoast_head":"<!-- This site is optimized with the Yoast SEO plugin v27.5 - https:\/\/yoast.com\/product\/yoast-seo-wordpress\/ -->\n<title>Los Reyes ya est\u00e1n aqu\u00ed - Col-legi de Mediadors d&#039;Assegurances de Barcelona<\/title>\n<meta name=\"robots\" content=\"index, follow, max-snippet:-1, max-image-preview:large, max-video-preview:-1\" \/>\n<link rel=\"canonical\" href=\"https:\/\/www.elcol-legi.org\/w\/es\/els-reis-ja-son-aqui\/\" \/>\n<meta property=\"og:locale\" content=\"es_ES\" \/>\n<meta property=\"og:type\" content=\"article\" \/>\n<meta property=\"og:title\" content=\"Los Reyes ya est\u00e1n aqu\u00ed - Col-legi de Mediadors d&#039;Assegurances de Barcelona\" \/>\n<meta property=\"og:description\" content=\"[vc_row][vc_column width=&#8221;3\/4&#8243;][vc_column_text css=&#8221;&#8221;] Fiesta Infantil Los Reyes ya est\u00e1n aqu\u00ed [\/vc_column_text][stm_spacing lg_spacing=&#8221;6&#8243; md_spacing=&#8221;6&#8243; sm_spacing=&#8221;6&#8243; xs_spacing=&#8221;6&#8243;][vc_column_text css=&#8221;&#8221;]El 2 de enero se celebra la tradicional fiesta infantil en el Col\u00b7legi[\/vc_column_text][vc_single_image source=&#8221;featured_image&#8221; img_size=&#8221;850&#215;350&#8243;][vc_column_text css=&#8221;.vc_custom_1735669959110{margin-bottom: 20px !important;}&#8221;]Los Reyes Magos est\u00e1n muy cerca y ya falta poco para que llenen de regalos las casas de todos los ni\u00f1os. Hoy, 2\" \/>\n<meta property=\"og:url\" content=\"https:\/\/www.elcol-legi.org\/w\/es\/els-reis-ja-son-aqui\/\" \/>\n<meta property=\"og:site_name\" content=\"Col-legi de Mediadors d&#039;Assegurances de Barcelona\" \/>\n<meta property=\"article:published_time\" content=\"2024-12-31T18:32:52+00:00\" \/>\n<meta property=\"article:modified_time\" content=\"2024-12-31T18:39:00+00:00\" \/>\n<meta property=\"og:image\" content=\"https:\/\/www.elcol-legi.org\/w\/wp-content\/uploads\/2024\/12\/festa-infantill-2024-e1735670121374.jpg\" \/>\n\t<meta property=\"og:image:width\" content=\"1080\" \/>\n\t<meta property=\"og:image:height\" content=\"1920\" \/>\n\t<meta property=\"og:image:type\" content=\"image\/jpeg\" \/>\n<meta name=\"author\" content=\"Marc Alcaraz\" \/>\n<meta name=\"twitter:card\" content=\"summary_large_image\" \/>\n<meta name=\"twitter:label1\" content=\"Escrito por\" \/>\n\t<meta name=\"twitter:data1\" content=\"Marc Alcaraz\" \/>\n\t<meta name=\"twitter:label2\" content=\"Tiempo de lectura\" \/>\n\t<meta name=\"twitter:data2\" content=\"2 minutos\" \/>\n<script type=\"application\/ld+json\" class=\"yoast-schema-graph\">{\"@context\":\"https:\\\/\\\/schema.org\",\"@graph\":[{\"@type\":\"Article\",\"@id\":\"https:\\\/\\\/www.elcol-legi.org\\\/w\\\/es\\\/els-reis-ja-son-aqui\\\/#article\",\"isPartOf\":{\"@id\":\"https:\\\/\\\/www.elcol-legi.org\\\/w\\\/es\\\/els-reis-ja-son-aqui\\\/\"},\"author\":{\"name\":\"Marc Alcaraz\",\"@id\":\"https:\\\/\\\/www.elcol-legi.org\\\/w\\\/es\\\/#\\\/schema\\\/person\\\/4283d40fbd72a940d5fff484fe5ec410\"},\"headline\":\"Los Reyes ya est\u00e1n aqu\u00ed\",\"datePublished\":\"2024-12-31T18:32:52+00:00\",\"dateModified\":\"2024-12-31T18:39:00+00:00\",\"mainEntityOfPage\":{\"@id\":\"https:\\\/\\\/www.elcol-legi.org\\\/w\\\/es\\\/els-reis-ja-son-aqui\\\/\"},\"wordCount\":415,\"image\":{\"@id\":\"https:\\\/\\\/www.elcol-legi.org\\\/w\\\/es\\\/els-reis-ja-son-aqui\\\/#primaryimage\"},\"thumbnailUrl\":\"https:\\\/\\\/www.elcol-legi.org\\\/w\\\/wp-content\\\/uploads\\\/2024\\\/12\\\/festa-infantill-2024-e1735670121374.jpg\",\"keywords\":[\"MediarioNews\",\"MN\",\"MN263\"],\"articleSection\":[\"Noticias\"],\"inLanguage\":\"es\"},{\"@type\":\"WebPage\",\"@id\":\"https:\\\/\\\/www.elcol-legi.org\\\/w\\\/es\\\/els-reis-ja-son-aqui\\\/\",\"url\":\"https:\\\/\\\/www.elcol-legi.org\\\/w\\\/es\\\/els-reis-ja-son-aqui\\\/\",\"name\":\"Los Reyes ya est\u00e1n aqu\u00ed - Col-legi de Mediadors d&#039;Assegurances de Barcelona\",\"isPartOf\":{\"@id\":\"https:\\\/\\\/www.elcol-legi.org\\\/w\\\/es\\\/#website\"},\"primaryImageOfPage\":{\"@id\":\"https:\\\/\\\/www.elcol-legi.org\\\/w\\\/es\\\/els-reis-ja-son-aqui\\\/#primaryimage\"},\"image\":{\"@id\":\"https:\\\/\\\/www.elcol-legi.org\\\/w\\\/es\\\/els-reis-ja-son-aqui\\\/#primaryimage\"},\"thumbnailUrl\":\"https:\\\/\\\/www.elcol-legi.org\\\/w\\\/wp-content\\\/uploads\\\/2024\\\/12\\\/festa-infantill-2024-e1735670121374.jpg\",\"datePublished\":\"2024-12-31T18:32:52+00:00\",\"dateModified\":\"2024-12-31T18:39:00+00:00\",\"author\":{\"@id\":\"https:\\\/\\\/www.elcol-legi.org\\\/w\\\/es\\\/#\\\/schema\\\/person\\\/4283d40fbd72a940d5fff484fe5ec410\"},\"breadcrumb\":{\"@id\":\"https:\\\/\\\/www.elcol-legi.org\\\/w\\\/es\\\/els-reis-ja-son-aqui\\\/#breadcrumb\"},\"inLanguage\":\"es\",\"potentialAction\":[{\"@type\":\"ReadAction\",\"target\":[\"https:\\\/\\\/www.elcol-legi.org\\\/w\\\/es\\\/els-reis-ja-son-aqui\\\/\"]}]},{\"@type\":\"ImageObject\",\"inLanguage\":\"es\",\"@id\":\"https:\\\/\\\/www.elcol-legi.org\\\/w\\\/es\\\/els-reis-ja-son-aqui\\\/#primaryimage\",\"url\":\"https:\\\/\\\/www.elcol-legi.org\\\/w\\\/wp-content\\\/uploads\\\/2024\\\/12\\\/festa-infantill-2024-e1735670121374.jpg\",\"contentUrl\":\"https:\\\/\\\/www.elcol-legi.org\\\/w\\\/wp-content\\\/uploads\\\/2024\\\/12\\\/festa-infantill-2024-e1735670121374.jpg\",\"width\":1080,\"height\":1920},{\"@type\":\"BreadcrumbList\",\"@id\":\"https:\\\/\\\/www.elcol-legi.org\\\/w\\\/es\\\/els-reis-ja-son-aqui\\\/#breadcrumb\",\"itemListElement\":[{\"@type\":\"ListItem\",\"position\":1,\"name\":\"Inici\",\"item\":\"https:\\\/\\\/www.elcol-legi.org\\\/w\\\/es\\\/\"},{\"@type\":\"ListItem\",\"position\":2,\"name\":\"Los Reyes ya est\u00e1n aqu\u00ed\"}]},{\"@type\":\"WebSite\",\"@id\":\"https:\\\/\\\/www.elcol-legi.org\\\/w\\\/es\\\/#website\",\"url\":\"https:\\\/\\\/www.elcol-legi.org\\\/w\\\/es\\\/\",\"name\":\"Col-legi de Mediadors d&#039;Assegurances de Barcelona\",\"description\":\"Support al mediador d&#039;assegurances\",\"potentialAction\":[{\"@type\":\"SearchAction\",\"target\":{\"@type\":\"EntryPoint\",\"urlTemplate\":\"https:\\\/\\\/www.elcol-legi.org\\\/w\\\/es\\\/?s={search_term_string}\"},\"query-input\":{\"@type\":\"PropertyValueSpecification\",\"valueRequired\":true,\"valueName\":\"search_term_string\"}}],\"inLanguage\":\"es\"},{\"@type\":\"Person\",\"@id\":\"https:\\\/\\\/www.elcol-legi.org\\\/w\\\/es\\\/#\\\/schema\\\/person\\\/4283d40fbd72a940d5fff484fe5ec410\",\"name\":\"Marc Alcaraz\",\"image\":{\"@type\":\"ImageObject\",\"inLanguage\":\"es\",\"@id\":\"https:\\\/\\\/secure.gravatar.com\\\/avatar\\\/e5dee642a130a369f4e8f5fe2d78526e99d5506f34de2f80b7994e63dc58d1b0?s=96&d=mm&r=g\",\"url\":\"https:\\\/\\\/secure.gravatar.com\\\/avatar\\\/e5dee642a130a369f4e8f5fe2d78526e99d5506f34de2f80b7994e63dc58d1b0?s=96&d=mm&r=g\",\"contentUrl\":\"https:\\\/\\\/secure.gravatar.com\\\/avatar\\\/e5dee642a130a369f4e8f5fe2d78526e99d5506f34de2f80b7994e63dc58d1b0?s=96&d=mm&r=g\",\"caption\":\"Marc Alcaraz\"},\"url\":\"https:\\\/\\\/www.elcol-legi.org\\\/w\\\/es\\\/author\\\/efreire\\\/\"}]}<\/script>\n<!-- \/ Yoast SEO plugin. -->","yoast_head_json":{"title":"Los Reyes ya est\u00e1n aqu\u00ed - Col-legi de Mediadors d&#039;Assegurances de Barcelona","robots":{"index":"index","follow":"follow","max-snippet":"max-snippet:-1","max-image-preview":"max-image-preview:large","max-video-preview":"max-video-preview:-1"},"canonical":"https:\/\/www.elcol-legi.org\/w\/es\/els-reis-ja-son-aqui\/","og_locale":"es_ES","og_type":"article","og_title":"Los Reyes ya est\u00e1n aqu\u00ed - Col-legi de Mediadors d&#039;Assegurances de Barcelona","og_description":"[vc_row][vc_column width=&#8221;3\/4&#8243;][vc_column_text css=&#8221;&#8221;] Fiesta Infantil Los Reyes ya est\u00e1n aqu\u00ed [\/vc_column_text][stm_spacing lg_spacing=&#8221;6&#8243; md_spacing=&#8221;6&#8243; sm_spacing=&#8221;6&#8243; xs_spacing=&#8221;6&#8243;][vc_column_text css=&#8221;&#8221;]El 2 de enero se celebra la tradicional fiesta infantil en el Col\u00b7legi[\/vc_column_text][vc_single_image source=&#8221;featured_image&#8221; img_size=&#8221;850&#215;350&#8243;][vc_column_text css=&#8221;.vc_custom_1735669959110{margin-bottom: 20px !important;}&#8221;]Los Reyes Magos est\u00e1n muy cerca y ya falta poco para que llenen de regalos las casas de todos los ni\u00f1os. Hoy, 2","og_url":"https:\/\/www.elcol-legi.org\/w\/es\/els-reis-ja-son-aqui\/","og_site_name":"Col-legi de Mediadors d&#039;Assegurances de Barcelona","article_published_time":"2024-12-31T18:32:52+00:00","article_modified_time":"2024-12-31T18:39:00+00:00","og_image":[{"width":1080,"height":1920,"url":"https:\/\/www.elcol-legi.org\/w\/wp-content\/uploads\/2024\/12\/festa-infantill-2024-e1735670121374.jpg","type":"image\/jpeg"}],"author":"Marc Alcaraz","twitter_card":"summary_large_image","twitter_misc":{"Escrito por":"Marc Alcaraz","Tiempo de lectura":"2 minutos"},"schema":{"@context":"https:\/\/schema.org","@graph":[{"@type":"Article","@id":"https:\/\/www.elcol-legi.org\/w\/es\/els-reis-ja-son-aqui\/#article","isPartOf":{"@id":"https:\/\/www.elcol-legi.org\/w\/es\/els-reis-ja-son-aqui\/"},"author":{"name":"Marc Alcaraz","@id":"https:\/\/www.elcol-legi.org\/w\/es\/#\/schema\/person\/4283d40fbd72a940d5fff484fe5ec410"},"headline":"Los Reyes ya est\u00e1n aqu\u00ed","datePublished":"2024-12-31T18:32:52+00:00","dateModified":"2024-12-31T18:39:00+00:00","mainEntityOfPage":{"@id":"https:\/\/www.elcol-legi.org\/w\/es\/els-reis-ja-son-aqui\/"},"wordCount":415,"image":{"@id":"https:\/\/www.elcol-legi.org\/w\/es\/els-reis-ja-son-aqui\/#primaryimage"},"thumbnailUrl":"https:\/\/www.elcol-legi.org\/w\/wp-content\/uploads\/2024\/12\/festa-infantill-2024-e1735670121374.jpg","keywords":["MediarioNews","MN","MN263"],"articleSection":["Noticias"],"inLanguage":"es"},{"@type":"WebPage","@id":"https:\/\/www.elcol-legi.org\/w\/es\/els-reis-ja-son-aqui\/","url":"https:\/\/www.elcol-legi.org\/w\/es\/els-reis-ja-son-aqui\/","name":"Los Reyes ya est\u00e1n aqu\u00ed - Col-legi de Mediadors d&#039;Assegurances de Barcelona","isPartOf":{"@id":"https:\/\/www.elcol-legi.org\/w\/es\/#website"},"primaryImageOfPage":{"@id":"https:\/\/www.elcol-legi.org\/w\/es\/els-reis-ja-son-aqui\/#primaryimage"},"image":{"@id":"https:\/\/www.elcol-legi.org\/w\/es\/els-reis-ja-son-aqui\/#primaryimage"},"thumbnailUrl":"https:\/\/www.elcol-legi.org\/w\/wp-content\/uploads\/2024\/12\/festa-infantill-2024-e1735670121374.jpg","datePublished":"2024-12-31T18:32:52+00:00","dateModified":"2024-12-31T18:39:00+00:00","author":{"@id":"https:\/\/www.elcol-legi.org\/w\/es\/#\/schema\/person\/4283d40fbd72a940d5fff484fe5ec410"},"breadcrumb":{"@id":"https:\/\/www.elcol-legi.org\/w\/es\/els-reis-ja-son-aqui\/#breadcrumb"},"inLanguage":"es","potentialAction":[{"@type":"ReadAction","target":["https:\/\/www.elcol-legi.org\/w\/es\/els-reis-ja-son-aqui\/"]}]},{"@type":"ImageObject","inLanguage":"es","@id":"https:\/\/www.elcol-legi.org\/w\/es\/els-reis-ja-son-aqui\/#primaryimage","url":"https:\/\/www.elcol-legi.org\/w\/wp-content\/uploads\/2024\/12\/festa-infantill-2024-e1735670121374.jpg","contentUrl":"https:\/\/www.elcol-legi.org\/w\/wp-content\/uploads\/2024\/12\/festa-infantill-2024-e1735670121374.jpg","width":1080,"height":1920},{"@type":"BreadcrumbList","@id":"https:\/\/www.elcol-legi.org\/w\/es\/els-reis-ja-son-aqui\/#breadcrumb","itemListElement":[{"@type":"ListItem","position":1,"name":"Inici","item":"https:\/\/www.elcol-legi.org\/w\/es\/"},{"@type":"ListItem","position":2,"name":"Los Reyes ya est\u00e1n aqu\u00ed"}]},{"@type":"WebSite","@id":"https:\/\/www.elcol-legi.org\/w\/es\/#website","url":"https:\/\/www.elcol-legi.org\/w\/es\/","name":"Col-legi de Mediadors d&#039;Assegurances de Barcelona","description":"Support al mediador d&#039;assegurances","potentialAction":[{"@type":"SearchAction","target":{"@type":"EntryPoint","urlTemplate":"https:\/\/www.elcol-legi.org\/w\/es\/?s={search_term_string}"},"query-input":{"@type":"PropertyValueSpecification","valueRequired":true,"valueName":"search_term_string"}}],"inLanguage":"es"},{"@type":"Person","@id":"https:\/\/www.elcol-legi.org\/w\/es\/#\/schema\/person\/4283d40fbd72a940d5fff484fe5ec410","name":"Marc Alcaraz","image":{"@type":"ImageObject","inLanguage":"es","@id":"https:\/\/secure.gravatar.com\/avatar\/e5dee642a130a369f4e8f5fe2d78526e99d5506f34de2f80b7994e63dc58d1b0?s=96&d=mm&r=g","url":"https:\/\/secure.gravatar.com\/avatar\/e5dee642a130a369f4e8f5fe2d78526e99d5506f34de2f80b7994e63dc58d1b0?s=96&d=mm&r=g","contentUrl":"https:\/\/secure.gravatar.com\/avatar\/e5dee642a130a369f4e8f5fe2d78526e99d5506f34de2f80b7994e63dc58d1b0?s=96&d=mm&r=g","caption":"Marc Alcaraz"},"url":"https:\/\/www.elcol-legi.org\/w\/es\/author\/efreire\/"}]}},"_links":{"self":[{"href":"https:\/\/www.elcol-legi.org\/w\/es\/wp-json\/wp\/v2\/posts\/21020","targetHints":{"allow":["GET"]}}],"collection":[{"href":"https:\/\/www.elcol-legi.org\/w\/es\/wp-json\/wp\/v2\/posts"}],"about":[{"href":"https:\/\/www.elcol-legi.org\/w\/es\/wp-json\/wp\/v2\/types\/post"}],"author":[{"embeddable":true,"href":"https:\/\/www.elcol-legi.org\/w\/es\/wp-json\/wp\/v2\/users\/562"}],"replies":[{"embeddable":true,"href":"https:\/\/www.elcol-legi.org\/w\/es\/wp-json\/wp\/v2\/comments?post=21020"}],"version-history":[{"count":5,"href":"https:\/\/www.elcol-legi.org\/w\/es\/wp-json\/wp\/v2\/posts\/21020\/revisions"}],"predecessor-version":[{"id":21026,"href":"https:\/\/www.elcol-legi.org\/w\/es\/wp-json\/wp\/v2\/posts\/21020\/revisions\/21026"}],"wp:featuredmedia":[{"embeddable":true,"href":"https:\/\/www.elcol-legi.org\/w\/es\/wp-json\/wp\/v2\/media\/21016"}],"wp:attachment":[{"href":"https:\/\/www.elcol-legi.org\/w\/es\/wp-json\/wp\/v2\/media?parent=21020"}],"wp:term":[{"taxonomy":"category","embeddable":true,"href":"https:\/\/www.elcol-legi.org\/w\/es\/wp-json\/wp\/v2\/categories?post=21020"},{"taxonomy":"post_tag","embeddable":true,"href":"https:\/\/www.elcol-legi.org\/w\/es\/wp-json\/wp\/v2\/tags?post=21020"}],"curies":[{"name":"wp","href":"https:\/\/api.w.org\/{rel}","templated":true}]}}