{"id":24970,"date":"2025-10-01T13:09:04","date_gmt":"2025-10-01T11:09:04","guid":{"rendered":"https:\/\/www.elcol-legi.org\/w\/no-lo-dejes-pasar-y-haz-que-tu-carrera-despegue\/"},"modified":"2025-10-01T13:31:30","modified_gmt":"2025-10-01T11:31:30","slug":"no-lo-dejes-pasar-y-haz-que-tu-carrera-despegue","status":"publish","type":"post","link":"https:\/\/www.elcol-legi.org\/w\/es\/no-lo-dejes-pasar-y-haz-que-tu-carrera-despegue\/","title":{"rendered":"\u00a1No lo dejes pasar y haz que tu carrera despegue!"},"content":{"rendered":"<div class=\"wpb-content-wrapper\"><p>[vc_row][vc_column width=&#8221;3\/4&#8243;][vc_column_text css=&#8221;&#8221;]<\/p>\n<h2><strong>\u00a1No lo dejes pasar y haz que tu carrera despegue!<\/strong><\/h2>\n<p>[\/vc_column_text][stm_spacing lg_spacing=&#8221;6&#8243; md_spacing=&#8221;6&#8243; sm_spacing=&#8221;6&#8243; xs_spacing=&#8221;6&#8243;][vc_column_text css=&#8221;&#8221;]<em>El \u00fanico M\u00e1ster que te garantiza tres t\u00edtulos, en la recta final del periodo de inscripci\u00f3n<\/em>[\/vc_column_text][vc_single_image source=&#8221;featured_image&#8221; img_size=&#8221;850&#215;350&#8243;][vc_column_text css=&#8221;.vc_custom_1759316655288{margin-bottom: 20px !important;}&#8221;]Quedan pocos d\u00edas para que comiencen las clases de un curso que har\u00e1 que tu carrera profesional suba de nivel y despegue definitivamente. Si quieres dar un salto en tu trayectoria y convertirte en un referente del sector asegurador, el camino adecuado es cursar el <strong>M\u00e1ster en Gesti\u00f3n de Empresas de Mediaci\u00f3n de Seguros<\/strong>. Es el \u00fanico programa educativo del sector que te garantiza <strong>\u00a1tres t\u00edtulos en uno!<\/strong>:<\/p>\n<ul>\n<li>M\u00e1ster en Gesti\u00f3n de Empresas de Mediaci\u00f3n<\/li>\n<li>Nivel 1 oficial para distribuir seguros<\/li>\n<li>Gerencia de riesgos<\/li>\n<\/ul>\n<p>Ser\u00e1n nueve meses en los que aprender\u00e1s muchas materias. De octubre de 2025 a julio de 2026 vivir\u00e1s una experiencia formativa \u00fanica: ser\u00e1n nueve meses que transformar\u00e1n tu perfil profesional y te preparar\u00e1n para los grandes retos del sector: digitalizaci\u00f3n, competencia creciente y clientes cada vez m\u00e1s exigentes.<\/p>\n<p><strong>\u00bfPor qu\u00e9 es un curso diferente?<\/strong><\/p>\n<ul>\n<li><strong>Contenidos de gran valor:<\/strong> estrategia, gesti\u00f3n empresarial, digitalizaci\u00f3n y gerencia de riesgos.<\/li>\n<li><strong>Metodolog\u00eda comprobada:<\/strong> combinaci\u00f3n de clases presenciales y en l\u00ednea, para que se adapte a tus necesidades.<\/li>\n<li><strong>Networking garantizado:<\/strong> conecta con otros profesionales y multiplica tus oportunidades.<\/li>\n<li><strong>Formaci\u00f3n integral:<\/strong> incluye la mejora de las habilidades directivas y potencia la visi\u00f3n estrat\u00e9gica para anticiparte al futuro.<\/li>\n<\/ul>\n<p>Adem\u00e1s, la especializaci\u00f3n en <strong>gerencia de riesgos<\/strong> te capacitar\u00e1 para identificar, valorar y tratar riesgos en cualquier organizaci\u00f3n. Una ventaja competitiva muy demandada.<\/p>\n<p><strong>Plazas limitadas. \u00a1No dejes escapar esta gran oportunidad!<\/strong><\/p>\n<p>M\u00e1s informaci\u00f3n e inscripciones: <a href=\"http:\/\/www.mastercmab.com\/\">www.mastercmab.com<br \/>\n<\/a><br \/>\n<a href=\"mailto:gemma.rodriguez@elcol-legi.org\">gemma.rodriguez@elcol-legi.org<br \/>\n<\/a> | \ud83d\udcde 932 153 223<\/p>\n<p>Da el salto y convi\u00e9rtete en un mediador preparado para el futuro.[\/vc_column_text][vc_row_inner][vc_column_inner width=&#8221;1\/6&#8243;][\/vc_column_inner][vc_column_inner width=&#8221;1\/6&#8243;][\/vc_column_inner][vc_column_inner width=&#8221;1\/6&#8243;][\/vc_column_inner][vc_column_inner width=&#8221;1\/6&#8243;][\/vc_column_inner][\/vc_row_inner][\/vc_column][vc_column width=&#8221;1\/4&#8243;][stm_spacing lg_spacing=&#8221;50&#8243; md_spacing=&#8221;50&#8243; sm_spacing=&#8221;50&#8243; xs_spacing=&#8221;50&#8243;][vc_column_text]<\/p>\n<h2>\u00daltimas noticias<\/h2>\n<p>[\/vc_column_text][stm_news loop=&#8221;size:4|order_by:date|order:DESC|post_type:post|categories:8&#8243; posts_per_row=&#8221;2&#8243;][\/vc_column][\/vc_row]<\/p>\n<\/div>","protected":false},"excerpt":{"rendered":"<p>[vc_row][vc_column width=&#8221;3\/4&#8243;][vc_column_text css=&#8221;&#8221;] \u00a1No lo dejes pasar y haz que tu carrera despegue! [\/vc_column_text][stm_spacing lg_spacing=&#8221;6&#8243; md_spacing=&#8221;6&#8243; sm_spacing=&#8221;6&#8243; xs_spacing=&#8221;6&#8243;][vc_column_text css=&#8221;&#8221;]El \u00fanico M\u00e1ster que te garantiza tres t\u00edtulos, en la recta final del periodo de inscripci\u00f3n[\/vc_column_text][vc_single_image source=&#8221;featured_image&#8221; img_size=&#8221;850&#215;350&#8243;][vc_column_text css=&#8221;.vc_custom_1759316655288{margin-bottom: 20px !important;}&#8221;]Quedan pocos d\u00edas para que comiencen las clases de un curso que har\u00e1 que tu carrera profesional<\/p>\n","protected":false},"author":4,"featured_media":24968,"comment_status":"closed","ping_status":"open","sticky":false,"template":"","format":"standard","meta":{"footnotes":""},"categories":[9],"tags":[161,1867,2089],"class_list":["post-24970","post","type-post","status-publish","format-standard","has-post-thumbnail","hentry","category-es-noticias","tag-mediarionews","tag-mn","tag-mn283-es"],"yoast_head":"<!-- This site is optimized with the Yoast SEO plugin v27.5 - https:\/\/yoast.com\/product\/yoast-seo-wordpress\/ -->\n<title>\u00a1No lo dejes pasar y haz que tu carrera despegue! - Col-legi de Mediadors d&#039;Assegurances de Barcelona<\/title>\n<meta name=\"robots\" content=\"index, follow, max-snippet:-1, max-image-preview:large, max-video-preview:-1\" \/>\n<link rel=\"canonical\" href=\"https:\/\/www.elcol-legi.org\/w\/es\/no-lo-dejes-pasar-y-haz-que-tu-carrera-despegue\/\" \/>\n<meta property=\"og:locale\" content=\"es_ES\" \/>\n<meta property=\"og:type\" content=\"article\" \/>\n<meta property=\"og:title\" content=\"\u00a1No lo dejes pasar y haz que tu carrera despegue! - Col-legi de Mediadors d&#039;Assegurances de Barcelona\" \/>\n<meta property=\"og:description\" content=\"[vc_row][vc_column width=&#8221;3\/4&#8243;][vc_column_text css=&#8221;&#8221;] \u00a1No lo dejes pasar y haz que tu carrera despegue! [\/vc_column_text][stm_spacing lg_spacing=&#8221;6&#8243; md_spacing=&#8221;6&#8243; sm_spacing=&#8221;6&#8243; xs_spacing=&#8221;6&#8243;][vc_column_text css=&#8221;&#8221;]El \u00fanico M\u00e1ster que te garantiza tres t\u00edtulos, en la recta final del periodo de inscripci\u00f3n[\/vc_column_text][vc_single_image source=&#8221;featured_image&#8221; img_size=&#8221;850&#215;350&#8243;][vc_column_text css=&#8221;.vc_custom_1759316655288{margin-bottom: 20px !important;}&#8221;]Quedan pocos d\u00edas para que comiencen las clases de un curso que har\u00e1 que tu carrera profesional\" \/>\n<meta property=\"og:url\" content=\"https:\/\/www.elcol-legi.org\/w\/es\/no-lo-dejes-pasar-y-haz-que-tu-carrera-despegue\/\" \/>\n<meta property=\"og:site_name\" content=\"Col-legi de Mediadors d&#039;Assegurances de Barcelona\" \/>\n<meta property=\"article:published_time\" content=\"2025-10-01T11:09:04+00:00\" \/>\n<meta property=\"article:modified_time\" content=\"2025-10-01T11:31:30+00:00\" \/>\n<meta property=\"og:image\" content=\"https:\/\/www.elcol-legi.org\/w\/wp-content\/uploads\/2025\/10\/formacio-aaron-burden-QJDzYT_K8Xg-unsplash-scaled.jpg\" \/>\n\t<meta property=\"og:image:width\" content=\"2560\" \/>\n\t<meta property=\"og:image:height\" content=\"1922\" \/>\n\t<meta property=\"og:image:type\" content=\"image\/jpeg\" \/>\n<meta name=\"author\" content=\"elcol-legi\" \/>\n<meta name=\"twitter:card\" content=\"summary_large_image\" \/>\n<meta name=\"twitter:label1\" content=\"Escrito por\" \/>\n\t<meta name=\"twitter:data1\" content=\"elcol-legi\" \/>\n\t<meta name=\"twitter:label2\" content=\"Tiempo de lectura\" \/>\n\t<meta name=\"twitter:data2\" content=\"2 minutos\" \/>\n<script type=\"application\/ld+json\" class=\"yoast-schema-graph\">{\"@context\":\"https:\\\/\\\/schema.org\",\"@graph\":[{\"@type\":\"Article\",\"@id\":\"https:\\\/\\\/www.elcol-legi.org\\\/w\\\/es\\\/no-lo-dejes-pasar-y-haz-que-tu-carrera-despegue\\\/#article\",\"isPartOf\":{\"@id\":\"https:\\\/\\\/www.elcol-legi.org\\\/w\\\/es\\\/no-lo-dejes-pasar-y-haz-que-tu-carrera-despegue\\\/\"},\"author\":{\"name\":\"elcol-legi\",\"@id\":\"https:\\\/\\\/www.elcol-legi.org\\\/w\\\/es\\\/#\\\/schema\\\/person\\\/3343cfd033c3a8d7e0c36456d010b6f1\"},\"headline\":\"\u00a1No lo dejes pasar y haz que tu carrera despegue!\",\"datePublished\":\"2025-10-01T11:09:04+00:00\",\"dateModified\":\"2025-10-01T11:31:30+00:00\",\"mainEntityOfPage\":{\"@id\":\"https:\\\/\\\/www.elcol-legi.org\\\/w\\\/es\\\/no-lo-dejes-pasar-y-haz-que-tu-carrera-despegue\\\/\"},\"wordCount\":441,\"image\":{\"@id\":\"https:\\\/\\\/www.elcol-legi.org\\\/w\\\/es\\\/no-lo-dejes-pasar-y-haz-que-tu-carrera-despegue\\\/#primaryimage\"},\"thumbnailUrl\":\"https:\\\/\\\/www.elcol-legi.org\\\/w\\\/wp-content\\\/uploads\\\/2025\\\/10\\\/formacio-aaron-burden-QJDzYT_K8Xg-unsplash-scaled.jpg\",\"keywords\":[\"MediarioNews\",\"MN\",\"MN283\"],\"articleSection\":[\"Noticias\"],\"inLanguage\":\"es\"},{\"@type\":\"WebPage\",\"@id\":\"https:\\\/\\\/www.elcol-legi.org\\\/w\\\/es\\\/no-lo-dejes-pasar-y-haz-que-tu-carrera-despegue\\\/\",\"url\":\"https:\\\/\\\/www.elcol-legi.org\\\/w\\\/es\\\/no-lo-dejes-pasar-y-haz-que-tu-carrera-despegue\\\/\",\"name\":\"\u00a1No lo dejes pasar y haz que tu carrera despegue! - Col-legi de Mediadors d&#039;Assegurances de Barcelona\",\"isPartOf\":{\"@id\":\"https:\\\/\\\/www.elcol-legi.org\\\/w\\\/es\\\/#website\"},\"primaryImageOfPage\":{\"@id\":\"https:\\\/\\\/www.elcol-legi.org\\\/w\\\/es\\\/no-lo-dejes-pasar-y-haz-que-tu-carrera-despegue\\\/#primaryimage\"},\"image\":{\"@id\":\"https:\\\/\\\/www.elcol-legi.org\\\/w\\\/es\\\/no-lo-dejes-pasar-y-haz-que-tu-carrera-despegue\\\/#primaryimage\"},\"thumbnailUrl\":\"https:\\\/\\\/www.elcol-legi.org\\\/w\\\/wp-content\\\/uploads\\\/2025\\\/10\\\/formacio-aaron-burden-QJDzYT_K8Xg-unsplash-scaled.jpg\",\"datePublished\":\"2025-10-01T11:09:04+00:00\",\"dateModified\":\"2025-10-01T11:31:30+00:00\",\"author\":{\"@id\":\"https:\\\/\\\/www.elcol-legi.org\\\/w\\\/es\\\/#\\\/schema\\\/person\\\/3343cfd033c3a8d7e0c36456d010b6f1\"},\"breadcrumb\":{\"@id\":\"https:\\\/\\\/www.elcol-legi.org\\\/w\\\/es\\\/no-lo-dejes-pasar-y-haz-que-tu-carrera-despegue\\\/#breadcrumb\"},\"inLanguage\":\"es\",\"potentialAction\":[{\"@type\":\"ReadAction\",\"target\":[\"https:\\\/\\\/www.elcol-legi.org\\\/w\\\/es\\\/no-lo-dejes-pasar-y-haz-que-tu-carrera-despegue\\\/\"]}]},{\"@type\":\"ImageObject\",\"inLanguage\":\"es\",\"@id\":\"https:\\\/\\\/www.elcol-legi.org\\\/w\\\/es\\\/no-lo-dejes-pasar-y-haz-que-tu-carrera-despegue\\\/#primaryimage\",\"url\":\"https:\\\/\\\/www.elcol-legi.org\\\/w\\\/wp-content\\\/uploads\\\/2025\\\/10\\\/formacio-aaron-burden-QJDzYT_K8Xg-unsplash-scaled.jpg\",\"contentUrl\":\"https:\\\/\\\/www.elcol-legi.org\\\/w\\\/wp-content\\\/uploads\\\/2025\\\/10\\\/formacio-aaron-burden-QJDzYT_K8Xg-unsplash-scaled.jpg\",\"width\":2560,\"height\":1922},{\"@type\":\"BreadcrumbList\",\"@id\":\"https:\\\/\\\/www.elcol-legi.org\\\/w\\\/es\\\/no-lo-dejes-pasar-y-haz-que-tu-carrera-despegue\\\/#breadcrumb\",\"itemListElement\":[{\"@type\":\"ListItem\",\"position\":1,\"name\":\"Inici\",\"item\":\"https:\\\/\\\/www.elcol-legi.org\\\/w\\\/es\\\/\"},{\"@type\":\"ListItem\",\"position\":2,\"name\":\"\u00a1No lo dejes pasar y haz que tu carrera despegue!\"}]},{\"@type\":\"WebSite\",\"@id\":\"https:\\\/\\\/www.elcol-legi.org\\\/w\\\/es\\\/#website\",\"url\":\"https:\\\/\\\/www.elcol-legi.org\\\/w\\\/es\\\/\",\"name\":\"Col-legi de Mediadors d&#039;Assegurances de Barcelona\",\"description\":\"Support al mediador d&#039;assegurances\",\"potentialAction\":[{\"@type\":\"SearchAction\",\"target\":{\"@type\":\"EntryPoint\",\"urlTemplate\":\"https:\\\/\\\/www.elcol-legi.org\\\/w\\\/es\\\/?s={search_term_string}\"},\"query-input\":{\"@type\":\"PropertyValueSpecification\",\"valueRequired\":true,\"valueName\":\"search_term_string\"}}],\"inLanguage\":\"es\"},{\"@type\":\"Person\",\"@id\":\"https:\\\/\\\/www.elcol-legi.org\\\/w\\\/es\\\/#\\\/schema\\\/person\\\/3343cfd033c3a8d7e0c36456d010b6f1\",\"name\":\"elcol-legi\",\"image\":{\"@type\":\"ImageObject\",\"inLanguage\":\"es\",\"@id\":\"https:\\\/\\\/secure.gravatar.com\\\/avatar\\\/c758b9fc3184253ca85702410660c40d503490c6329d11d16edf77528b999c3d?s=96&d=mm&r=g\",\"url\":\"https:\\\/\\\/secure.gravatar.com\\\/avatar\\\/c758b9fc3184253ca85702410660c40d503490c6329d11d16edf77528b999c3d?s=96&d=mm&r=g\",\"contentUrl\":\"https:\\\/\\\/secure.gravatar.com\\\/avatar\\\/c758b9fc3184253ca85702410660c40d503490c6329d11d16edf77528b999c3d?s=96&d=mm&r=g\",\"caption\":\"elcol-legi\"},\"url\":\"https:\\\/\\\/www.elcol-legi.org\\\/w\\\/es\\\/author\\\/elcol-legi\\\/\"}]}<\/script>\n<!-- \/ Yoast SEO plugin. -->","yoast_head_json":{"title":"\u00a1No lo dejes pasar y haz que tu carrera despegue! - Col-legi de Mediadors d&#039;Assegurances de Barcelona","robots":{"index":"index","follow":"follow","max-snippet":"max-snippet:-1","max-image-preview":"max-image-preview:large","max-video-preview":"max-video-preview:-1"},"canonical":"https:\/\/www.elcol-legi.org\/w\/es\/no-lo-dejes-pasar-y-haz-que-tu-carrera-despegue\/","og_locale":"es_ES","og_type":"article","og_title":"\u00a1No lo dejes pasar y haz que tu carrera despegue! - Col-legi de Mediadors d&#039;Assegurances de Barcelona","og_description":"[vc_row][vc_column width=&#8221;3\/4&#8243;][vc_column_text css=&#8221;&#8221;] \u00a1No lo dejes pasar y haz que tu carrera despegue! [\/vc_column_text][stm_spacing lg_spacing=&#8221;6&#8243; md_spacing=&#8221;6&#8243; sm_spacing=&#8221;6&#8243; xs_spacing=&#8221;6&#8243;][vc_column_text css=&#8221;&#8221;]El \u00fanico M\u00e1ster que te garantiza tres t\u00edtulos, en la recta final del periodo de inscripci\u00f3n[\/vc_column_text][vc_single_image source=&#8221;featured_image&#8221; img_size=&#8221;850&#215;350&#8243;][vc_column_text css=&#8221;.vc_custom_1759316655288{margin-bottom: 20px !important;}&#8221;]Quedan pocos d\u00edas para que comiencen las clases de un curso que har\u00e1 que tu carrera profesional","og_url":"https:\/\/www.elcol-legi.org\/w\/es\/no-lo-dejes-pasar-y-haz-que-tu-carrera-despegue\/","og_site_name":"Col-legi de Mediadors d&#039;Assegurances de Barcelona","article_published_time":"2025-10-01T11:09:04+00:00","article_modified_time":"2025-10-01T11:31:30+00:00","og_image":[{"width":2560,"height":1922,"url":"https:\/\/www.elcol-legi.org\/w\/wp-content\/uploads\/2025\/10\/formacio-aaron-burden-QJDzYT_K8Xg-unsplash-scaled.jpg","type":"image\/jpeg"}],"author":"elcol-legi","twitter_card":"summary_large_image","twitter_misc":{"Escrito por":"elcol-legi","Tiempo de lectura":"2 minutos"},"schema":{"@context":"https:\/\/schema.org","@graph":[{"@type":"Article","@id":"https:\/\/www.elcol-legi.org\/w\/es\/no-lo-dejes-pasar-y-haz-que-tu-carrera-despegue\/#article","isPartOf":{"@id":"https:\/\/www.elcol-legi.org\/w\/es\/no-lo-dejes-pasar-y-haz-que-tu-carrera-despegue\/"},"author":{"name":"elcol-legi","@id":"https:\/\/www.elcol-legi.org\/w\/es\/#\/schema\/person\/3343cfd033c3a8d7e0c36456d010b6f1"},"headline":"\u00a1No lo dejes pasar y haz que tu carrera despegue!","datePublished":"2025-10-01T11:09:04+00:00","dateModified":"2025-10-01T11:31:30+00:00","mainEntityOfPage":{"@id":"https:\/\/www.elcol-legi.org\/w\/es\/no-lo-dejes-pasar-y-haz-que-tu-carrera-despegue\/"},"wordCount":441,"image":{"@id":"https:\/\/www.elcol-legi.org\/w\/es\/no-lo-dejes-pasar-y-haz-que-tu-carrera-despegue\/#primaryimage"},"thumbnailUrl":"https:\/\/www.elcol-legi.org\/w\/wp-content\/uploads\/2025\/10\/formacio-aaron-burden-QJDzYT_K8Xg-unsplash-scaled.jpg","keywords":["MediarioNews","MN","MN283"],"articleSection":["Noticias"],"inLanguage":"es"},{"@type":"WebPage","@id":"https:\/\/www.elcol-legi.org\/w\/es\/no-lo-dejes-pasar-y-haz-que-tu-carrera-despegue\/","url":"https:\/\/www.elcol-legi.org\/w\/es\/no-lo-dejes-pasar-y-haz-que-tu-carrera-despegue\/","name":"\u00a1No lo dejes pasar y haz que tu carrera despegue! - Col-legi de Mediadors d&#039;Assegurances de Barcelona","isPartOf":{"@id":"https:\/\/www.elcol-legi.org\/w\/es\/#website"},"primaryImageOfPage":{"@id":"https:\/\/www.elcol-legi.org\/w\/es\/no-lo-dejes-pasar-y-haz-que-tu-carrera-despegue\/#primaryimage"},"image":{"@id":"https:\/\/www.elcol-legi.org\/w\/es\/no-lo-dejes-pasar-y-haz-que-tu-carrera-despegue\/#primaryimage"},"thumbnailUrl":"https:\/\/www.elcol-legi.org\/w\/wp-content\/uploads\/2025\/10\/formacio-aaron-burden-QJDzYT_K8Xg-unsplash-scaled.jpg","datePublished":"2025-10-01T11:09:04+00:00","dateModified":"2025-10-01T11:31:30+00:00","author":{"@id":"https:\/\/www.elcol-legi.org\/w\/es\/#\/schema\/person\/3343cfd033c3a8d7e0c36456d010b6f1"},"breadcrumb":{"@id":"https:\/\/www.elcol-legi.org\/w\/es\/no-lo-dejes-pasar-y-haz-que-tu-carrera-despegue\/#breadcrumb"},"inLanguage":"es","potentialAction":[{"@type":"ReadAction","target":["https:\/\/www.elcol-legi.org\/w\/es\/no-lo-dejes-pasar-y-haz-que-tu-carrera-despegue\/"]}]},{"@type":"ImageObject","inLanguage":"es","@id":"https:\/\/www.elcol-legi.org\/w\/es\/no-lo-dejes-pasar-y-haz-que-tu-carrera-despegue\/#primaryimage","url":"https:\/\/www.elcol-legi.org\/w\/wp-content\/uploads\/2025\/10\/formacio-aaron-burden-QJDzYT_K8Xg-unsplash-scaled.jpg","contentUrl":"https:\/\/www.elcol-legi.org\/w\/wp-content\/uploads\/2025\/10\/formacio-aaron-burden-QJDzYT_K8Xg-unsplash-scaled.jpg","width":2560,"height":1922},{"@type":"BreadcrumbList","@id":"https:\/\/www.elcol-legi.org\/w\/es\/no-lo-dejes-pasar-y-haz-que-tu-carrera-despegue\/#breadcrumb","itemListElement":[{"@type":"ListItem","position":1,"name":"Inici","item":"https:\/\/www.elcol-legi.org\/w\/es\/"},{"@type":"ListItem","position":2,"name":"\u00a1No lo dejes pasar y haz que tu carrera despegue!"}]},{"@type":"WebSite","@id":"https:\/\/www.elcol-legi.org\/w\/es\/#website","url":"https:\/\/www.elcol-legi.org\/w\/es\/","name":"Col-legi de Mediadors d&#039;Assegurances de Barcelona","description":"Support al mediador d&#039;assegurances","potentialAction":[{"@type":"SearchAction","target":{"@type":"EntryPoint","urlTemplate":"https:\/\/www.elcol-legi.org\/w\/es\/?s={search_term_string}"},"query-input":{"@type":"PropertyValueSpecification","valueRequired":true,"valueName":"search_term_string"}}],"inLanguage":"es"},{"@type":"Person","@id":"https:\/\/www.elcol-legi.org\/w\/es\/#\/schema\/person\/3343cfd033c3a8d7e0c36456d010b6f1","name":"elcol-legi","image":{"@type":"ImageObject","inLanguage":"es","@id":"https:\/\/secure.gravatar.com\/avatar\/c758b9fc3184253ca85702410660c40d503490c6329d11d16edf77528b999c3d?s=96&d=mm&r=g","url":"https:\/\/secure.gravatar.com\/avatar\/c758b9fc3184253ca85702410660c40d503490c6329d11d16edf77528b999c3d?s=96&d=mm&r=g","contentUrl":"https:\/\/secure.gravatar.com\/avatar\/c758b9fc3184253ca85702410660c40d503490c6329d11d16edf77528b999c3d?s=96&d=mm&r=g","caption":"elcol-legi"},"url":"https:\/\/www.elcol-legi.org\/w\/es\/author\/elcol-legi\/"}]}},"_links":{"self":[{"href":"https:\/\/www.elcol-legi.org\/w\/es\/wp-json\/wp\/v2\/posts\/24970","targetHints":{"allow":["GET"]}}],"collection":[{"href":"https:\/\/www.elcol-legi.org\/w\/es\/wp-json\/wp\/v2\/posts"}],"about":[{"href":"https:\/\/www.elcol-legi.org\/w\/es\/wp-json\/wp\/v2\/types\/post"}],"author":[{"embeddable":true,"href":"https:\/\/www.elcol-legi.org\/w\/es\/wp-json\/wp\/v2\/users\/4"}],"replies":[{"embeddable":true,"href":"https:\/\/www.elcol-legi.org\/w\/es\/wp-json\/wp\/v2\/comments?post=24970"}],"version-history":[{"count":6,"href":"https:\/\/www.elcol-legi.org\/w\/es\/wp-json\/wp\/v2\/posts\/24970\/revisions"}],"predecessor-version":[{"id":24976,"href":"https:\/\/www.elcol-legi.org\/w\/es\/wp-json\/wp\/v2\/posts\/24970\/revisions\/24976"}],"wp:featuredmedia":[{"embeddable":true,"href":"https:\/\/www.elcol-legi.org\/w\/es\/wp-json\/wp\/v2\/media\/24968"}],"wp:attachment":[{"href":"https:\/\/www.elcol-legi.org\/w\/es\/wp-json\/wp\/v2\/media?parent=24970"}],"wp:term":[{"taxonomy":"category","embeddable":true,"href":"https:\/\/www.elcol-legi.org\/w\/es\/wp-json\/wp\/v2\/categories?post=24970"},{"taxonomy":"post_tag","embeddable":true,"href":"https:\/\/www.elcol-legi.org\/w\/es\/wp-json\/wp\/v2\/tags?post=24970"}],"curies":[{"name":"wp","href":"https:\/\/api.w.org\/{rel}","templated":true}]}}