{"id":26905,"date":"2026-03-03T18:46:14","date_gmt":"2026-03-03T16:46:14","guid":{"rendered":"https:\/\/www.elcol-legi.org\/w\/les-insurtech-alianca-o-competencia\/"},"modified":"2026-03-03T18:47:50","modified_gmt":"2026-03-03T16:47:50","slug":"les-insurtech-alianca-o-competencia","status":"publish","type":"post","link":"https:\/\/www.elcol-legi.org\/w\/es\/les-insurtech-alianca-o-competencia\/","title":{"rendered":"Les insurtech: alian\u00e7a o compet\u00e8ncia?"},"content":{"rendered":"<div class=\"wpb-content-wrapper\"><p>[vc_row][vc_column width=&#8221;3\/4&#8243;][vc_column_text css=&#8221;&#8221;]<\/p>\n<h2>Las insurtech: alianza o competencia?<\/h2>\n<p>[\/vc_column_text][stm_spacing lg_spacing=&#8221;6&#8243; md_spacing=&#8221;6&#8243; sm_spacing=&#8221;6&#8243; xs_spacing=&#8221;6&#8243;][vc_column_text css=&#8221;&#8221;]<em>05\/03\/2026<\/em>[\/vc_column_text][vc_column_text css=&#8221;&#8221;]<\/p>\n<p class=\"mcePastedContent\" data-pm-slice=\"1 1 []\"><em>Con el paso del tiempo surgen nuevas preguntas alrededor de las start up<\/em><\/p>\n<p>[\/vc_column_text][vc_single_image source=&#8221;featured_image&#8221; img_size=&#8221;850&#215;350&#8243;][vc_column_text css=&#8221;.vc_custom_1772536066730{margin-bottom: 20px !important;}&#8221;]<\/p>\n<p class=\"p1\">El sector est\u00e1 cambiando la percepci\u00f3n acerca de las insurtech. Hasta ahora eran vistas como compa\u00f1\u00edas j\u00f3venes que aportan innovaci\u00f3n a la industria del seguro y ahora se empieza a comprender que algunas de estas empresas pueden convertirse en uno de los principales focos de presi\u00f3n competitiva para el sector asegurador. As\u00ed lo refleja una reciente encuesta elaborada por <b>GlobalData<\/b>, en la que cerca de un tercio de los profesionales consultados identifica a estas startups tecnol\u00f3gicas como el mayor desaf\u00edo para las aseguradoras en los pr\u00f3ximos a\u00f1os. El dato es significativo: las insurtech se sit\u00faan por delante de competidores tradicionales, grandes compa\u00f1\u00edas tecnol\u00f3gicas, entidades bancarias y otros nuevos actores emergentes.<\/p>\n<p>&nbsp;<\/p>\n<p class=\"p1\">Durante a\u00f1os, muchas insurtech han desempe\u00f1ado un papel de socios estrat\u00e9gicos del sector, aportando innovaci\u00f3n en \u00e1mbitos como el Internet de las Cosas (IoT), la anal\u00edtica avanzada o la inteligencia artificial. Sin embargo, el estudio apunta a un cambio de percepci\u00f3n. La creciente especializaci\u00f3n tecnol\u00f3gica, la agilidad operativa y los modelos digitales centrados en la experiencia de usuario est\u00e1n reforzando su posicionamiento competitivo y ampliando su capacidad para capturar valor dentro de la cadena aseguradora.<\/p>\n<p>&nbsp;<\/p>\n<p class=\"p1\">Aunque el sector asegurador presenta importantes barreras de entrada \u2014regulaci\u00f3n exigente, fuertes necesidades de capital y construcci\u00f3n de marca\u2014 algunas insurtech han demostrado que es posible competir directamente en determinados segmentos. El caso de <b>Lemonade<\/b> es citado como ejemplo de c\u00f3mo un modelo 100 % digital puede ganar visibilidad y cuota en mercados espec\u00edficos.<\/p>\n<p>&nbsp;<\/p>\n<p class=\"p1\">El informe concluye que las insurtech dif\u00edcilmente sustituir\u00e1n a las aseguradoras tradicionales en el conjunto de su actividad. No obstante, s\u00ed pueden erosionar cuota en nichos concretos como los seguros vinculados al alquiler, las p\u00f3lizas bajo demanda o los productos basados en uso. En estos segmentos, su propuesta flexible y digitalizada responde con mayor rapidez a nuevas pautas de consumo.<\/p>\n<p>&nbsp;<\/p>\n<p class=\"p1\">En definitiva, m\u00e1s que una amenaza total, las insurtech representan un desaf\u00edo selectivo que obliga al sector tradicional a acelerar su transformaci\u00f3n, reforzar su propuesta de valor y redefinir su relaci\u00f3n con el cliente en un entorno cada vez m\u00e1s digital y competitivo.<\/p>\n<p>[\/vc_column_text][vc_row_inner][vc_column_inner width=&#8221;1\/6&#8243;][\/vc_column_inner][vc_column_inner width=&#8221;1\/6&#8243;][\/vc_column_inner][vc_column_inner width=&#8221;1\/6&#8243;][\/vc_column_inner][vc_column_inner width=&#8221;1\/6&#8243;][\/vc_column_inner][\/vc_row_inner][\/vc_column][vc_column width=&#8221;1\/4&#8243;][stm_spacing lg_spacing=&#8221;50&#8243; md_spacing=&#8221;50&#8243; sm_spacing=&#8221;50&#8243; xs_spacing=&#8221;50&#8243;][vc_column_text]<\/p>\n<h2>\u00daltimas noticias<\/h2>\n<p>[\/vc_column_text][stm_news loop=&#8221;size:4|order_by:date|order:DESC|post_type:post|categories:8&#8243; posts_per_row=&#8221;2&#8243;][\/vc_column][\/vc_row]<\/p>\n<\/div>","protected":false},"excerpt":{"rendered":"<p>[vc_row][vc_column width=&#8221;3\/4&#8243;][vc_column_text css=&#8221;&#8221;] Las insurtech: alianza o competencia? [\/vc_column_text][stm_spacing lg_spacing=&#8221;6&#8243; md_spacing=&#8221;6&#8243; sm_spacing=&#8221;6&#8243; xs_spacing=&#8221;6&#8243;][vc_column_text css=&#8221;&#8221;]05\/03\/2026[\/vc_column_text][vc_column_text css=&#8221;&#8221;] Con el paso del tiempo surgen nuevas preguntas alrededor de las start up [\/vc_column_text][vc_single_image source=&#8221;featured_image&#8221; img_size=&#8221;850&#215;350&#8243;][vc_column_text css=&#8221;.vc_custom_1772536066730{margin-bottom: 20px !important;}&#8221;] El sector est\u00e1 cambiando la percepci\u00f3n acerca de las insurtech. Hasta ahora eran vistas como compa\u00f1\u00edas j\u00f3venes que aportan innovaci\u00f3n a<\/p>\n","protected":false},"author":562,"featured_media":26901,"comment_status":"closed","ping_status":"open","sticky":false,"template":"","format":"standard","meta":{"footnotes":""},"categories":[9],"tags":[2159,1867],"class_list":["post-26905","post","type-post","status-publish","format-standard","has-post-thumbnail","hentry","category-es-noticias","tag-mednews-293","tag-mn"],"yoast_head":"<!-- This site is optimized with the Yoast SEO plugin v27.5 - https:\/\/yoast.com\/product\/yoast-seo-wordpress\/ -->\n<title>Les insurtech: alian\u00e7a o compet\u00e8ncia? - Col-legi de Mediadors d&#039;Assegurances de Barcelona<\/title>\n<meta name=\"robots\" content=\"index, follow, max-snippet:-1, max-image-preview:large, max-video-preview:-1\" \/>\n<link rel=\"canonical\" href=\"https:\/\/www.elcol-legi.org\/w\/es\/les-insurtech-alianca-o-competencia\/\" \/>\n<meta property=\"og:locale\" content=\"es_ES\" \/>\n<meta property=\"og:type\" content=\"article\" \/>\n<meta property=\"og:title\" content=\"Les insurtech: alian\u00e7a o compet\u00e8ncia? - Col-legi de Mediadors d&#039;Assegurances de Barcelona\" \/>\n<meta property=\"og:description\" content=\"[vc_row][vc_column width=&#8221;3\/4&#8243;][vc_column_text css=&#8221;&#8221;] Las insurtech: alianza o competencia? [\/vc_column_text][stm_spacing lg_spacing=&#8221;6&#8243; md_spacing=&#8221;6&#8243; sm_spacing=&#8221;6&#8243; xs_spacing=&#8221;6&#8243;][vc_column_text css=&#8221;&#8221;]05\/03\/2026[\/vc_column_text][vc_column_text css=&#8221;&#8221;] Con el paso del tiempo surgen nuevas preguntas alrededor de las start up [\/vc_column_text][vc_single_image source=&#8221;featured_image&#8221; img_size=&#8221;850&#215;350&#8243;][vc_column_text css=&#8221;.vc_custom_1772536066730{margin-bottom: 20px !important;}&#8221;] El sector est\u00e1 cambiando la percepci\u00f3n acerca de las insurtech. Hasta ahora eran vistas como compa\u00f1\u00edas j\u00f3venes que aportan innovaci\u00f3n a\" \/>\n<meta property=\"og:url\" content=\"https:\/\/www.elcol-legi.org\/w\/es\/les-insurtech-alianca-o-competencia\/\" \/>\n<meta property=\"og:site_name\" content=\"Col-legi de Mediadors d&#039;Assegurances de Barcelona\" \/>\n<meta property=\"article:published_time\" content=\"2026-03-03T16:46:14+00:00\" \/>\n<meta property=\"article:modified_time\" content=\"2026-03-03T16:47:50+00:00\" \/>\n<meta property=\"og:image\" content=\"https:\/\/www.elcol-legi.org\/w\/wp-content\/uploads\/2026\/03\/tech-marvin-meyer-SYTO3xs06fU-unsplash-scaled.jpg\" \/>\n\t<meta property=\"og:image:width\" content=\"2560\" \/>\n\t<meta property=\"og:image:height\" content=\"1707\" \/>\n\t<meta property=\"og:image:type\" content=\"image\/jpeg\" \/>\n<meta name=\"author\" content=\"Marc Alcaraz\" \/>\n<meta name=\"twitter:card\" content=\"summary_large_image\" \/>\n<meta name=\"twitter:label1\" content=\"Escrito por\" \/>\n\t<meta name=\"twitter:data1\" content=\"Marc Alcaraz\" \/>\n\t<meta name=\"twitter:label2\" content=\"Tiempo de lectura\" \/>\n\t<meta name=\"twitter:data2\" content=\"3 minutos\" \/>\n<script type=\"application\/ld+json\" class=\"yoast-schema-graph\">{\"@context\":\"https:\\\/\\\/schema.org\",\"@graph\":[{\"@type\":\"Article\",\"@id\":\"https:\\\/\\\/www.elcol-legi.org\\\/w\\\/es\\\/les-insurtech-alianca-o-competencia\\\/#article\",\"isPartOf\":{\"@id\":\"https:\\\/\\\/www.elcol-legi.org\\\/w\\\/es\\\/les-insurtech-alianca-o-competencia\\\/\"},\"author\":{\"name\":\"Marc Alcaraz\",\"@id\":\"https:\\\/\\\/www.elcol-legi.org\\\/w\\\/es\\\/#\\\/schema\\\/person\\\/4283d40fbd72a940d5fff484fe5ec410\"},\"headline\":\"Les insurtech: alian\u00e7a o compet\u00e8ncia?\",\"datePublished\":\"2026-03-03T16:46:14+00:00\",\"dateModified\":\"2026-03-03T16:47:50+00:00\",\"mainEntityOfPage\":{\"@id\":\"https:\\\/\\\/www.elcol-legi.org\\\/w\\\/es\\\/les-insurtech-alianca-o-competencia\\\/\"},\"wordCount\":536,\"image\":{\"@id\":\"https:\\\/\\\/www.elcol-legi.org\\\/w\\\/es\\\/les-insurtech-alianca-o-competencia\\\/#primaryimage\"},\"thumbnailUrl\":\"https:\\\/\\\/www.elcol-legi.org\\\/w\\\/wp-content\\\/uploads\\\/2026\\\/03\\\/tech-marvin-meyer-SYTO3xs06fU-unsplash-scaled.jpg\",\"keywords\":[\". MedNews 293\",\"MN\"],\"articleSection\":[\"Noticias\"],\"inLanguage\":\"es\"},{\"@type\":\"WebPage\",\"@id\":\"https:\\\/\\\/www.elcol-legi.org\\\/w\\\/es\\\/les-insurtech-alianca-o-competencia\\\/\",\"url\":\"https:\\\/\\\/www.elcol-legi.org\\\/w\\\/es\\\/les-insurtech-alianca-o-competencia\\\/\",\"name\":\"Les insurtech: alian\u00e7a o compet\u00e8ncia? - Col-legi de Mediadors d&#039;Assegurances de Barcelona\",\"isPartOf\":{\"@id\":\"https:\\\/\\\/www.elcol-legi.org\\\/w\\\/es\\\/#website\"},\"primaryImageOfPage\":{\"@id\":\"https:\\\/\\\/www.elcol-legi.org\\\/w\\\/es\\\/les-insurtech-alianca-o-competencia\\\/#primaryimage\"},\"image\":{\"@id\":\"https:\\\/\\\/www.elcol-legi.org\\\/w\\\/es\\\/les-insurtech-alianca-o-competencia\\\/#primaryimage\"},\"thumbnailUrl\":\"https:\\\/\\\/www.elcol-legi.org\\\/w\\\/wp-content\\\/uploads\\\/2026\\\/03\\\/tech-marvin-meyer-SYTO3xs06fU-unsplash-scaled.jpg\",\"datePublished\":\"2026-03-03T16:46:14+00:00\",\"dateModified\":\"2026-03-03T16:47:50+00:00\",\"author\":{\"@id\":\"https:\\\/\\\/www.elcol-legi.org\\\/w\\\/es\\\/#\\\/schema\\\/person\\\/4283d40fbd72a940d5fff484fe5ec410\"},\"breadcrumb\":{\"@id\":\"https:\\\/\\\/www.elcol-legi.org\\\/w\\\/es\\\/les-insurtech-alianca-o-competencia\\\/#breadcrumb\"},\"inLanguage\":\"es\",\"potentialAction\":[{\"@type\":\"ReadAction\",\"target\":[\"https:\\\/\\\/www.elcol-legi.org\\\/w\\\/es\\\/les-insurtech-alianca-o-competencia\\\/\"]}]},{\"@type\":\"ImageObject\",\"inLanguage\":\"es\",\"@id\":\"https:\\\/\\\/www.elcol-legi.org\\\/w\\\/es\\\/les-insurtech-alianca-o-competencia\\\/#primaryimage\",\"url\":\"https:\\\/\\\/www.elcol-legi.org\\\/w\\\/wp-content\\\/uploads\\\/2026\\\/03\\\/tech-marvin-meyer-SYTO3xs06fU-unsplash-scaled.jpg\",\"contentUrl\":\"https:\\\/\\\/www.elcol-legi.org\\\/w\\\/wp-content\\\/uploads\\\/2026\\\/03\\\/tech-marvin-meyer-SYTO3xs06fU-unsplash-scaled.jpg\",\"width\":2560,\"height\":1707},{\"@type\":\"BreadcrumbList\",\"@id\":\"https:\\\/\\\/www.elcol-legi.org\\\/w\\\/es\\\/les-insurtech-alianca-o-competencia\\\/#breadcrumb\",\"itemListElement\":[{\"@type\":\"ListItem\",\"position\":1,\"name\":\"Inici\",\"item\":\"https:\\\/\\\/www.elcol-legi.org\\\/w\\\/es\\\/\"},{\"@type\":\"ListItem\",\"position\":2,\"name\":\"Les insurtech: alian\u00e7a o compet\u00e8ncia?\"}]},{\"@type\":\"WebSite\",\"@id\":\"https:\\\/\\\/www.elcol-legi.org\\\/w\\\/es\\\/#website\",\"url\":\"https:\\\/\\\/www.elcol-legi.org\\\/w\\\/es\\\/\",\"name\":\"Col-legi de Mediadors d&#039;Assegurances de Barcelona\",\"description\":\"Support al mediador d&#039;assegurances\",\"potentialAction\":[{\"@type\":\"SearchAction\",\"target\":{\"@type\":\"EntryPoint\",\"urlTemplate\":\"https:\\\/\\\/www.elcol-legi.org\\\/w\\\/es\\\/?s={search_term_string}\"},\"query-input\":{\"@type\":\"PropertyValueSpecification\",\"valueRequired\":true,\"valueName\":\"search_term_string\"}}],\"inLanguage\":\"es\"},{\"@type\":\"Person\",\"@id\":\"https:\\\/\\\/www.elcol-legi.org\\\/w\\\/es\\\/#\\\/schema\\\/person\\\/4283d40fbd72a940d5fff484fe5ec410\",\"name\":\"Marc Alcaraz\",\"image\":{\"@type\":\"ImageObject\",\"inLanguage\":\"es\",\"@id\":\"https:\\\/\\\/secure.gravatar.com\\\/avatar\\\/e5dee642a130a369f4e8f5fe2d78526e99d5506f34de2f80b7994e63dc58d1b0?s=96&d=mm&r=g\",\"url\":\"https:\\\/\\\/secure.gravatar.com\\\/avatar\\\/e5dee642a130a369f4e8f5fe2d78526e99d5506f34de2f80b7994e63dc58d1b0?s=96&d=mm&r=g\",\"contentUrl\":\"https:\\\/\\\/secure.gravatar.com\\\/avatar\\\/e5dee642a130a369f4e8f5fe2d78526e99d5506f34de2f80b7994e63dc58d1b0?s=96&d=mm&r=g\",\"caption\":\"Marc Alcaraz\"},\"url\":\"https:\\\/\\\/www.elcol-legi.org\\\/w\\\/es\\\/author\\\/efreire\\\/\"}]}<\/script>\n<!-- \/ Yoast SEO plugin. -->","yoast_head_json":{"title":"Les insurtech: alian\u00e7a o compet\u00e8ncia? - Col-legi de Mediadors d&#039;Assegurances de Barcelona","robots":{"index":"index","follow":"follow","max-snippet":"max-snippet:-1","max-image-preview":"max-image-preview:large","max-video-preview":"max-video-preview:-1"},"canonical":"https:\/\/www.elcol-legi.org\/w\/es\/les-insurtech-alianca-o-competencia\/","og_locale":"es_ES","og_type":"article","og_title":"Les insurtech: alian\u00e7a o compet\u00e8ncia? - Col-legi de Mediadors d&#039;Assegurances de Barcelona","og_description":"[vc_row][vc_column width=&#8221;3\/4&#8243;][vc_column_text css=&#8221;&#8221;] Las insurtech: alianza o competencia? [\/vc_column_text][stm_spacing lg_spacing=&#8221;6&#8243; md_spacing=&#8221;6&#8243; sm_spacing=&#8221;6&#8243; xs_spacing=&#8221;6&#8243;][vc_column_text css=&#8221;&#8221;]05\/03\/2026[\/vc_column_text][vc_column_text css=&#8221;&#8221;] Con el paso del tiempo surgen nuevas preguntas alrededor de las start up [\/vc_column_text][vc_single_image source=&#8221;featured_image&#8221; img_size=&#8221;850&#215;350&#8243;][vc_column_text css=&#8221;.vc_custom_1772536066730{margin-bottom: 20px !important;}&#8221;] El sector est\u00e1 cambiando la percepci\u00f3n acerca de las insurtech. Hasta ahora eran vistas como compa\u00f1\u00edas j\u00f3venes que aportan innovaci\u00f3n a","og_url":"https:\/\/www.elcol-legi.org\/w\/es\/les-insurtech-alianca-o-competencia\/","og_site_name":"Col-legi de Mediadors d&#039;Assegurances de Barcelona","article_published_time":"2026-03-03T16:46:14+00:00","article_modified_time":"2026-03-03T16:47:50+00:00","og_image":[{"width":2560,"height":1707,"url":"https:\/\/www.elcol-legi.org\/w\/wp-content\/uploads\/2026\/03\/tech-marvin-meyer-SYTO3xs06fU-unsplash-scaled.jpg","type":"image\/jpeg"}],"author":"Marc Alcaraz","twitter_card":"summary_large_image","twitter_misc":{"Escrito por":"Marc Alcaraz","Tiempo de lectura":"3 minutos"},"schema":{"@context":"https:\/\/schema.org","@graph":[{"@type":"Article","@id":"https:\/\/www.elcol-legi.org\/w\/es\/les-insurtech-alianca-o-competencia\/#article","isPartOf":{"@id":"https:\/\/www.elcol-legi.org\/w\/es\/les-insurtech-alianca-o-competencia\/"},"author":{"name":"Marc Alcaraz","@id":"https:\/\/www.elcol-legi.org\/w\/es\/#\/schema\/person\/4283d40fbd72a940d5fff484fe5ec410"},"headline":"Les insurtech: alian\u00e7a o compet\u00e8ncia?","datePublished":"2026-03-03T16:46:14+00:00","dateModified":"2026-03-03T16:47:50+00:00","mainEntityOfPage":{"@id":"https:\/\/www.elcol-legi.org\/w\/es\/les-insurtech-alianca-o-competencia\/"},"wordCount":536,"image":{"@id":"https:\/\/www.elcol-legi.org\/w\/es\/les-insurtech-alianca-o-competencia\/#primaryimage"},"thumbnailUrl":"https:\/\/www.elcol-legi.org\/w\/wp-content\/uploads\/2026\/03\/tech-marvin-meyer-SYTO3xs06fU-unsplash-scaled.jpg","keywords":[". MedNews 293","MN"],"articleSection":["Noticias"],"inLanguage":"es"},{"@type":"WebPage","@id":"https:\/\/www.elcol-legi.org\/w\/es\/les-insurtech-alianca-o-competencia\/","url":"https:\/\/www.elcol-legi.org\/w\/es\/les-insurtech-alianca-o-competencia\/","name":"Les insurtech: alian\u00e7a o compet\u00e8ncia? - Col-legi de Mediadors d&#039;Assegurances de Barcelona","isPartOf":{"@id":"https:\/\/www.elcol-legi.org\/w\/es\/#website"},"primaryImageOfPage":{"@id":"https:\/\/www.elcol-legi.org\/w\/es\/les-insurtech-alianca-o-competencia\/#primaryimage"},"image":{"@id":"https:\/\/www.elcol-legi.org\/w\/es\/les-insurtech-alianca-o-competencia\/#primaryimage"},"thumbnailUrl":"https:\/\/www.elcol-legi.org\/w\/wp-content\/uploads\/2026\/03\/tech-marvin-meyer-SYTO3xs06fU-unsplash-scaled.jpg","datePublished":"2026-03-03T16:46:14+00:00","dateModified":"2026-03-03T16:47:50+00:00","author":{"@id":"https:\/\/www.elcol-legi.org\/w\/es\/#\/schema\/person\/4283d40fbd72a940d5fff484fe5ec410"},"breadcrumb":{"@id":"https:\/\/www.elcol-legi.org\/w\/es\/les-insurtech-alianca-o-competencia\/#breadcrumb"},"inLanguage":"es","potentialAction":[{"@type":"ReadAction","target":["https:\/\/www.elcol-legi.org\/w\/es\/les-insurtech-alianca-o-competencia\/"]}]},{"@type":"ImageObject","inLanguage":"es","@id":"https:\/\/www.elcol-legi.org\/w\/es\/les-insurtech-alianca-o-competencia\/#primaryimage","url":"https:\/\/www.elcol-legi.org\/w\/wp-content\/uploads\/2026\/03\/tech-marvin-meyer-SYTO3xs06fU-unsplash-scaled.jpg","contentUrl":"https:\/\/www.elcol-legi.org\/w\/wp-content\/uploads\/2026\/03\/tech-marvin-meyer-SYTO3xs06fU-unsplash-scaled.jpg","width":2560,"height":1707},{"@type":"BreadcrumbList","@id":"https:\/\/www.elcol-legi.org\/w\/es\/les-insurtech-alianca-o-competencia\/#breadcrumb","itemListElement":[{"@type":"ListItem","position":1,"name":"Inici","item":"https:\/\/www.elcol-legi.org\/w\/es\/"},{"@type":"ListItem","position":2,"name":"Les insurtech: alian\u00e7a o compet\u00e8ncia?"}]},{"@type":"WebSite","@id":"https:\/\/www.elcol-legi.org\/w\/es\/#website","url":"https:\/\/www.elcol-legi.org\/w\/es\/","name":"Col-legi de Mediadors d&#039;Assegurances de Barcelona","description":"Support al mediador d&#039;assegurances","potentialAction":[{"@type":"SearchAction","target":{"@type":"EntryPoint","urlTemplate":"https:\/\/www.elcol-legi.org\/w\/es\/?s={search_term_string}"},"query-input":{"@type":"PropertyValueSpecification","valueRequired":true,"valueName":"search_term_string"}}],"inLanguage":"es"},{"@type":"Person","@id":"https:\/\/www.elcol-legi.org\/w\/es\/#\/schema\/person\/4283d40fbd72a940d5fff484fe5ec410","name":"Marc Alcaraz","image":{"@type":"ImageObject","inLanguage":"es","@id":"https:\/\/secure.gravatar.com\/avatar\/e5dee642a130a369f4e8f5fe2d78526e99d5506f34de2f80b7994e63dc58d1b0?s=96&d=mm&r=g","url":"https:\/\/secure.gravatar.com\/avatar\/e5dee642a130a369f4e8f5fe2d78526e99d5506f34de2f80b7994e63dc58d1b0?s=96&d=mm&r=g","contentUrl":"https:\/\/secure.gravatar.com\/avatar\/e5dee642a130a369f4e8f5fe2d78526e99d5506f34de2f80b7994e63dc58d1b0?s=96&d=mm&r=g","caption":"Marc Alcaraz"},"url":"https:\/\/www.elcol-legi.org\/w\/es\/author\/efreire\/"}]}},"_links":{"self":[{"href":"https:\/\/www.elcol-legi.org\/w\/es\/wp-json\/wp\/v2\/posts\/26905","targetHints":{"allow":["GET"]}}],"collection":[{"href":"https:\/\/www.elcol-legi.org\/w\/es\/wp-json\/wp\/v2\/posts"}],"about":[{"href":"https:\/\/www.elcol-legi.org\/w\/es\/wp-json\/wp\/v2\/types\/post"}],"author":[{"embeddable":true,"href":"https:\/\/www.elcol-legi.org\/w\/es\/wp-json\/wp\/v2\/users\/562"}],"replies":[{"embeddable":true,"href":"https:\/\/www.elcol-legi.org\/w\/es\/wp-json\/wp\/v2\/comments?post=26905"}],"version-history":[{"count":3,"href":"https:\/\/www.elcol-legi.org\/w\/es\/wp-json\/wp\/v2\/posts\/26905\/revisions"}],"predecessor-version":[{"id":26908,"href":"https:\/\/www.elcol-legi.org\/w\/es\/wp-json\/wp\/v2\/posts\/26905\/revisions\/26908"}],"wp:featuredmedia":[{"embeddable":true,"href":"https:\/\/www.elcol-legi.org\/w\/es\/wp-json\/wp\/v2\/media\/26901"}],"wp:attachment":[{"href":"https:\/\/www.elcol-legi.org\/w\/es\/wp-json\/wp\/v2\/media?parent=26905"}],"wp:term":[{"taxonomy":"category","embeddable":true,"href":"https:\/\/www.elcol-legi.org\/w\/es\/wp-json\/wp\/v2\/categories?post=26905"},{"taxonomy":"post_tag","embeddable":true,"href":"https:\/\/www.elcol-legi.org\/w\/es\/wp-json\/wp\/v2\/tags?post=26905"}],"curies":[{"name":"wp","href":"https:\/\/api.w.org\/{rel}","templated":true}]}}