{"id":26968,"date":"2026-03-04T14:08:03","date_gmt":"2026-03-04T12:08:03","guid":{"rendered":"https:\/\/www.elcol-legi.org\/w\/conservar-la-memoria-historica\/"},"modified":"2026-03-05T12:34:30","modified_gmt":"2026-03-05T10:34:30","slug":"conservar-la-memoria-historica","status":"publish","type":"post","link":"https:\/\/www.elcol-legi.org\/w\/es\/conservar-la-memoria-historica\/","title":{"rendered":"Conservar la memoria hist\u00f3rica"},"content":{"rendered":"<div class=\"wpb-content-wrapper\"><p>[vc_row][vc_column width=&#8221;3\/4&#8243;][vc_column_text css=&#8221;&#8221;]<\/p>\n<h2 class=\"p1\"><b>Donaci\u00f3n de placas hist\u00f3ricas de seguros<\/b><b><\/b><\/h2>\n<p>[\/vc_column_text][stm_spacing lg_spacing=&#8221;6&#8243; md_spacing=&#8221;6&#8243; sm_spacing=&#8221;6&#8243; xs_spacing=&#8221;6&#8243;][vc_column_text css=&#8221;&#8221;]<em>05\/03\/2026<\/em>[\/vc_column_text][vc_column_text css=&#8221;&#8221;]<em>El Col\u00b7legi refuerza su papel de depositario de la memoria historica del sector<\/em>[\/vc_column_text][vc_single_image image=&#8221;27001&#8243; img_size=&#8221;full&#8221; alignment=&#8221;center&#8221; css=&#8221;&#8221;][vc_column_text css=&#8221;.vc_custom_1772706886670{margin-bottom: 20px !important;}&#8221;]<\/p>\n<p class=\"p2\">El Col\u00b7legi de Mediadors d\u2019Assegurances de Barcelona ha incorporado a su patrimonio hist\u00f3rico una colecci\u00f3n singular: decenas de placas met\u00e1licas de compa\u00f1\u00edas aseguradoras donadas por <b>Mart\u00edn Navaz<\/b>, CEO de PIB Group Iberia y<strong> Gabriel Cereto,<\/strong> CEO en PIB Group Espa\u00f1a. Cada una de estas placas representa a una compa\u00f1\u00eda distinta y constituye un testimonio tangible de una \u00e9poca en la que era habitual que las aseguradoras entregaran a sus agentes y corredores una placa corporativa para exhibir en sus oficinas como s\u00edmbolo de representaci\u00f3n y confianza.<\/p>\n<p class=\"p2\">Durante d\u00e9cadas, estas placas formaron parte del paisaje habitual de despachos y corredur\u00edas. Colocadas en lugares visibles, acreditaban la vinculaci\u00f3n profesional con cada entidad y transmit\u00edan al cliente solvencia, respaldo y pertenencia a una red aseguradora s\u00f3lida. Eran, en definitiva, una manifestaci\u00f3n f\u00edsica de la relaci\u00f3n entre compa\u00f1\u00edas y mediadores.<\/p>\n<p class=\"p2\">Con el paso del tiempo, y en un sector cada vez m\u00e1s digitalizado, muchas de estas piezas fueron desapareciendo de las oficinas. Sin embargo, su valor simb\u00f3lico y documental permanece intacto. Son peque\u00f1as piezas de metal que cuentan una gran historia: la evoluci\u00f3n del seguro, la transformaci\u00f3n de las marcas, los cambios en la identidad corporativa y la consolidaci\u00f3n de la mediaci\u00f3n como canal profesional.<\/p>\n<p class=\"p3\"><b>El Col\u00b7legi como depositario de la tradici\u00f3n<\/b><\/p>\n<p class=\"p2\">El Col\u00b7legi ya contaba con una pared emblem\u00e1tica donde se exhiben numerosas placas hist\u00f3ricas de compa\u00f1\u00edas, configurando un aut\u00e9ntico mural de memoria aseguradora. Con la donaci\u00f3n realizada por Mart\u00edn Navaz y Gabriel Cereto, este espacio se ampl\u00eda y enriquece, reforzando el papel de la instituci\u00f3n como <b>conservadora de la historia y depositaria de la tradici\u00f3n de la mediaci\u00f3n<\/b>.<\/p>\n<p class=\"p2\">M\u00e1s all\u00e1 del gesto material, la donaci\u00f3n tiene un profundo significado: representa el reconocimiento de la importancia de preservar los s\u00edmbolos que han acompa\u00f1ado a generaciones de profesionales. Cada placa no solo identifica a una compa\u00f1\u00eda; evoca trayectorias, relaciones comerciales, confianza construida a lo largo de los a\u00f1os y el orgullo de pertenencia a una profesi\u00f3n con ra\u00edces s\u00f3lidas.<\/p>\n<p class=\"p2\">El gesto de Mart\u00edn Navaz y Gabriel Cereto pone en valor la memoria colectiva del sector y subraya la responsabilidad de las instituciones profesionales en la conservaci\u00f3n de ese legado. En un entorno marcado por la innovaci\u00f3n y el cambio constante, mantener viva la historia es tambi\u00e9n una forma de proyectar futuro con identidad.<\/p>\n<p class=\"p2\">La ampliaci\u00f3n del mural de placas en la sede colegial no es \u00fanicamente un acto est\u00e9tico o decorativo. Es una declaraci\u00f3n de principios: la mediaci\u00f3n no solo evoluciona, tambi\u00e9n honra su trayectoria. Y el Col\u00b7legi, como casa com\u00fan de los mediadores, asume con orgullo ese papel de custodio de la tradici\u00f3n.<\/p>\n<p class=\"p2\">Porque entender de d\u00f3nde venimos es esencial para saber hacia d\u00f3nde queremos ir.<\/p>\n<p>[\/vc_column_text][vc_row_inner][vc_column_inner width=&#8221;1\/6&#8243;][\/vc_column_inner][vc_column_inner width=&#8221;1\/6&#8243;][\/vc_column_inner][vc_column_inner width=&#8221;1\/6&#8243;][\/vc_column_inner][vc_column_inner width=&#8221;1\/6&#8243;][\/vc_column_inner][\/vc_row_inner][\/vc_column][vc_column width=&#8221;1\/4&#8243;][stm_spacing lg_spacing=&#8221;50&#8243; md_spacing=&#8221;50&#8243; sm_spacing=&#8221;50&#8243; xs_spacing=&#8221;50&#8243;][vc_column_text]<\/p>\n<h2>\u00daltimas noticias<\/h2>\n<p>[\/vc_column_text][stm_news loop=&#8221;size:4|order_by:date|order:DESC|post_type:post|categories:8&#8243; posts_per_row=&#8221;2&#8243;][\/vc_column][\/vc_row]<\/p>\n<\/div>","protected":false},"excerpt":{"rendered":"<p>[vc_row][vc_column width=&#8221;3\/4&#8243;][vc_column_text css=&#8221;&#8221;] Donaci\u00f3n de placas hist\u00f3ricas de seguros [\/vc_column_text][stm_spacing lg_spacing=&#8221;6&#8243; md_spacing=&#8221;6&#8243; sm_spacing=&#8221;6&#8243; xs_spacing=&#8221;6&#8243;][vc_column_text css=&#8221;&#8221;]05\/03\/2026[\/vc_column_text][vc_column_text css=&#8221;&#8221;]El Col\u00b7legi refuerza su papel de depositario de la memoria historica del sector[\/vc_column_text][vc_single_image image=&#8221;27001&#8243; img_size=&#8221;full&#8221; alignment=&#8221;center&#8221; css=&#8221;&#8221;][vc_column_text css=&#8221;.vc_custom_1772706886670{margin-bottom: 20px !important;}&#8221;] El Col\u00b7legi de Mediadors d\u2019Assegurances de Barcelona ha incorporado a su patrimonio hist\u00f3rico una colecci\u00f3n singular: decenas de placas met\u00e1licas<\/p>\n","protected":false},"author":562,"featured_media":26994,"comment_status":"closed","ping_status":"closed","sticky":false,"template":"","format":"standard","meta":{"footnotes":""},"categories":[9],"tags":[2159,1867],"class_list":["post-26968","post","type-post","status-publish","format-standard","has-post-thumbnail","hentry","category-es-noticias","tag-mednews-293","tag-mn"],"yoast_head":"<!-- This site is optimized with the Yoast SEO plugin v27.5 - https:\/\/yoast.com\/product\/yoast-seo-wordpress\/ -->\n<title>Conservar la memoria hist\u00f3rica - Col-legi de Mediadors d&#039;Assegurances de Barcelona<\/title>\n<meta name=\"robots\" content=\"index, follow, max-snippet:-1, max-image-preview:large, max-video-preview:-1\" \/>\n<link rel=\"canonical\" href=\"https:\/\/www.elcol-legi.org\/w\/es\/conservar-la-memoria-historica\/\" \/>\n<meta property=\"og:locale\" content=\"es_ES\" \/>\n<meta property=\"og:type\" content=\"article\" \/>\n<meta property=\"og:title\" content=\"Conservar la memoria hist\u00f3rica - Col-legi de Mediadors d&#039;Assegurances de Barcelona\" \/>\n<meta property=\"og:description\" content=\"[vc_row][vc_column width=&#8221;3\/4&#8243;][vc_column_text css=&#8221;&#8221;] Donaci\u00f3n de placas hist\u00f3ricas de seguros [\/vc_column_text][stm_spacing lg_spacing=&#8221;6&#8243; md_spacing=&#8221;6&#8243; sm_spacing=&#8221;6&#8243; xs_spacing=&#8221;6&#8243;][vc_column_text css=&#8221;&#8221;]05\/03\/2026[\/vc_column_text][vc_column_text css=&#8221;&#8221;]El Col\u00b7legi refuerza su papel de depositario de la memoria historica del sector[\/vc_column_text][vc_single_image image=&#8221;27001&#8243; img_size=&#8221;full&#8221; alignment=&#8221;center&#8221; css=&#8221;&#8221;][vc_column_text css=&#8221;.vc_custom_1772706886670{margin-bottom: 20px !important;}&#8221;] El Col\u00b7legi de Mediadors d\u2019Assegurances de Barcelona ha incorporado a su patrimonio hist\u00f3rico una colecci\u00f3n singular: decenas de placas met\u00e1licas\" \/>\n<meta property=\"og:url\" content=\"https:\/\/www.elcol-legi.org\/w\/es\/conservar-la-memoria-historica\/\" \/>\n<meta property=\"og:site_name\" content=\"Col-legi de Mediadors d&#039;Assegurances de Barcelona\" \/>\n<meta property=\"article:published_time\" content=\"2026-03-04T12:08:03+00:00\" \/>\n<meta property=\"article:modified_time\" content=\"2026-03-05T10:34:30+00:00\" \/>\n<meta property=\"og:image\" content=\"https:\/\/www.elcol-legi.org\/w\/wp-content\/uploads\/2026\/03\/92671a40-34f6-4c54-88f3-cc583744e3e9.jpg\" \/>\n\t<meta property=\"og:image:width\" content=\"1200\" \/>\n\t<meta property=\"og:image:height\" content=\"1600\" \/>\n\t<meta property=\"og:image:type\" content=\"image\/jpeg\" \/>\n<meta name=\"author\" content=\"Marc Alcaraz\" \/>\n<meta name=\"twitter:card\" content=\"summary_large_image\" \/>\n<meta name=\"twitter:label1\" content=\"Escrito por\" \/>\n\t<meta name=\"twitter:data1\" content=\"Marc Alcaraz\" \/>\n\t<meta name=\"twitter:label2\" content=\"Tiempo de lectura\" \/>\n\t<meta name=\"twitter:data2\" content=\"3 minutos\" \/>\n<script type=\"application\/ld+json\" class=\"yoast-schema-graph\">{\"@context\":\"https:\\\/\\\/schema.org\",\"@graph\":[{\"@type\":\"Article\",\"@id\":\"https:\\\/\\\/www.elcol-legi.org\\\/w\\\/es\\\/conservar-la-memoria-historica\\\/#article\",\"isPartOf\":{\"@id\":\"https:\\\/\\\/www.elcol-legi.org\\\/w\\\/es\\\/conservar-la-memoria-historica\\\/\"},\"author\":{\"name\":\"Marc Alcaraz\",\"@id\":\"https:\\\/\\\/www.elcol-legi.org\\\/w\\\/es\\\/#\\\/schema\\\/person\\\/4283d40fbd72a940d5fff484fe5ec410\"},\"headline\":\"Conservar la memoria hist\u00f3rica\",\"datePublished\":\"2026-03-04T12:08:03+00:00\",\"dateModified\":\"2026-03-05T10:34:30+00:00\",\"mainEntityOfPage\":{\"@id\":\"https:\\\/\\\/www.elcol-legi.org\\\/w\\\/es\\\/conservar-la-memoria-historica\\\/\"},\"wordCount\":668,\"image\":{\"@id\":\"https:\\\/\\\/www.elcol-legi.org\\\/w\\\/es\\\/conservar-la-memoria-historica\\\/#primaryimage\"},\"thumbnailUrl\":\"https:\\\/\\\/www.elcol-legi.org\\\/w\\\/wp-content\\\/uploads\\\/2026\\\/03\\\/92671a40-34f6-4c54-88f3-cc583744e3e9.jpg\",\"keywords\":[\". MedNews 293\",\"MN\"],\"articleSection\":[\"Noticias\"],\"inLanguage\":\"es\"},{\"@type\":\"WebPage\",\"@id\":\"https:\\\/\\\/www.elcol-legi.org\\\/w\\\/es\\\/conservar-la-memoria-historica\\\/\",\"url\":\"https:\\\/\\\/www.elcol-legi.org\\\/w\\\/es\\\/conservar-la-memoria-historica\\\/\",\"name\":\"Conservar la memoria hist\u00f3rica - Col-legi de Mediadors d&#039;Assegurances de Barcelona\",\"isPartOf\":{\"@id\":\"https:\\\/\\\/www.elcol-legi.org\\\/w\\\/es\\\/#website\"},\"primaryImageOfPage\":{\"@id\":\"https:\\\/\\\/www.elcol-legi.org\\\/w\\\/es\\\/conservar-la-memoria-historica\\\/#primaryimage\"},\"image\":{\"@id\":\"https:\\\/\\\/www.elcol-legi.org\\\/w\\\/es\\\/conservar-la-memoria-historica\\\/#primaryimage\"},\"thumbnailUrl\":\"https:\\\/\\\/www.elcol-legi.org\\\/w\\\/wp-content\\\/uploads\\\/2026\\\/03\\\/92671a40-34f6-4c54-88f3-cc583744e3e9.jpg\",\"datePublished\":\"2026-03-04T12:08:03+00:00\",\"dateModified\":\"2026-03-05T10:34:30+00:00\",\"author\":{\"@id\":\"https:\\\/\\\/www.elcol-legi.org\\\/w\\\/es\\\/#\\\/schema\\\/person\\\/4283d40fbd72a940d5fff484fe5ec410\"},\"breadcrumb\":{\"@id\":\"https:\\\/\\\/www.elcol-legi.org\\\/w\\\/es\\\/conservar-la-memoria-historica\\\/#breadcrumb\"},\"inLanguage\":\"es\",\"potentialAction\":[{\"@type\":\"ReadAction\",\"target\":[\"https:\\\/\\\/www.elcol-legi.org\\\/w\\\/es\\\/conservar-la-memoria-historica\\\/\"]}]},{\"@type\":\"ImageObject\",\"inLanguage\":\"es\",\"@id\":\"https:\\\/\\\/www.elcol-legi.org\\\/w\\\/es\\\/conservar-la-memoria-historica\\\/#primaryimage\",\"url\":\"https:\\\/\\\/www.elcol-legi.org\\\/w\\\/wp-content\\\/uploads\\\/2026\\\/03\\\/92671a40-34f6-4c54-88f3-cc583744e3e9.jpg\",\"contentUrl\":\"https:\\\/\\\/www.elcol-legi.org\\\/w\\\/wp-content\\\/uploads\\\/2026\\\/03\\\/92671a40-34f6-4c54-88f3-cc583744e3e9.jpg\",\"width\":1200,\"height\":1600},{\"@type\":\"BreadcrumbList\",\"@id\":\"https:\\\/\\\/www.elcol-legi.org\\\/w\\\/es\\\/conservar-la-memoria-historica\\\/#breadcrumb\",\"itemListElement\":[{\"@type\":\"ListItem\",\"position\":1,\"name\":\"Inici\",\"item\":\"https:\\\/\\\/www.elcol-legi.org\\\/w\\\/es\\\/\"},{\"@type\":\"ListItem\",\"position\":2,\"name\":\"Conservar la memoria hist\u00f3rica\"}]},{\"@type\":\"WebSite\",\"@id\":\"https:\\\/\\\/www.elcol-legi.org\\\/w\\\/es\\\/#website\",\"url\":\"https:\\\/\\\/www.elcol-legi.org\\\/w\\\/es\\\/\",\"name\":\"Col-legi de Mediadors d&#039;Assegurances de Barcelona\",\"description\":\"Support al mediador d&#039;assegurances\",\"potentialAction\":[{\"@type\":\"SearchAction\",\"target\":{\"@type\":\"EntryPoint\",\"urlTemplate\":\"https:\\\/\\\/www.elcol-legi.org\\\/w\\\/es\\\/?s={search_term_string}\"},\"query-input\":{\"@type\":\"PropertyValueSpecification\",\"valueRequired\":true,\"valueName\":\"search_term_string\"}}],\"inLanguage\":\"es\"},{\"@type\":\"Person\",\"@id\":\"https:\\\/\\\/www.elcol-legi.org\\\/w\\\/es\\\/#\\\/schema\\\/person\\\/4283d40fbd72a940d5fff484fe5ec410\",\"name\":\"Marc Alcaraz\",\"image\":{\"@type\":\"ImageObject\",\"inLanguage\":\"es\",\"@id\":\"https:\\\/\\\/secure.gravatar.com\\\/avatar\\\/e5dee642a130a369f4e8f5fe2d78526e99d5506f34de2f80b7994e63dc58d1b0?s=96&d=mm&r=g\",\"url\":\"https:\\\/\\\/secure.gravatar.com\\\/avatar\\\/e5dee642a130a369f4e8f5fe2d78526e99d5506f34de2f80b7994e63dc58d1b0?s=96&d=mm&r=g\",\"contentUrl\":\"https:\\\/\\\/secure.gravatar.com\\\/avatar\\\/e5dee642a130a369f4e8f5fe2d78526e99d5506f34de2f80b7994e63dc58d1b0?s=96&d=mm&r=g\",\"caption\":\"Marc Alcaraz\"},\"url\":\"https:\\\/\\\/www.elcol-legi.org\\\/w\\\/es\\\/author\\\/efreire\\\/\"}]}<\/script>\n<!-- \/ Yoast SEO plugin. -->","yoast_head_json":{"title":"Conservar la memoria hist\u00f3rica - Col-legi de Mediadors d&#039;Assegurances de Barcelona","robots":{"index":"index","follow":"follow","max-snippet":"max-snippet:-1","max-image-preview":"max-image-preview:large","max-video-preview":"max-video-preview:-1"},"canonical":"https:\/\/www.elcol-legi.org\/w\/es\/conservar-la-memoria-historica\/","og_locale":"es_ES","og_type":"article","og_title":"Conservar la memoria hist\u00f3rica - Col-legi de Mediadors d&#039;Assegurances de Barcelona","og_description":"[vc_row][vc_column width=&#8221;3\/4&#8243;][vc_column_text css=&#8221;&#8221;] Donaci\u00f3n de placas hist\u00f3ricas de seguros [\/vc_column_text][stm_spacing lg_spacing=&#8221;6&#8243; md_spacing=&#8221;6&#8243; sm_spacing=&#8221;6&#8243; xs_spacing=&#8221;6&#8243;][vc_column_text css=&#8221;&#8221;]05\/03\/2026[\/vc_column_text][vc_column_text css=&#8221;&#8221;]El Col\u00b7legi refuerza su papel de depositario de la memoria historica del sector[\/vc_column_text][vc_single_image image=&#8221;27001&#8243; img_size=&#8221;full&#8221; alignment=&#8221;center&#8221; css=&#8221;&#8221;][vc_column_text css=&#8221;.vc_custom_1772706886670{margin-bottom: 20px !important;}&#8221;] El Col\u00b7legi de Mediadors d\u2019Assegurances de Barcelona ha incorporado a su patrimonio hist\u00f3rico una colecci\u00f3n singular: decenas de placas met\u00e1licas","og_url":"https:\/\/www.elcol-legi.org\/w\/es\/conservar-la-memoria-historica\/","og_site_name":"Col-legi de Mediadors d&#039;Assegurances de Barcelona","article_published_time":"2026-03-04T12:08:03+00:00","article_modified_time":"2026-03-05T10:34:30+00:00","og_image":[{"width":1200,"height":1600,"url":"https:\/\/www.elcol-legi.org\/w\/wp-content\/uploads\/2026\/03\/92671a40-34f6-4c54-88f3-cc583744e3e9.jpg","type":"image\/jpeg"}],"author":"Marc Alcaraz","twitter_card":"summary_large_image","twitter_misc":{"Escrito por":"Marc Alcaraz","Tiempo de lectura":"3 minutos"},"schema":{"@context":"https:\/\/schema.org","@graph":[{"@type":"Article","@id":"https:\/\/www.elcol-legi.org\/w\/es\/conservar-la-memoria-historica\/#article","isPartOf":{"@id":"https:\/\/www.elcol-legi.org\/w\/es\/conservar-la-memoria-historica\/"},"author":{"name":"Marc Alcaraz","@id":"https:\/\/www.elcol-legi.org\/w\/es\/#\/schema\/person\/4283d40fbd72a940d5fff484fe5ec410"},"headline":"Conservar la memoria hist\u00f3rica","datePublished":"2026-03-04T12:08:03+00:00","dateModified":"2026-03-05T10:34:30+00:00","mainEntityOfPage":{"@id":"https:\/\/www.elcol-legi.org\/w\/es\/conservar-la-memoria-historica\/"},"wordCount":668,"image":{"@id":"https:\/\/www.elcol-legi.org\/w\/es\/conservar-la-memoria-historica\/#primaryimage"},"thumbnailUrl":"https:\/\/www.elcol-legi.org\/w\/wp-content\/uploads\/2026\/03\/92671a40-34f6-4c54-88f3-cc583744e3e9.jpg","keywords":[". MedNews 293","MN"],"articleSection":["Noticias"],"inLanguage":"es"},{"@type":"WebPage","@id":"https:\/\/www.elcol-legi.org\/w\/es\/conservar-la-memoria-historica\/","url":"https:\/\/www.elcol-legi.org\/w\/es\/conservar-la-memoria-historica\/","name":"Conservar la memoria hist\u00f3rica - Col-legi de Mediadors d&#039;Assegurances de Barcelona","isPartOf":{"@id":"https:\/\/www.elcol-legi.org\/w\/es\/#website"},"primaryImageOfPage":{"@id":"https:\/\/www.elcol-legi.org\/w\/es\/conservar-la-memoria-historica\/#primaryimage"},"image":{"@id":"https:\/\/www.elcol-legi.org\/w\/es\/conservar-la-memoria-historica\/#primaryimage"},"thumbnailUrl":"https:\/\/www.elcol-legi.org\/w\/wp-content\/uploads\/2026\/03\/92671a40-34f6-4c54-88f3-cc583744e3e9.jpg","datePublished":"2026-03-04T12:08:03+00:00","dateModified":"2026-03-05T10:34:30+00:00","author":{"@id":"https:\/\/www.elcol-legi.org\/w\/es\/#\/schema\/person\/4283d40fbd72a940d5fff484fe5ec410"},"breadcrumb":{"@id":"https:\/\/www.elcol-legi.org\/w\/es\/conservar-la-memoria-historica\/#breadcrumb"},"inLanguage":"es","potentialAction":[{"@type":"ReadAction","target":["https:\/\/www.elcol-legi.org\/w\/es\/conservar-la-memoria-historica\/"]}]},{"@type":"ImageObject","inLanguage":"es","@id":"https:\/\/www.elcol-legi.org\/w\/es\/conservar-la-memoria-historica\/#primaryimage","url":"https:\/\/www.elcol-legi.org\/w\/wp-content\/uploads\/2026\/03\/92671a40-34f6-4c54-88f3-cc583744e3e9.jpg","contentUrl":"https:\/\/www.elcol-legi.org\/w\/wp-content\/uploads\/2026\/03\/92671a40-34f6-4c54-88f3-cc583744e3e9.jpg","width":1200,"height":1600},{"@type":"BreadcrumbList","@id":"https:\/\/www.elcol-legi.org\/w\/es\/conservar-la-memoria-historica\/#breadcrumb","itemListElement":[{"@type":"ListItem","position":1,"name":"Inici","item":"https:\/\/www.elcol-legi.org\/w\/es\/"},{"@type":"ListItem","position":2,"name":"Conservar la memoria hist\u00f3rica"}]},{"@type":"WebSite","@id":"https:\/\/www.elcol-legi.org\/w\/es\/#website","url":"https:\/\/www.elcol-legi.org\/w\/es\/","name":"Col-legi de Mediadors d&#039;Assegurances de Barcelona","description":"Support al mediador d&#039;assegurances","potentialAction":[{"@type":"SearchAction","target":{"@type":"EntryPoint","urlTemplate":"https:\/\/www.elcol-legi.org\/w\/es\/?s={search_term_string}"},"query-input":{"@type":"PropertyValueSpecification","valueRequired":true,"valueName":"search_term_string"}}],"inLanguage":"es"},{"@type":"Person","@id":"https:\/\/www.elcol-legi.org\/w\/es\/#\/schema\/person\/4283d40fbd72a940d5fff484fe5ec410","name":"Marc Alcaraz","image":{"@type":"ImageObject","inLanguage":"es","@id":"https:\/\/secure.gravatar.com\/avatar\/e5dee642a130a369f4e8f5fe2d78526e99d5506f34de2f80b7994e63dc58d1b0?s=96&d=mm&r=g","url":"https:\/\/secure.gravatar.com\/avatar\/e5dee642a130a369f4e8f5fe2d78526e99d5506f34de2f80b7994e63dc58d1b0?s=96&d=mm&r=g","contentUrl":"https:\/\/secure.gravatar.com\/avatar\/e5dee642a130a369f4e8f5fe2d78526e99d5506f34de2f80b7994e63dc58d1b0?s=96&d=mm&r=g","caption":"Marc Alcaraz"},"url":"https:\/\/www.elcol-legi.org\/w\/es\/author\/efreire\/"}]}},"_links":{"self":[{"href":"https:\/\/www.elcol-legi.org\/w\/es\/wp-json\/wp\/v2\/posts\/26968","targetHints":{"allow":["GET"]}}],"collection":[{"href":"https:\/\/www.elcol-legi.org\/w\/es\/wp-json\/wp\/v2\/posts"}],"about":[{"href":"https:\/\/www.elcol-legi.org\/w\/es\/wp-json\/wp\/v2\/types\/post"}],"author":[{"embeddable":true,"href":"https:\/\/www.elcol-legi.org\/w\/es\/wp-json\/wp\/v2\/users\/562"}],"replies":[{"embeddable":true,"href":"https:\/\/www.elcol-legi.org\/w\/es\/wp-json\/wp\/v2\/comments?post=26968"}],"version-history":[{"count":16,"href":"https:\/\/www.elcol-legi.org\/w\/es\/wp-json\/wp\/v2\/posts\/26968\/revisions"}],"predecessor-version":[{"id":27009,"href":"https:\/\/www.elcol-legi.org\/w\/es\/wp-json\/wp\/v2\/posts\/26968\/revisions\/27009"}],"wp:featuredmedia":[{"embeddable":true,"href":"https:\/\/www.elcol-legi.org\/w\/es\/wp-json\/wp\/v2\/media\/26994"}],"wp:attachment":[{"href":"https:\/\/www.elcol-legi.org\/w\/es\/wp-json\/wp\/v2\/media?parent=26968"}],"wp:term":[{"taxonomy":"category","embeddable":true,"href":"https:\/\/www.elcol-legi.org\/w\/es\/wp-json\/wp\/v2\/categories?post=26968"},{"taxonomy":"post_tag","embeddable":true,"href":"https:\/\/www.elcol-legi.org\/w\/es\/wp-json\/wp\/v2\/tags?post=26968"}],"curies":[{"name":"wp","href":"https:\/\/api.w.org\/{rel}","templated":true}]}}