{"id":26985,"date":"2026-03-04T14:46:28","date_gmt":"2026-03-04T12:46:28","guid":{"rendered":"https:\/\/www.elcol-legi.org\/w\/mediario-dossier-22\/"},"modified":"2026-03-04T14:46:57","modified_gmt":"2026-03-04T12:46:57","slug":"mediario-dossier-22","status":"publish","type":"post","link":"https:\/\/www.elcol-legi.org\/w\/es\/mediario-dossier-22\/","title":{"rendered":"Mediario Dossier #22"},"content":{"rendered":"<div class=\"wpb-content-wrapper\"><p>[vc_row][vc_column width=&#8221;3\/4&#8243;][vc_column_text css=&#8221;&#8221;]<\/p>\n<h2 data-start=\"0\" data-end=\"56\"><strong data-start=\"0\" data-end=\"56\">MEDIARIO DOSSIER \/ Las empresas, una gran oportunidad<\/strong><\/h2>\n<p>[\/vc_column_text][stm_spacing lg_spacing=&#8221;6&#8243; md_spacing=&#8221;6&#8243; sm_spacing=&#8221;6&#8243; xs_spacing=&#8221;6&#8243;][vc_column_text css=&#8221;&#8221;]<em>05\/03\/03<\/em>[\/vc_column_text][vc_column_text css=&#8221;&#8221;]<\/p>\n<p data-start=\"58\" data-end=\"128\"><em>El mediador es una pieza clave por su capacidad de asesoramiento<\/em><\/p>\n<p>[\/vc_column_text][vc_single_image source=&#8221;featured_image&#8221; img_size=&#8221;850&#215;350&#8243;][vc_column_text css=&#8221;.vc_custom_1772627207307{margin-bottom: 20px !important;}&#8221;]<\/p>\n<p class=\"p1\">La nueva edici\u00f3n de <a href=\"https:\/\/www.elcol-legi.org\/w\/es\/mediario-dossier\/\"><strong><em>Mediario Dossier<\/em><\/strong><\/a> ser centra en analizar desde distintos puntos de vista la relaci\u00f3n entre la mediaci\u00f3n y las empresas, en especial las de tama\u00f1o mediano o peque\u00f1o. Este nuevo n\u00famero, correspondiente al primer trimestre del a\u00f1o,<span class=\"Apple-converted-space\">\u00a0 <\/span>demuestra que el seguro para empresas es<b> <\/b> uno de los grandes \u00e1mbitos de oportunidad para los mediadores.<\/p>\n<p><\/p>\n<p class=\"p1\">El <i>Dossier Empresas<\/i> aborda el papel clave que desempe\u00f1an los mediadores en un entorno empresarial cada vez m\u00e1s complejo, cambiante y expuesto a nuevos riesgos. La digitalizaci\u00f3n, el ciber riesgo, la evoluci\u00f3n normativa, la sostenibilidad o la continuidad de negocio han transformado profundamente las necesidades de las peque\u00f1as y medianas empresas, que hoy requieren mucho m\u00e1s que p\u00f3lizas est\u00e1ndar: necesitan <b>asesoramiento experto y acompa\u00f1amiento permanente<\/b>.<\/p>\n<p><\/p>\n<p class=\"p1\">A lo largo de esta edici\u00f3n, la revista del Col\u00b7legi de Mediadors d\u2019Assegurances de Barcelona estudia<span class=\"Apple-converted-space\">\u00a0 <\/span>c\u00f3mo el mediador se posiciona como socio estrat\u00e9gico de la empresa, capaz de identificar riesgos emergentes, detectar situaciones de infraseguraci\u00f3n y proponer soluciones adaptadas a cada actividad y realidad empresarial. Un enfoque que refuerza el valor diferencial de la mediaci\u00f3n frente a otros canales y consolida su papel como figura de confianza para el empresario.<\/p>\n<p><\/p>\n<p class=\"p1\">La revista pone en valor, adem\u00e1s, el enorme potencial de crecimiento que representa este segmento para la mediaci\u00f3n. Un espacio donde el conocimiento, la proximidad y la capacidad de anticipaci\u00f3n se convierten en palancas clave para construir relaciones s\u00f3lidas y duraderas.<\/p>\n<p><\/p>\n<p class=\"p1\">Con esta nueva edici\u00f3n, <i>Mediario Dossier<\/i> reafirma su vocaci\u00f3n de ser una herramienta \u00fatil para los profesionales del sector, ofreciendo contenidos de an\u00e1lisis, reflexi\u00f3n y visi\u00f3n de futuro que ayuden a afrontar los retos del presente y a aprovechar las oportunidades que ofrece el seguro de empresas.<\/p>\n<p>[\/vc_column_text][vc_row_inner][vc_column_inner width=&#8221;1\/6&#8243;][\/vc_column_inner][vc_column_inner width=&#8221;1\/6&#8243;][\/vc_column_inner][vc_column_inner width=&#8221;1\/6&#8243;][\/vc_column_inner][vc_column_inner width=&#8221;1\/6&#8243;][\/vc_column_inner][\/vc_row_inner][\/vc_column][vc_column width=&#8221;1\/4&#8243;][stm_spacing lg_spacing=&#8221;50&#8243; md_spacing=&#8221;50&#8243; sm_spacing=&#8221;50&#8243; xs_spacing=&#8221;50&#8243;][vc_column_text]<\/p>\n<h2>\u00daltimas noticias<\/h2>\n<p>[\/vc_column_text][stm_news loop=&#8221;size:4|order_by:date|order:DESC|post_type:post|categories:8&#8243; posts_per_row=&#8221;2&#8243;][\/vc_column][\/vc_row]<\/p>\n<\/div>","protected":false},"excerpt":{"rendered":"<p>[vc_row][vc_column width=&#8221;3\/4&#8243;][vc_column_text css=&#8221;&#8221;] MEDIARIO DOSSIER \/ Las empresas, una gran oportunidad [\/vc_column_text][stm_spacing lg_spacing=&#8221;6&#8243; md_spacing=&#8221;6&#8243; sm_spacing=&#8221;6&#8243; xs_spacing=&#8221;6&#8243;][vc_column_text css=&#8221;&#8221;]05\/03\/03[\/vc_column_text][vc_column_text css=&#8221;&#8221;] El mediador es una pieza clave por su capacidad de asesoramiento [\/vc_column_text][vc_single_image source=&#8221;featured_image&#8221; img_size=&#8221;850&#215;350&#8243;][vc_column_text css=&#8221;.vc_custom_1772627207307{margin-bottom: 20px !important;}&#8221;] La nueva edici\u00f3n de Mediario Dossier ser centra en analizar desde distintos puntos de vista la relaci\u00f3n entre la mediaci\u00f3n<\/p>\n","protected":false},"author":562,"featured_media":0,"comment_status":"closed","ping_status":"open","sticky":false,"template":"","format":"standard","meta":{"footnotes":""},"categories":[9,2133],"tags":[2159,2158,1867,1868],"class_list":{"0":"post-26985","1":"post","2":"type-post","3":"status-publish","4":"format-standard","5":"hentry","6":"category-es-noticias","7":"category-sense-categoria","8":"tag-mednews-293","10":"tag-mn","11":"tag-mn-2"},"yoast_head":"<!-- This site is optimized with the Yoast SEO plugin v27.5 - https:\/\/yoast.com\/product\/yoast-seo-wordpress\/ -->\n<title>Mediario Dossier #22 - Col-legi de Mediadors d&#039;Assegurances de Barcelona<\/title>\n<meta name=\"robots\" content=\"index, follow, max-snippet:-1, max-image-preview:large, max-video-preview:-1\" \/>\n<link rel=\"canonical\" href=\"https:\/\/www.elcol-legi.org\/w\/es\/mediario-dossier-22\/\" \/>\n<meta property=\"og:locale\" content=\"es_ES\" \/>\n<meta property=\"og:type\" content=\"article\" \/>\n<meta property=\"og:title\" content=\"Mediario Dossier #22 - Col-legi de Mediadors d&#039;Assegurances de Barcelona\" \/>\n<meta property=\"og:description\" content=\"[vc_row][vc_column width=&#8221;3\/4&#8243;][vc_column_text css=&#8221;&#8221;] MEDIARIO DOSSIER \/ Las empresas, una gran oportunidad [\/vc_column_text][stm_spacing lg_spacing=&#8221;6&#8243; md_spacing=&#8221;6&#8243; sm_spacing=&#8221;6&#8243; xs_spacing=&#8221;6&#8243;][vc_column_text css=&#8221;&#8221;]05\/03\/03[\/vc_column_text][vc_column_text css=&#8221;&#8221;] El mediador es una pieza clave por su capacidad de asesoramiento [\/vc_column_text][vc_single_image source=&#8221;featured_image&#8221; img_size=&#8221;850&#215;350&#8243;][vc_column_text css=&#8221;.vc_custom_1772627207307{margin-bottom: 20px !important;}&#8221;] La nueva edici\u00f3n de Mediario Dossier ser centra en analizar desde distintos puntos de vista la relaci\u00f3n entre la mediaci\u00f3n\" \/>\n<meta property=\"og:url\" content=\"https:\/\/www.elcol-legi.org\/w\/es\/mediario-dossier-22\/\" \/>\n<meta property=\"og:site_name\" content=\"Col-legi de Mediadors d&#039;Assegurances de Barcelona\" \/>\n<meta property=\"article:published_time\" content=\"2026-03-04T12:46:28+00:00\" \/>\n<meta property=\"article:modified_time\" content=\"2026-03-04T12:46:57+00:00\" \/>\n<meta name=\"author\" content=\"Marc Alcaraz\" \/>\n<meta name=\"twitter:card\" content=\"summary_large_image\" \/>\n<meta name=\"twitter:label1\" content=\"Escrito por\" \/>\n\t<meta name=\"twitter:data1\" content=\"Marc Alcaraz\" \/>\n\t<meta name=\"twitter:label2\" content=\"Tiempo de lectura\" \/>\n\t<meta name=\"twitter:data2\" content=\"2 minutos\" \/>\n<script type=\"application\/ld+json\" class=\"yoast-schema-graph\">{\"@context\":\"https:\\\/\\\/schema.org\",\"@graph\":[{\"@type\":\"Article\",\"@id\":\"https:\\\/\\\/www.elcol-legi.org\\\/w\\\/es\\\/mediario-dossier-22\\\/#article\",\"isPartOf\":{\"@id\":\"https:\\\/\\\/www.elcol-legi.org\\\/w\\\/es\\\/mediario-dossier-22\\\/\"},\"author\":{\"name\":\"Marc Alcaraz\",\"@id\":\"https:\\\/\\\/www.elcol-legi.org\\\/w\\\/es\\\/#\\\/schema\\\/person\\\/4283d40fbd72a940d5fff484fe5ec410\"},\"headline\":\"Mediario Dossier #22\",\"datePublished\":\"2026-03-04T12:46:28+00:00\",\"dateModified\":\"2026-03-04T12:46:57+00:00\",\"mainEntityOfPage\":{\"@id\":\"https:\\\/\\\/www.elcol-legi.org\\\/w\\\/es\\\/mediario-dossier-22\\\/\"},\"wordCount\":467,\"keywords\":[\". MedNews 293\",\". MedNews 293\",\"MN\",\"MN\"],\"articleSection\":[\"Noticias\",\"Sense categoria\"],\"inLanguage\":\"es\"},{\"@type\":\"WebPage\",\"@id\":\"https:\\\/\\\/www.elcol-legi.org\\\/w\\\/es\\\/mediario-dossier-22\\\/\",\"url\":\"https:\\\/\\\/www.elcol-legi.org\\\/w\\\/es\\\/mediario-dossier-22\\\/\",\"name\":\"Mediario Dossier #22 - Col-legi de Mediadors d&#039;Assegurances de Barcelona\",\"isPartOf\":{\"@id\":\"https:\\\/\\\/www.elcol-legi.org\\\/w\\\/es\\\/#website\"},\"datePublished\":\"2026-03-04T12:46:28+00:00\",\"dateModified\":\"2026-03-04T12:46:57+00:00\",\"author\":{\"@id\":\"https:\\\/\\\/www.elcol-legi.org\\\/w\\\/es\\\/#\\\/schema\\\/person\\\/4283d40fbd72a940d5fff484fe5ec410\"},\"breadcrumb\":{\"@id\":\"https:\\\/\\\/www.elcol-legi.org\\\/w\\\/es\\\/mediario-dossier-22\\\/#breadcrumb\"},\"inLanguage\":\"es\",\"potentialAction\":[{\"@type\":\"ReadAction\",\"target\":[\"https:\\\/\\\/www.elcol-legi.org\\\/w\\\/es\\\/mediario-dossier-22\\\/\"]}]},{\"@type\":\"BreadcrumbList\",\"@id\":\"https:\\\/\\\/www.elcol-legi.org\\\/w\\\/es\\\/mediario-dossier-22\\\/#breadcrumb\",\"itemListElement\":[{\"@type\":\"ListItem\",\"position\":1,\"name\":\"Inici\",\"item\":\"https:\\\/\\\/www.elcol-legi.org\\\/w\\\/es\\\/\"},{\"@type\":\"ListItem\",\"position\":2,\"name\":\"Mediario Dossier #22\"}]},{\"@type\":\"WebSite\",\"@id\":\"https:\\\/\\\/www.elcol-legi.org\\\/w\\\/es\\\/#website\",\"url\":\"https:\\\/\\\/www.elcol-legi.org\\\/w\\\/es\\\/\",\"name\":\"Col-legi de Mediadors d&#039;Assegurances de Barcelona\",\"description\":\"Support al mediador d&#039;assegurances\",\"potentialAction\":[{\"@type\":\"SearchAction\",\"target\":{\"@type\":\"EntryPoint\",\"urlTemplate\":\"https:\\\/\\\/www.elcol-legi.org\\\/w\\\/es\\\/?s={search_term_string}\"},\"query-input\":{\"@type\":\"PropertyValueSpecification\",\"valueRequired\":true,\"valueName\":\"search_term_string\"}}],\"inLanguage\":\"es\"},{\"@type\":\"Person\",\"@id\":\"https:\\\/\\\/www.elcol-legi.org\\\/w\\\/es\\\/#\\\/schema\\\/person\\\/4283d40fbd72a940d5fff484fe5ec410\",\"name\":\"Marc Alcaraz\",\"image\":{\"@type\":\"ImageObject\",\"inLanguage\":\"es\",\"@id\":\"https:\\\/\\\/secure.gravatar.com\\\/avatar\\\/e5dee642a130a369f4e8f5fe2d78526e99d5506f34de2f80b7994e63dc58d1b0?s=96&d=mm&r=g\",\"url\":\"https:\\\/\\\/secure.gravatar.com\\\/avatar\\\/e5dee642a130a369f4e8f5fe2d78526e99d5506f34de2f80b7994e63dc58d1b0?s=96&d=mm&r=g\",\"contentUrl\":\"https:\\\/\\\/secure.gravatar.com\\\/avatar\\\/e5dee642a130a369f4e8f5fe2d78526e99d5506f34de2f80b7994e63dc58d1b0?s=96&d=mm&r=g\",\"caption\":\"Marc Alcaraz\"},\"url\":\"https:\\\/\\\/www.elcol-legi.org\\\/w\\\/es\\\/author\\\/efreire\\\/\"}]}<\/script>\n<!-- \/ Yoast SEO plugin. -->","yoast_head_json":{"title":"Mediario Dossier #22 - Col-legi de Mediadors d&#039;Assegurances de Barcelona","robots":{"index":"index","follow":"follow","max-snippet":"max-snippet:-1","max-image-preview":"max-image-preview:large","max-video-preview":"max-video-preview:-1"},"canonical":"https:\/\/www.elcol-legi.org\/w\/es\/mediario-dossier-22\/","og_locale":"es_ES","og_type":"article","og_title":"Mediario Dossier #22 - Col-legi de Mediadors d&#039;Assegurances de Barcelona","og_description":"[vc_row][vc_column width=&#8221;3\/4&#8243;][vc_column_text css=&#8221;&#8221;] MEDIARIO DOSSIER \/ Las empresas, una gran oportunidad [\/vc_column_text][stm_spacing lg_spacing=&#8221;6&#8243; md_spacing=&#8221;6&#8243; sm_spacing=&#8221;6&#8243; xs_spacing=&#8221;6&#8243;][vc_column_text css=&#8221;&#8221;]05\/03\/03[\/vc_column_text][vc_column_text css=&#8221;&#8221;] El mediador es una pieza clave por su capacidad de asesoramiento [\/vc_column_text][vc_single_image source=&#8221;featured_image&#8221; img_size=&#8221;850&#215;350&#8243;][vc_column_text css=&#8221;.vc_custom_1772627207307{margin-bottom: 20px !important;}&#8221;] La nueva edici\u00f3n de Mediario Dossier ser centra en analizar desde distintos puntos de vista la relaci\u00f3n entre la mediaci\u00f3n","og_url":"https:\/\/www.elcol-legi.org\/w\/es\/mediario-dossier-22\/","og_site_name":"Col-legi de Mediadors d&#039;Assegurances de Barcelona","article_published_time":"2026-03-04T12:46:28+00:00","article_modified_time":"2026-03-04T12:46:57+00:00","author":"Marc Alcaraz","twitter_card":"summary_large_image","twitter_misc":{"Escrito por":"Marc Alcaraz","Tiempo de lectura":"2 minutos"},"schema":{"@context":"https:\/\/schema.org","@graph":[{"@type":"Article","@id":"https:\/\/www.elcol-legi.org\/w\/es\/mediario-dossier-22\/#article","isPartOf":{"@id":"https:\/\/www.elcol-legi.org\/w\/es\/mediario-dossier-22\/"},"author":{"name":"Marc Alcaraz","@id":"https:\/\/www.elcol-legi.org\/w\/es\/#\/schema\/person\/4283d40fbd72a940d5fff484fe5ec410"},"headline":"Mediario Dossier #22","datePublished":"2026-03-04T12:46:28+00:00","dateModified":"2026-03-04T12:46:57+00:00","mainEntityOfPage":{"@id":"https:\/\/www.elcol-legi.org\/w\/es\/mediario-dossier-22\/"},"wordCount":467,"keywords":[". MedNews 293",". MedNews 293","MN","MN"],"articleSection":["Noticias","Sense categoria"],"inLanguage":"es"},{"@type":"WebPage","@id":"https:\/\/www.elcol-legi.org\/w\/es\/mediario-dossier-22\/","url":"https:\/\/www.elcol-legi.org\/w\/es\/mediario-dossier-22\/","name":"Mediario Dossier #22 - Col-legi de Mediadors d&#039;Assegurances de Barcelona","isPartOf":{"@id":"https:\/\/www.elcol-legi.org\/w\/es\/#website"},"datePublished":"2026-03-04T12:46:28+00:00","dateModified":"2026-03-04T12:46:57+00:00","author":{"@id":"https:\/\/www.elcol-legi.org\/w\/es\/#\/schema\/person\/4283d40fbd72a940d5fff484fe5ec410"},"breadcrumb":{"@id":"https:\/\/www.elcol-legi.org\/w\/es\/mediario-dossier-22\/#breadcrumb"},"inLanguage":"es","potentialAction":[{"@type":"ReadAction","target":["https:\/\/www.elcol-legi.org\/w\/es\/mediario-dossier-22\/"]}]},{"@type":"BreadcrumbList","@id":"https:\/\/www.elcol-legi.org\/w\/es\/mediario-dossier-22\/#breadcrumb","itemListElement":[{"@type":"ListItem","position":1,"name":"Inici","item":"https:\/\/www.elcol-legi.org\/w\/es\/"},{"@type":"ListItem","position":2,"name":"Mediario Dossier #22"}]},{"@type":"WebSite","@id":"https:\/\/www.elcol-legi.org\/w\/es\/#website","url":"https:\/\/www.elcol-legi.org\/w\/es\/","name":"Col-legi de Mediadors d&#039;Assegurances de Barcelona","description":"Support al mediador d&#039;assegurances","potentialAction":[{"@type":"SearchAction","target":{"@type":"EntryPoint","urlTemplate":"https:\/\/www.elcol-legi.org\/w\/es\/?s={search_term_string}"},"query-input":{"@type":"PropertyValueSpecification","valueRequired":true,"valueName":"search_term_string"}}],"inLanguage":"es"},{"@type":"Person","@id":"https:\/\/www.elcol-legi.org\/w\/es\/#\/schema\/person\/4283d40fbd72a940d5fff484fe5ec410","name":"Marc Alcaraz","image":{"@type":"ImageObject","inLanguage":"es","@id":"https:\/\/secure.gravatar.com\/avatar\/e5dee642a130a369f4e8f5fe2d78526e99d5506f34de2f80b7994e63dc58d1b0?s=96&d=mm&r=g","url":"https:\/\/secure.gravatar.com\/avatar\/e5dee642a130a369f4e8f5fe2d78526e99d5506f34de2f80b7994e63dc58d1b0?s=96&d=mm&r=g","contentUrl":"https:\/\/secure.gravatar.com\/avatar\/e5dee642a130a369f4e8f5fe2d78526e99d5506f34de2f80b7994e63dc58d1b0?s=96&d=mm&r=g","caption":"Marc Alcaraz"},"url":"https:\/\/www.elcol-legi.org\/w\/es\/author\/efreire\/"}]}},"_links":{"self":[{"href":"https:\/\/www.elcol-legi.org\/w\/es\/wp-json\/wp\/v2\/posts\/26985","targetHints":{"allow":["GET"]}}],"collection":[{"href":"https:\/\/www.elcol-legi.org\/w\/es\/wp-json\/wp\/v2\/posts"}],"about":[{"href":"https:\/\/www.elcol-legi.org\/w\/es\/wp-json\/wp\/v2\/types\/post"}],"author":[{"embeddable":true,"href":"https:\/\/www.elcol-legi.org\/w\/es\/wp-json\/wp\/v2\/users\/562"}],"replies":[{"embeddable":true,"href":"https:\/\/www.elcol-legi.org\/w\/es\/wp-json\/wp\/v2\/comments?post=26985"}],"version-history":[{"count":4,"href":"https:\/\/www.elcol-legi.org\/w\/es\/wp-json\/wp\/v2\/posts\/26985\/revisions"}],"predecessor-version":[{"id":26989,"href":"https:\/\/www.elcol-legi.org\/w\/es\/wp-json\/wp\/v2\/posts\/26985\/revisions\/26989"}],"wp:attachment":[{"href":"https:\/\/www.elcol-legi.org\/w\/es\/wp-json\/wp\/v2\/media?parent=26985"}],"wp:term":[{"taxonomy":"category","embeddable":true,"href":"https:\/\/www.elcol-legi.org\/w\/es\/wp-json\/wp\/v2\/categories?post=26985"},{"taxonomy":"post_tag","embeddable":true,"href":"https:\/\/www.elcol-legi.org\/w\/es\/wp-json\/wp\/v2\/tags?post=26985"}],"curies":[{"name":"wp","href":"https:\/\/api.w.org\/{rel}","templated":true}]}}