{"id":28573,"date":"2026-09-01T15:23:40","date_gmt":"2026-09-01T13:23:40","guid":{"rendered":"https:\/\/www.elcol-legi.org\/w\/los-planes-de-pensiones-siguen-con-fuerza\/"},"modified":"2026-09-01T15:26:15","modified_gmt":"2026-09-01T13:26:15","slug":"los-planes-de-pensiones-siguen-con-fuerza","status":"publish","type":"post","link":"https:\/\/www.elcol-legi.org\/w\/es\/los-planes-de-pensiones-siguen-con-fuerza\/","title":{"rendered":"Los planes de pensiones siguen con fuerza"},"content":{"rendered":"<div class=\"wpb-content-wrapper\"><p>[vc_row][vc_column width=&#8221;3\/4&#8243;][vc_column_text css=&#8221;&#8221;]<\/p>\n<h2>Los planes de pensiones alcanzan un r\u00e9cord de 145.107 millones de euros despr\u00e9s de cr\u00e9ixer un 6,8% en el segon trimestre<\/h2>\n<p>[\/vc_column_text][stm_spacing lg_spacing=&#8221;6&#8243; md_spacing=&#8221;6&#8243; sm_spacing=&#8221;6&#8243; xs_spacing=&#8221;6&#8243;][vc_column_text css=&#8221;&#8221;]<em>4-9-2026<\/em>[\/vc_column_text][vc_column_text css=&#8221;&#8221;]<em><strong>El aumento de les aportaciones y el fuerte impulso de los planes de ocupaci\u00f3n simplificados refuerzan la previsi\u00f3n social complementaria<\/strong><\/em>[\/vc_column_text][vc_single_image source=&#8221;featured_image&#8221; img_size=&#8221;850&#215;350&#8243;][vc_column_text css=&#8221;.vc_custom_1788267304822{margin-bottom: 20px !important;}&#8221;]<\/p>\n<p class=\"p1\">El patrimonio gestionado por los planes de pensiones en Espa\u00f1a alcanz\u00f3 a finales de junio un <b>nuevo m\u00e1ximo hist\u00f3rico de 145.107 millones de euros<\/b>, tras registrar un crecimiento del <b>6,8% durante el segundo trimestre de 2026<\/b>, seg\u00fan los \u00faltimos datos publicados por Inverco.<\/p>\n<p><\/p>\n<p class=\"p1\">El avance entre abril y junio estuvo impulsado principalmente por la <b>revalorizaci\u00f3n de las carteras<\/b>, en un trimestre favorable para los mercados financieros. Con respecto al cierre de 2025, el patrimonio acumulado aumenta un <b>2,2%<\/b>, mientras que en comparaci\u00f3n con junio de 2025 el crecimiento alcanza el <b>10%<\/b>.<\/p>\n<p><\/p>\n<p class=\"p1\">Los datos confirman as\u00ed la progresiva recuperaci\u00f3n de los activos gestionados por este instrumento de previsi\u00f3n, aunque la evoluci\u00f3n sigue estando muy vinculada al comportamiento de los mercados.<\/p>\n<p><\/p>\n<p class=\"p2\"><b>Las aportaciones aceleran su crecimiento<\/b><\/p>\n<p><\/p>\n<p class=\"p1\">Las aportaciones realizadas a los planes de pensiones durante los seis primeros meses del a\u00f1o ascendieron a <b>1.509 millones de euros<\/b>, un <b>8,5% m\u00e1s<\/b> que en el mismo periodo de 2025.<\/p>\n<p><\/p>\n<p class=\"p1\">El mayor dinamismo procedi\u00f3 del <b>sistema de empleo<\/b>, que recibi\u00f3 817 millones de euros, un <b>16% m\u00e1s<\/b> que un a\u00f1o antes.<\/p>\n<p><\/p>\n<p class=\"p1\">Dentro de este segmento destaca especialmente la evoluci\u00f3n de los <b>Planes de Empleo Simplificados<\/b>, cuyas aportaciones se dispararon un <b>120%<\/b>, hasta alcanzar los <b>272 millones de euros<\/b>.<\/p>\n<p><\/p>\n<p class=\"p1\">Esta evoluci\u00f3n refleja el creciente protagonismo de los nuevos mecanismos de previsi\u00f3n colectiva, especialmente entre trabajadores aut\u00f3nomos y determinados colectivos profesionales, y apunta a una mayor implantaci\u00f3n de los sistemas de empleo como complemento del ahorro individual.<\/p>\n<p><\/p>\n<p class=\"p1\">En sentido contrario, las <b>prestaciones pagadas descendieron un 19%<\/b> durante el primer semestre respecto al mismo periodo del a\u00f1o anterior.<\/p>\n<p><\/p>\n<p class=\"p2\"><b>El sistema individual sigue concentrando la mayor parte del ahorro<\/b><\/p>\n<p><\/p>\n<p class=\"p1\">A pesar del avance de la previsi\u00f3n colectiva, el <b>sistema individual contin\u00faa concentrando la mayor parte del patrimonio<\/b>.<\/p>\n<p><\/p>\n<p class=\"p1\">A cierre del segundo trimestre gestionaba <b>101.848 millones de euros<\/b>, un 5,8% m\u00e1s que un a\u00f1o antes, y acumulaba m\u00e1s de <b>7,2 millones de cuentas de part\u00edcipes<\/b>.<\/p>\n<p><\/p>\n<p class=\"p1\">Por su parte, el sistema de empleo gestionaba <b>42.421 millones de euros<\/b>, con un crecimiento interanual del 3,8%, y reun\u00eda alrededor de <b>3,3 millones de cuentas<\/b>.<\/p>\n<p><\/p>\n<p class=\"p1\">En conjunto, los planes de pensiones contabilizaban <b>10,6 millones de cuentas de part\u00edcipes<\/b>, 78.429 m\u00e1s que al inicio de 2026.<\/p>\n<p><\/p>\n<p class=\"p2\"><b>Los planes simplificados ganan peso<\/b><\/p>\n<p><\/p>\n<p class=\"p1\">Uno de los datos m\u00e1s destacados del semestre es precisamente el avance de los Planes de Empleo Simplificados.<\/p>\n<p><\/p>\n<p class=\"p1\">Estos productos alcanzan ya <b>1,17 millones de part\u00edcipes<\/b>, despu\u00e9s de incorporar m\u00e1s de <b>88.600 nuevos participantes<\/b> en lo que va de a\u00f1o.<\/p>\n<p><\/p>\n<p class=\"p1\">La evoluci\u00f3n confirma el papel creciente de estos instrumentos dentro de la estrategia de extensi\u00f3n de la previsi\u00f3n social complementaria, especialmente en colectivos que tradicionalmente han tenido m\u00e1s dificultades para acceder a sistemas de ahorro vinculados al empleo.<\/p>\n<p><\/p>\n<p class=\"p2\"><b>Un mercado que recupera atractivo<\/b><\/p>\n<p><\/p>\n<p class=\"p1\">El nuevo r\u00e9cord patrimonial llega en un contexto en el que la necesidad de reforzar el ahorro para la jubilaci\u00f3n gana peso en el debate econ\u00f3mico y social.<\/p>\n<p><\/p>\n<p class=\"p1\">El incremento de las aportaciones y, especialmente, el fuerte crecimiento de los sistemas de empleo simplificados muestran que la previsi\u00f3n complementaria est\u00e1 ampliando progresivamente su alcance.<\/p>\n<p><\/p>\n<p class=\"p1\">Al mismo tiempo, la evoluci\u00f3n del patrimonio pone de manifiesto la importancia que sigue teniendo la rentabilidad de los activos en el crecimiento del sistema: una parte sustancial del aumento registrado durante el segundo trimestre procede de la <b>revalorizaci\u00f3n de las inversiones<\/b>, y no \u00fanicamente de nuevas aportaciones.<\/p>\n<p><\/p>\n<p class=\"p1\">Con <b>145.107 millones de euros gestionados<\/b>, los planes de pensiones afrontan la segunda mitad de 2026 desde m\u00e1ximos hist\u00f3ricos, aunque el reto de fondo contin\u00faa siendo el mismo: <b>conseguir que m\u00e1s trabajadores incrementen de forma sostenida su ahorro destinado a la jubilaci\u00f3n y que la previsi\u00f3n complementaria gane peso dentro de la planificaci\u00f3n financiera de los hogares<\/b>.<\/p>\n<p>[\/vc_column_text][vc_row_inner][vc_column_inner width=&#8221;1\/6&#8243;][\/vc_column_inner][vc_column_inner width=&#8221;1\/6&#8243;][\/vc_column_inner][vc_column_inner width=&#8221;1\/6&#8243;][\/vc_column_inner][vc_column_inner width=&#8221;1\/6&#8243;][\/vc_column_inner][\/vc_row_inner][\/vc_column][vc_column width=&#8221;1\/4&#8243;][stm_spacing lg_spacing=&#8221;50&#8243; md_spacing=&#8221;50&#8243; sm_spacing=&#8221;50&#8243; xs_spacing=&#8221;50&#8243;][vc_column_text]<\/p>\n<h2>\u00daltimas noticias<\/h2>\n<p>[\/vc_column_text][stm_news loop=&#8221;size:4|order_by:date|order:DESC|post_type:post|categories:8&#8243; posts_per_row=&#8221;2&#8243;][\/vc_column][\/vc_row]<\/p>\n<\/div>","protected":false},"excerpt":{"rendered":"<p>[vc_row][vc_column width=&#8221;3\/4&#8243;][vc_column_text css=&#8221;&#8221;] Los planes de pensiones alcanzan un r\u00e9cord de 145.107 millones de euros despr\u00e9s de cr\u00e9ixer un 6,8% en el segon trimestre [\/vc_column_text][stm_spacing lg_spacing=&#8221;6&#8243; md_spacing=&#8221;6&#8243; sm_spacing=&#8221;6&#8243; xs_spacing=&#8221;6&#8243;][vc_column_text css=&#8221;&#8221;]4-9-2026[\/vc_column_text][vc_column_text css=&#8221;&#8221;]El aumento de les aportaciones y el fuerte impulso de los planes de ocupaci\u00f3n simplificados refuerzan la previsi\u00f3n social complementaria[\/vc_column_text][vc_single_image source=&#8221;featured_image&#8221; img_size=&#8221;850&#215;350&#8243;][vc_column_text css=&#8221;.vc_custom_1788267304822{margin-bottom: 20px !important;}&#8221;]<\/p>\n","protected":false},"author":562,"featured_media":28571,"comment_status":"closed","ping_status":"open","sticky":false,"template":"","format":"standard","meta":{"footnotes":""},"categories":[9],"tags":[2209],"class_list":["post-28573","post","type-post","status-publish","format-standard","has-post-thumbnail","hentry","category-es-noticias","tag-mn304"],"yoast_head":"<!-- This site is optimized with the Yoast SEO plugin v28.4 - https:\/\/yoast.com\/product\/yoast-seo-wordpress\/ -->\n<title>Los planes de pensiones siguen con fuerza - Col-legi de Mediadors d&#039;Assegurances de Barcelona<\/title>\n<meta name=\"robots\" content=\"index, follow, max-snippet:-1, max-image-preview:large, max-video-preview:-1\" \/>\n<link rel=\"canonical\" href=\"https:\/\/www.elcol-legi.org\/w\/es\/los-planes-de-pensiones-siguen-con-fuerza\/\" \/>\n<meta property=\"og:locale\" content=\"es_ES\" \/>\n<meta property=\"og:type\" content=\"article\" \/>\n<meta property=\"og:title\" content=\"Los planes de pensiones siguen con fuerza - Col-legi de Mediadors d&#039;Assegurances de Barcelona\" \/>\n<meta property=\"og:description\" content=\"[vc_row][vc_column width=&#8221;3\/4&#8243;][vc_column_text css=&#8221;&#8221;] Los planes de pensiones alcanzan un r\u00e9cord de 145.107 millones de euros despr\u00e9s de cr\u00e9ixer un 6,8% en el segon trimestre [\/vc_column_text][stm_spacing lg_spacing=&#8221;6&#8243; md_spacing=&#8221;6&#8243; sm_spacing=&#8221;6&#8243; xs_spacing=&#8221;6&#8243;][vc_column_text css=&#8221;&#8221;]4-9-2026[\/vc_column_text][vc_column_text css=&#8221;&#8221;]El aumento de les aportaciones y el fuerte impulso de los planes de ocupaci\u00f3n simplificados refuerzan la previsi\u00f3n social complementaria[\/vc_column_text][vc_single_image source=&#8221;featured_image&#8221; img_size=&#8221;850&#215;350&#8243;][vc_column_text css=&#8221;.vc_custom_1788267304822{margin-bottom: 20px !important;}&#8221;]\" \/>\n<meta property=\"og:url\" content=\"https:\/\/www.elcol-legi.org\/w\/es\/los-planes-de-pensiones-siguen-con-fuerza\/\" \/>\n<meta property=\"og:site_name\" content=\"Col-legi de Mediadors d&#039;Assegurances de Barcelona\" \/>\n<meta property=\"article:published_time\" content=\"2026-09-01T13:23:40+00:00\" \/>\n<meta property=\"article:modified_time\" content=\"2026-09-01T13:26:15+00:00\" \/>\n<meta property=\"og:image\" content=\"https:\/\/www.elcol-legi.org\/w\/wp-content\/uploads\/2026\/09\/Captura-de-pantalla-2026-08-04-a-las-10.08.01.png\" \/>\n\t<meta property=\"og:image:width\" content=\"1216\" \/>\n\t<meta property=\"og:image:height\" content=\"804\" \/>\n\t<meta property=\"og:image:type\" content=\"image\/png\" \/>\n<meta name=\"author\" content=\"Marc Alcaraz\" \/>\n<meta name=\"twitter:card\" content=\"summary_large_image\" \/>\n<meta name=\"twitter:label1\" content=\"Escrito por\" \/>\n\t<meta name=\"twitter:data1\" content=\"Marc Alcaraz\" \/>\n\t<meta name=\"twitter:label2\" content=\"Tiempo de lectura\" \/>\n\t<meta name=\"twitter:data2\" content=\"4 minutos\" \/>\n<script type=\"application\/ld+json\" class=\"yoast-schema-graph\">{\"@context\":\"https:\\\/\\\/schema.org\",\"@graph\":[{\"@type\":\"Article\",\"@id\":\"https:\\\/\\\/www.elcol-legi.org\\\/w\\\/es\\\/los-planes-de-pensiones-siguen-con-fuerza\\\/#article\",\"isPartOf\":{\"@id\":\"https:\\\/\\\/www.elcol-legi.org\\\/w\\\/es\\\/los-planes-de-pensiones-siguen-con-fuerza\\\/\"},\"author\":{\"name\":\"Marc Alcaraz\",\"@id\":\"https:\\\/\\\/www.elcol-legi.org\\\/w\\\/es\\\/#\\\/schema\\\/person\\\/4283d40fbd72a940d5fff484fe5ec410\"},\"headline\":\"Los planes de pensiones siguen con fuerza\",\"datePublished\":\"2026-09-01T13:23:40+00:00\",\"dateModified\":\"2026-09-01T13:26:15+00:00\",\"mainEntityOfPage\":{\"@id\":\"https:\\\/\\\/www.elcol-legi.org\\\/w\\\/es\\\/los-planes-de-pensiones-siguen-con-fuerza\\\/\"},\"wordCount\":817,\"image\":{\"@id\":\"https:\\\/\\\/www.elcol-legi.org\\\/w\\\/es\\\/los-planes-de-pensiones-siguen-con-fuerza\\\/#primaryimage\"},\"thumbnailUrl\":\"https:\\\/\\\/www.elcol-legi.org\\\/w\\\/wp-content\\\/uploads\\\/2026\\\/09\\\/Captura-de-pantalla-2026-08-04-a-las-10.08.01.png\",\"keywords\":[\"mn304\"],\"articleSection\":[\"Noticias\"],\"inLanguage\":\"es\"},{\"@type\":\"WebPage\",\"@id\":\"https:\\\/\\\/www.elcol-legi.org\\\/w\\\/es\\\/los-planes-de-pensiones-siguen-con-fuerza\\\/\",\"url\":\"https:\\\/\\\/www.elcol-legi.org\\\/w\\\/es\\\/los-planes-de-pensiones-siguen-con-fuerza\\\/\",\"name\":\"Los planes de pensiones siguen con fuerza - Col-legi de Mediadors d&#039;Assegurances de Barcelona\",\"isPartOf\":{\"@id\":\"https:\\\/\\\/www.elcol-legi.org\\\/w\\\/es\\\/#website\"},\"primaryImageOfPage\":{\"@id\":\"https:\\\/\\\/www.elcol-legi.org\\\/w\\\/es\\\/los-planes-de-pensiones-siguen-con-fuerza\\\/#primaryimage\"},\"image\":{\"@id\":\"https:\\\/\\\/www.elcol-legi.org\\\/w\\\/es\\\/los-planes-de-pensiones-siguen-con-fuerza\\\/#primaryimage\"},\"thumbnailUrl\":\"https:\\\/\\\/www.elcol-legi.org\\\/w\\\/wp-content\\\/uploads\\\/2026\\\/09\\\/Captura-de-pantalla-2026-08-04-a-las-10.08.01.png\",\"datePublished\":\"2026-09-01T13:23:40+00:00\",\"dateModified\":\"2026-09-01T13:26:15+00:00\",\"author\":{\"@id\":\"https:\\\/\\\/www.elcol-legi.org\\\/w\\\/es\\\/#\\\/schema\\\/person\\\/4283d40fbd72a940d5fff484fe5ec410\"},\"breadcrumb\":{\"@id\":\"https:\\\/\\\/www.elcol-legi.org\\\/w\\\/es\\\/los-planes-de-pensiones-siguen-con-fuerza\\\/#breadcrumb\"},\"inLanguage\":\"es\",\"potentialAction\":[{\"@type\":\"ReadAction\",\"target\":[\"https:\\\/\\\/www.elcol-legi.org\\\/w\\\/es\\\/los-planes-de-pensiones-siguen-con-fuerza\\\/\"]}]},{\"@type\":\"ImageObject\",\"inLanguage\":\"es\",\"@id\":\"https:\\\/\\\/www.elcol-legi.org\\\/w\\\/es\\\/los-planes-de-pensiones-siguen-con-fuerza\\\/#primaryimage\",\"url\":\"https:\\\/\\\/www.elcol-legi.org\\\/w\\\/wp-content\\\/uploads\\\/2026\\\/09\\\/Captura-de-pantalla-2026-08-04-a-las-10.08.01.png\",\"contentUrl\":\"https:\\\/\\\/www.elcol-legi.org\\\/w\\\/wp-content\\\/uploads\\\/2026\\\/09\\\/Captura-de-pantalla-2026-08-04-a-las-10.08.01.png\",\"width\":1216,\"height\":804},{\"@type\":\"BreadcrumbList\",\"@id\":\"https:\\\/\\\/www.elcol-legi.org\\\/w\\\/es\\\/los-planes-de-pensiones-siguen-con-fuerza\\\/#breadcrumb\",\"itemListElement\":[{\"@type\":\"ListItem\",\"position\":1,\"name\":\"Inici\",\"item\":\"https:\\\/\\\/www.elcol-legi.org\\\/w\\\/es\\\/\"},{\"@type\":\"ListItem\",\"position\":2,\"name\":\"Los planes de pensiones siguen con fuerza\"}]},{\"@type\":\"WebSite\",\"@id\":\"https:\\\/\\\/www.elcol-legi.org\\\/w\\\/es\\\/#website\",\"url\":\"https:\\\/\\\/www.elcol-legi.org\\\/w\\\/es\\\/\",\"name\":\"Col-legi de Mediadors d&#039;Assegurances de Barcelona\",\"description\":\"Support al mediador d&#039;assegurances\",\"potentialAction\":[{\"@type\":\"SearchAction\",\"target\":{\"@type\":\"EntryPoint\",\"urlTemplate\":\"https:\\\/\\\/www.elcol-legi.org\\\/w\\\/es\\\/?s={search_term_string}\"},\"query-input\":{\"@type\":\"PropertyValueSpecification\",\"valueRequired\":true,\"valueName\":\"search_term_string\"}}],\"inLanguage\":\"es\"},{\"@type\":\"Person\",\"@id\":\"https:\\\/\\\/www.elcol-legi.org\\\/w\\\/es\\\/#\\\/schema\\\/person\\\/4283d40fbd72a940d5fff484fe5ec410\",\"name\":\"Marc Alcaraz\",\"image\":{\"@type\":\"ImageObject\",\"inLanguage\":\"es\",\"@id\":\"https:\\\/\\\/secure.gravatar.com\\\/avatar\\\/e5dee642a130a369f4e8f5fe2d78526e99d5506f34de2f80b7994e63dc58d1b0?s=96&d=mm&r=g\",\"url\":\"https:\\\/\\\/secure.gravatar.com\\\/avatar\\\/e5dee642a130a369f4e8f5fe2d78526e99d5506f34de2f80b7994e63dc58d1b0?s=96&d=mm&r=g\",\"contentUrl\":\"https:\\\/\\\/secure.gravatar.com\\\/avatar\\\/e5dee642a130a369f4e8f5fe2d78526e99d5506f34de2f80b7994e63dc58d1b0?s=96&d=mm&r=g\",\"caption\":\"Marc Alcaraz\"},\"url\":\"https:\\\/\\\/www.elcol-legi.org\\\/w\\\/es\\\/author\\\/efreire\\\/\"}]}<\/script>\n<!-- \/ Yoast SEO plugin. -->","yoast_head_json":{"title":"Los planes de pensiones siguen con fuerza - Col-legi de Mediadors d&#039;Assegurances de Barcelona","robots":{"index":"index","follow":"follow","max-snippet":"max-snippet:-1","max-image-preview":"max-image-preview:large","max-video-preview":"max-video-preview:-1"},"canonical":"https:\/\/www.elcol-legi.org\/w\/es\/los-planes-de-pensiones-siguen-con-fuerza\/","og_locale":"es_ES","og_type":"article","og_title":"Los planes de pensiones siguen con fuerza - Col-legi de Mediadors d&#039;Assegurances de Barcelona","og_description":"[vc_row][vc_column width=&#8221;3\/4&#8243;][vc_column_text css=&#8221;&#8221;] Los planes de pensiones alcanzan un r\u00e9cord de 145.107 millones de euros despr\u00e9s de cr\u00e9ixer un 6,8% en el segon trimestre [\/vc_column_text][stm_spacing lg_spacing=&#8221;6&#8243; md_spacing=&#8221;6&#8243; sm_spacing=&#8221;6&#8243; xs_spacing=&#8221;6&#8243;][vc_column_text css=&#8221;&#8221;]4-9-2026[\/vc_column_text][vc_column_text css=&#8221;&#8221;]El aumento de les aportaciones y el fuerte impulso de los planes de ocupaci\u00f3n simplificados refuerzan la previsi\u00f3n social complementaria[\/vc_column_text][vc_single_image source=&#8221;featured_image&#8221; img_size=&#8221;850&#215;350&#8243;][vc_column_text css=&#8221;.vc_custom_1788267304822{margin-bottom: 20px !important;}&#8221;]","og_url":"https:\/\/www.elcol-legi.org\/w\/es\/los-planes-de-pensiones-siguen-con-fuerza\/","og_site_name":"Col-legi de Mediadors d&#039;Assegurances de Barcelona","article_published_time":"2026-09-01T13:23:40+00:00","article_modified_time":"2026-09-01T13:26:15+00:00","og_image":[{"width":1216,"height":804,"url":"https:\/\/www.elcol-legi.org\/w\/wp-content\/uploads\/2026\/09\/Captura-de-pantalla-2026-08-04-a-las-10.08.01.png","type":"image\/png"}],"author":"Marc Alcaraz","twitter_card":"summary_large_image","twitter_misc":{"Escrito por":"Marc Alcaraz","Tiempo de lectura":"4 minutos"},"schema":{"@context":"https:\/\/schema.org","@graph":[{"@type":"Article","@id":"https:\/\/www.elcol-legi.org\/w\/es\/los-planes-de-pensiones-siguen-con-fuerza\/#article","isPartOf":{"@id":"https:\/\/www.elcol-legi.org\/w\/es\/los-planes-de-pensiones-siguen-con-fuerza\/"},"author":{"name":"Marc Alcaraz","@id":"https:\/\/www.elcol-legi.org\/w\/es\/#\/schema\/person\/4283d40fbd72a940d5fff484fe5ec410"},"headline":"Los planes de pensiones siguen con fuerza","datePublished":"2026-09-01T13:23:40+00:00","dateModified":"2026-09-01T13:26:15+00:00","mainEntityOfPage":{"@id":"https:\/\/www.elcol-legi.org\/w\/es\/los-planes-de-pensiones-siguen-con-fuerza\/"},"wordCount":817,"image":{"@id":"https:\/\/www.elcol-legi.org\/w\/es\/los-planes-de-pensiones-siguen-con-fuerza\/#primaryimage"},"thumbnailUrl":"https:\/\/www.elcol-legi.org\/w\/wp-content\/uploads\/2026\/09\/Captura-de-pantalla-2026-08-04-a-las-10.08.01.png","keywords":["mn304"],"articleSection":["Noticias"],"inLanguage":"es"},{"@type":"WebPage","@id":"https:\/\/www.elcol-legi.org\/w\/es\/los-planes-de-pensiones-siguen-con-fuerza\/","url":"https:\/\/www.elcol-legi.org\/w\/es\/los-planes-de-pensiones-siguen-con-fuerza\/","name":"Los planes de pensiones siguen con fuerza - Col-legi de Mediadors d&#039;Assegurances de Barcelona","isPartOf":{"@id":"https:\/\/www.elcol-legi.org\/w\/es\/#website"},"primaryImageOfPage":{"@id":"https:\/\/www.elcol-legi.org\/w\/es\/los-planes-de-pensiones-siguen-con-fuerza\/#primaryimage"},"image":{"@id":"https:\/\/www.elcol-legi.org\/w\/es\/los-planes-de-pensiones-siguen-con-fuerza\/#primaryimage"},"thumbnailUrl":"https:\/\/www.elcol-legi.org\/w\/wp-content\/uploads\/2026\/09\/Captura-de-pantalla-2026-08-04-a-las-10.08.01.png","datePublished":"2026-09-01T13:23:40+00:00","dateModified":"2026-09-01T13:26:15+00:00","author":{"@id":"https:\/\/www.elcol-legi.org\/w\/es\/#\/schema\/person\/4283d40fbd72a940d5fff484fe5ec410"},"breadcrumb":{"@id":"https:\/\/www.elcol-legi.org\/w\/es\/los-planes-de-pensiones-siguen-con-fuerza\/#breadcrumb"},"inLanguage":"es","potentialAction":[{"@type":"ReadAction","target":["https:\/\/www.elcol-legi.org\/w\/es\/los-planes-de-pensiones-siguen-con-fuerza\/"]}]},{"@type":"ImageObject","inLanguage":"es","@id":"https:\/\/www.elcol-legi.org\/w\/es\/los-planes-de-pensiones-siguen-con-fuerza\/#primaryimage","url":"https:\/\/www.elcol-legi.org\/w\/wp-content\/uploads\/2026\/09\/Captura-de-pantalla-2026-08-04-a-las-10.08.01.png","contentUrl":"https:\/\/www.elcol-legi.org\/w\/wp-content\/uploads\/2026\/09\/Captura-de-pantalla-2026-08-04-a-las-10.08.01.png","width":1216,"height":804},{"@type":"BreadcrumbList","@id":"https:\/\/www.elcol-legi.org\/w\/es\/los-planes-de-pensiones-siguen-con-fuerza\/#breadcrumb","itemListElement":[{"@type":"ListItem","position":1,"name":"Inici","item":"https:\/\/www.elcol-legi.org\/w\/es\/"},{"@type":"ListItem","position":2,"name":"Los planes de pensiones siguen con fuerza"}]},{"@type":"WebSite","@id":"https:\/\/www.elcol-legi.org\/w\/es\/#website","url":"https:\/\/www.elcol-legi.org\/w\/es\/","name":"Col-legi de Mediadors d&#039;Assegurances de Barcelona","description":"Support al mediador d&#039;assegurances","potentialAction":[{"@type":"SearchAction","target":{"@type":"EntryPoint","urlTemplate":"https:\/\/www.elcol-legi.org\/w\/es\/?s={search_term_string}"},"query-input":{"@type":"PropertyValueSpecification","valueRequired":true,"valueName":"search_term_string"}}],"inLanguage":"es"},{"@type":"Person","@id":"https:\/\/www.elcol-legi.org\/w\/es\/#\/schema\/person\/4283d40fbd72a940d5fff484fe5ec410","name":"Marc Alcaraz","image":{"@type":"ImageObject","inLanguage":"es","@id":"https:\/\/secure.gravatar.com\/avatar\/e5dee642a130a369f4e8f5fe2d78526e99d5506f34de2f80b7994e63dc58d1b0?s=96&d=mm&r=g","url":"https:\/\/secure.gravatar.com\/avatar\/e5dee642a130a369f4e8f5fe2d78526e99d5506f34de2f80b7994e63dc58d1b0?s=96&d=mm&r=g","contentUrl":"https:\/\/secure.gravatar.com\/avatar\/e5dee642a130a369f4e8f5fe2d78526e99d5506f34de2f80b7994e63dc58d1b0?s=96&d=mm&r=g","caption":"Marc Alcaraz"},"url":"https:\/\/www.elcol-legi.org\/w\/es\/author\/efreire\/"}]}},"_links":{"self":[{"href":"https:\/\/www.elcol-legi.org\/w\/es\/wp-json\/wp\/v2\/posts\/28573","targetHints":{"allow":["GET"]}}],"collection":[{"href":"https:\/\/www.elcol-legi.org\/w\/es\/wp-json\/wp\/v2\/posts"}],"about":[{"href":"https:\/\/www.elcol-legi.org\/w\/es\/wp-json\/wp\/v2\/types\/post"}],"author":[{"embeddable":true,"href":"https:\/\/www.elcol-legi.org\/w\/es\/wp-json\/wp\/v2\/users\/562"}],"replies":[{"embeddable":true,"href":"https:\/\/www.elcol-legi.org\/w\/es\/wp-json\/wp\/v2\/comments?post=28573"}],"version-history":[{"count":4,"href":"https:\/\/www.elcol-legi.org\/w\/es\/wp-json\/wp\/v2\/posts\/28573\/revisions"}],"predecessor-version":[{"id":28577,"href":"https:\/\/www.elcol-legi.org\/w\/es\/wp-json\/wp\/v2\/posts\/28573\/revisions\/28577"}],"wp:featuredmedia":[{"embeddable":true,"href":"https:\/\/www.elcol-legi.org\/w\/es\/wp-json\/wp\/v2\/media\/28571"}],"wp:attachment":[{"href":"https:\/\/www.elcol-legi.org\/w\/es\/wp-json\/wp\/v2\/media?parent=28573"}],"wp:term":[{"taxonomy":"category","embeddable":true,"href":"https:\/\/www.elcol-legi.org\/w\/es\/wp-json\/wp\/v2\/categories?post=28573"},{"taxonomy":"post_tag","embeddable":true,"href":"https:\/\/www.elcol-legi.org\/w\/es\/wp-json\/wp\/v2\/tags?post=28573"}],"curies":[{"name":"wp","href":"https:\/\/api.w.org\/{rel}","templated":true}]}}