{"id":28595,"date":"2026-09-02T12:24:12","date_gmt":"2026-09-02T10:24:12","guid":{"rendered":"https:\/\/www.elcol-legi.org\/w\/exsel-entra-en-el-hub-espai-cmab\/"},"modified":"2026-09-02T12:27:11","modified_gmt":"2026-09-02T10:27:11","slug":"exsel-entra-en-el-hub-espai-cmab","status":"publish","type":"post","link":"https:\/\/www.elcol-legi.org\/w\/es\/exsel-entra-en-el-hub-espai-cmab\/","title":{"rendered":"Exsel entra en el Hub Espai CMAB"},"content":{"rendered":"<div class=\"wpb-content-wrapper\"><p>[vc_row][vc_column width=&#8221;3\/4&#8243;][vc_column_text css=&#8221;&#8221;]<\/p>\n<h1><strong>Exsel, especializaci\u00f3n como a propuesta de valor<\/strong><\/h1>\n<p>&nbsp;<\/p>\n<h3><\/h3>\n<p>[\/vc_column_text][stm_spacing lg_spacing=&#8221;6&#8243; md_spacing=&#8221;6&#8243; sm_spacing=&#8221;6&#8243; xs_spacing=&#8221;6&#8243;][vc_column_text css=&#8221;&#8221;]<em>4-9-26<\/em>[\/vc_column_text][vc_column_text css=&#8221;&#8221;]<em>La <\/em><em>agencia de subscripci\u00f3n entra en el Hub Espai CMAB y refuerza su apuesta por la mediaci\u00f3n<\/em><\/p>\n<p>[\/vc_column_text][vc_single_image source=&#8221;featured_image&#8221; img_size=&#8221;850&#215;350&#8243;][vc_column_text css=&#8221;.vc_custom_1788344135625{margin-bottom: 20px !important;}&#8221;]<\/p>\n<p class=\"p5\">Exsel Underwriting Agency y el Col\u00b7legi de Mediadors d\u2019Assegurances de Barcelona han firmado un acuerdo de colaboraci\u00f3n por el que Exsel se incorpora como entidad colaboradora del Hub Espai CMAB, el espacio impulsado por el Col\u00b7legi para fomentar la innovaci\u00f3n, el conocimiento y la colaboraci\u00f3n dentro del sector asegurador.<\/p>\n<p>&nbsp;<\/p>\n<p class=\"p5\">El acuerdo supone un nuevo paso en la relaci\u00f3n entre ambas entidades y refuerza la apuesta del Col\u00b7legi por construir un ecosistema en el que aseguradoras, agencias de suscripci\u00f3n, empresas tecnol\u00f3gicas y otros actores del mercado puedan aportar soluciones y conocimiento a los profesionales de la mediaci\u00f3n.<\/p>\n<p>&nbsp;<\/p>\n<p class=\"p5\">\u00c1lvaro Satr\u00fastegui, presidente y consejero delegado de exsel, destac\u00f3 la importancia del acuerdo como una nueva v\u00eda para reforzar su cercan\u00eda con los mediadores y se\u00f1al\u00f3 que \u201cesta alianza refuerza nuestro compromiso con los profesionales del sector y con el impulso de una mediaci\u00f3n m\u00e1s fuerte, cercana y preparada para afrontar los retos del futuro\u201d. Por su parte, Francesc Santasusana, presidente del Col\u00b7legi de Mediadors, se mostr\u00f3 satisfecho del acuerdo con el Hub. \u201cEs un proyecto joven, pero que ya est\u00e1 atrayendo a empresas tecnol\u00f3gicas que pueden ayudar al desarrollo del negocio de los mediadores.<\/p>\n<p>&nbsp;<\/p>\n<p class=\"p5\">Exsel Underwriting Agency es una agencia de suscripci\u00f3n creada en 2007 y especializada en la distribuci\u00f3n de soluciones aseguradoras para riesgos que requieren un elevado componente t\u00e9cnico y de especializaci\u00f3n. La compa\u00f1\u00eda trabaja, entre otros \u00e1mbitos, en <b>Responsabilidad Civil Profesional, ciberriesgos, Responsabilidad de Empresas y seguros de objetos y bienes<\/b>.<\/p>\n<p>&nbsp;<\/p>\n<p class=\"p5\">Uno de sus rasgos diferenciales es precisamente el desarrollo de productos dirigidos a nichos espec\u00edficos. Seg\u00fan explica la propia compa\u00f1\u00eda, sus soluciones se dise\u00f1an a partir de las necesidades detectadas por los corredores y con el respaldo de aseguradoras de primer nivel. Esta especializaci\u00f3n adquiere especial relevancia en un mercado en el que los mediadores afrontan riesgos cada vez m\u00e1s complejos y para los que no siempre existen soluciones aseguradoras est\u00e1ndar.<\/p>\n<p>&nbsp;<\/p>\n<p class=\"p5\">La incorporaci\u00f3n de Exsel al Hub Espai CMAB se enmarca en la estrategia de este joven proyecto de aproximar al colectivo de mediadores nuevas soluciones y conocimiento especializado. Para las corredur\u00edas, el acceso a agencias de suscripci\u00f3n especializadas puede facilitar la b\u00fasqueda de capacidad y soluciones para determinados riesgos profesionales y empresariales, especialmente en \u00e1mbitos como ciberriesgos, responsabilidad civil, D&amp;O o actividades profesionales espec\u00edficas. Exsel mantiene en su cat\u00e1logo productos dirigidos a empresas tecnol\u00f3gicas, empresas de seguridad, intermediarios de cr\u00e9dito, arquitectos, administradores concursales y otros colectivos profesionales, adem\u00e1s de soluciones de RC empresarial, D&amp;O y ciberriesgo.<\/p>\n<p>&nbsp;<\/p>\n<p class=\"p6\"><b>Un modelo basado en la colaboraci\u00f3n<\/b><\/p>\n<p>&nbsp;<\/p>\n<p class=\"p5\">La compa\u00f1\u00eda sit\u00faa al corredor en el centro de su modelo de relaci\u00f3n destaca la importancia de trabajar conjuntamente con los mediadores para identificar necesidades y desarrollar soluciones adaptadas a los riesgos concretos de sus clientes. Ese planteamiento conecta con uno de los objetivos del Hub Espai CMAB: favorecer la colaboraci\u00f3n entre los distintos actores del ecosistema asegurador y poner la innovaci\u00f3n al servicio de la mediaci\u00f3n.<\/p>\n<p>&nbsp;<\/p>\n<p class=\"p5\">La incorporaci\u00f3n de Exsel refuerza, de este modo, una de las ideas que inspiran el Hub Espai CMAB: crear espacios de colaboraci\u00f3n que permitan a la mediaci\u00f3n acceder a conocimiento, soluciones y nuevas oportunidades de negocio.<\/p>\n<p>[\/vc_column_text][vc_row_inner][vc_column_inner width=&#8221;1\/6&#8243;][\/vc_column_inner][vc_column_inner width=&#8221;1\/6&#8243;][\/vc_column_inner][vc_column_inner width=&#8221;1\/6&#8243;][\/vc_column_inner][vc_column_inner width=&#8221;1\/6&#8243;][\/vc_column_inner][\/vc_row_inner][\/vc_column][vc_column width=&#8221;1\/4&#8243;][stm_spacing lg_spacing=&#8221;50&#8243; md_spacing=&#8221;50&#8243; sm_spacing=&#8221;50&#8243; xs_spacing=&#8221;50&#8243;][vc_column_text]<\/p>\n<h2>\u00daltimas noticias<\/h2>\n<p>[\/vc_column_text][stm_news loop=&#8221;size:4|order_by:date|order:DESC|post_type:post|categories:8&#8243; posts_per_row=&#8221;2&#8243;][\/vc_column][\/vc_row]<\/p>\n<\/div>","protected":false},"excerpt":{"rendered":"<p>[vc_row][vc_column width=&#8221;3\/4&#8243;][vc_column_text css=&#8221;&#8221;] Exsel, especializaci\u00f3n como a propuesta de valor &nbsp; [\/vc_column_text][stm_spacing lg_spacing=&#8221;6&#8243; md_spacing=&#8221;6&#8243; sm_spacing=&#8221;6&#8243; xs_spacing=&#8221;6&#8243;][vc_column_text css=&#8221;&#8221;]4-9-26[\/vc_column_text][vc_column_text css=&#8221;&#8221;]La agencia de subscripci\u00f3n entra en el Hub Espai CMAB y refuerza su apuesta por la mediaci\u00f3n [\/vc_column_text][vc_single_image source=&#8221;featured_image&#8221; img_size=&#8221;850&#215;350&#8243;][vc_column_text css=&#8221;.vc_custom_1788344135625{margin-bottom: 20px !important;}&#8221;] Exsel Underwriting Agency y el Col\u00b7legi de Mediadors d\u2019Assegurances de Barcelona han firmado un acuerdo<\/p>\n","protected":false},"author":562,"featured_media":28593,"comment_status":"closed","ping_status":"open","sticky":false,"template":"","format":"standard","meta":{"footnotes":""},"categories":[9],"tags":[2210],"class_list":["post-28595","post","type-post","status-publish","format-standard","has-post-thumbnail","hentry","category-es-noticias","tag-mn-304"],"yoast_head":"<!-- This site is optimized with the Yoast SEO plugin v28.4 - https:\/\/yoast.com\/product\/yoast-seo-wordpress\/ -->\n<title>Exsel entra en el Hub Espai CMAB - Col-legi de Mediadors d&#039;Assegurances de Barcelona<\/title>\n<meta name=\"robots\" content=\"index, follow, max-snippet:-1, max-image-preview:large, max-video-preview:-1\" \/>\n<link rel=\"canonical\" href=\"https:\/\/www.elcol-legi.org\/w\/es\/exsel-entra-en-el-hub-espai-cmab\/\" \/>\n<meta property=\"og:locale\" content=\"es_ES\" \/>\n<meta property=\"og:type\" content=\"article\" \/>\n<meta property=\"og:title\" content=\"Exsel entra en el Hub Espai CMAB - Col-legi de Mediadors d&#039;Assegurances de Barcelona\" \/>\n<meta property=\"og:description\" content=\"[vc_row][vc_column width=&#8221;3\/4&#8243;][vc_column_text css=&#8221;&#8221;] Exsel, especializaci\u00f3n como a propuesta de valor &nbsp; [\/vc_column_text][stm_spacing lg_spacing=&#8221;6&#8243; md_spacing=&#8221;6&#8243; sm_spacing=&#8221;6&#8243; xs_spacing=&#8221;6&#8243;][vc_column_text css=&#8221;&#8221;]4-9-26[\/vc_column_text][vc_column_text css=&#8221;&#8221;]La agencia de subscripci\u00f3n entra en el Hub Espai CMAB y refuerza su apuesta por la mediaci\u00f3n [\/vc_column_text][vc_single_image source=&#8221;featured_image&#8221; img_size=&#8221;850&#215;350&#8243;][vc_column_text css=&#8221;.vc_custom_1788344135625{margin-bottom: 20px !important;}&#8221;] Exsel Underwriting Agency y el Col\u00b7legi de Mediadors d\u2019Assegurances de Barcelona han firmado un acuerdo\" \/>\n<meta property=\"og:url\" content=\"https:\/\/www.elcol-legi.org\/w\/es\/exsel-entra-en-el-hub-espai-cmab\/\" \/>\n<meta property=\"og:site_name\" content=\"Col-legi de Mediadors d&#039;Assegurances de Barcelona\" \/>\n<meta property=\"article:published_time\" content=\"2026-09-02T10:24:12+00:00\" \/>\n<meta property=\"article:modified_time\" content=\"2026-09-02T10:27:11+00:00\" \/>\n<meta property=\"og:image\" content=\"https:\/\/www.elcol-legi.org\/w\/wp-content\/uploads\/2026\/09\/Exsel.jpg\" \/>\n\t<meta property=\"og:image:width\" content=\"1233\" \/>\n\t<meta property=\"og:image:height\" content=\"898\" \/>\n\t<meta property=\"og:image:type\" content=\"image\/jpeg\" \/>\n<meta name=\"author\" content=\"Marc Alcaraz\" \/>\n<meta name=\"twitter:card\" content=\"summary_large_image\" \/>\n<meta name=\"twitter:label1\" content=\"Escrito por\" \/>\n\t<meta name=\"twitter:data1\" content=\"Marc Alcaraz\" \/>\n\t<meta name=\"twitter:label2\" content=\"Tiempo de lectura\" \/>\n\t<meta name=\"twitter:data2\" content=\"4 minutos\" \/>\n<script type=\"application\/ld+json\" class=\"yoast-schema-graph\">{\"@context\":\"https:\\\/\\\/schema.org\",\"@graph\":[{\"@type\":\"Article\",\"@id\":\"https:\\\/\\\/www.elcol-legi.org\\\/w\\\/es\\\/exsel-entra-en-el-hub-espai-cmab\\\/#article\",\"isPartOf\":{\"@id\":\"https:\\\/\\\/www.elcol-legi.org\\\/w\\\/es\\\/exsel-entra-en-el-hub-espai-cmab\\\/\"},\"author\":{\"name\":\"Marc Alcaraz\",\"@id\":\"https:\\\/\\\/www.elcol-legi.org\\\/w\\\/es\\\/#\\\/schema\\\/person\\\/4283d40fbd72a940d5fff484fe5ec410\"},\"headline\":\"Exsel entra en el Hub Espai CMAB\",\"datePublished\":\"2026-09-02T10:24:12+00:00\",\"dateModified\":\"2026-09-02T10:27:11+00:00\",\"mainEntityOfPage\":{\"@id\":\"https:\\\/\\\/www.elcol-legi.org\\\/w\\\/es\\\/exsel-entra-en-el-hub-espai-cmab\\\/\"},\"wordCount\":749,\"image\":{\"@id\":\"https:\\\/\\\/www.elcol-legi.org\\\/w\\\/es\\\/exsel-entra-en-el-hub-espai-cmab\\\/#primaryimage\"},\"thumbnailUrl\":\"https:\\\/\\\/www.elcol-legi.org\\\/w\\\/wp-content\\\/uploads\\\/2026\\\/09\\\/Exsel.jpg\",\"keywords\":[\"MN 304\"],\"articleSection\":[\"Noticias\"],\"inLanguage\":\"es\"},{\"@type\":\"WebPage\",\"@id\":\"https:\\\/\\\/www.elcol-legi.org\\\/w\\\/es\\\/exsel-entra-en-el-hub-espai-cmab\\\/\",\"url\":\"https:\\\/\\\/www.elcol-legi.org\\\/w\\\/es\\\/exsel-entra-en-el-hub-espai-cmab\\\/\",\"name\":\"Exsel entra en el Hub Espai CMAB - Col-legi de Mediadors d&#039;Assegurances de Barcelona\",\"isPartOf\":{\"@id\":\"https:\\\/\\\/www.elcol-legi.org\\\/w\\\/es\\\/#website\"},\"primaryImageOfPage\":{\"@id\":\"https:\\\/\\\/www.elcol-legi.org\\\/w\\\/es\\\/exsel-entra-en-el-hub-espai-cmab\\\/#primaryimage\"},\"image\":{\"@id\":\"https:\\\/\\\/www.elcol-legi.org\\\/w\\\/es\\\/exsel-entra-en-el-hub-espai-cmab\\\/#primaryimage\"},\"thumbnailUrl\":\"https:\\\/\\\/www.elcol-legi.org\\\/w\\\/wp-content\\\/uploads\\\/2026\\\/09\\\/Exsel.jpg\",\"datePublished\":\"2026-09-02T10:24:12+00:00\",\"dateModified\":\"2026-09-02T10:27:11+00:00\",\"author\":{\"@id\":\"https:\\\/\\\/www.elcol-legi.org\\\/w\\\/es\\\/#\\\/schema\\\/person\\\/4283d40fbd72a940d5fff484fe5ec410\"},\"breadcrumb\":{\"@id\":\"https:\\\/\\\/www.elcol-legi.org\\\/w\\\/es\\\/exsel-entra-en-el-hub-espai-cmab\\\/#breadcrumb\"},\"inLanguage\":\"es\",\"potentialAction\":[{\"@type\":\"ReadAction\",\"target\":[\"https:\\\/\\\/www.elcol-legi.org\\\/w\\\/es\\\/exsel-entra-en-el-hub-espai-cmab\\\/\"]}]},{\"@type\":\"ImageObject\",\"inLanguage\":\"es\",\"@id\":\"https:\\\/\\\/www.elcol-legi.org\\\/w\\\/es\\\/exsel-entra-en-el-hub-espai-cmab\\\/#primaryimage\",\"url\":\"https:\\\/\\\/www.elcol-legi.org\\\/w\\\/wp-content\\\/uploads\\\/2026\\\/09\\\/Exsel.jpg\",\"contentUrl\":\"https:\\\/\\\/www.elcol-legi.org\\\/w\\\/wp-content\\\/uploads\\\/2026\\\/09\\\/Exsel.jpg\",\"width\":1233,\"height\":898},{\"@type\":\"BreadcrumbList\",\"@id\":\"https:\\\/\\\/www.elcol-legi.org\\\/w\\\/es\\\/exsel-entra-en-el-hub-espai-cmab\\\/#breadcrumb\",\"itemListElement\":[{\"@type\":\"ListItem\",\"position\":1,\"name\":\"Inici\",\"item\":\"https:\\\/\\\/www.elcol-legi.org\\\/w\\\/es\\\/\"},{\"@type\":\"ListItem\",\"position\":2,\"name\":\"Exsel entra en el Hub Espai CMAB\"}]},{\"@type\":\"WebSite\",\"@id\":\"https:\\\/\\\/www.elcol-legi.org\\\/w\\\/es\\\/#website\",\"url\":\"https:\\\/\\\/www.elcol-legi.org\\\/w\\\/es\\\/\",\"name\":\"Col-legi de Mediadors d&#039;Assegurances de Barcelona\",\"description\":\"Support al mediador d&#039;assegurances\",\"potentialAction\":[{\"@type\":\"SearchAction\",\"target\":{\"@type\":\"EntryPoint\",\"urlTemplate\":\"https:\\\/\\\/www.elcol-legi.org\\\/w\\\/es\\\/?s={search_term_string}\"},\"query-input\":{\"@type\":\"PropertyValueSpecification\",\"valueRequired\":true,\"valueName\":\"search_term_string\"}}],\"inLanguage\":\"es\"},{\"@type\":\"Person\",\"@id\":\"https:\\\/\\\/www.elcol-legi.org\\\/w\\\/es\\\/#\\\/schema\\\/person\\\/4283d40fbd72a940d5fff484fe5ec410\",\"name\":\"Marc Alcaraz\",\"image\":{\"@type\":\"ImageObject\",\"inLanguage\":\"es\",\"@id\":\"https:\\\/\\\/secure.gravatar.com\\\/avatar\\\/e5dee642a130a369f4e8f5fe2d78526e99d5506f34de2f80b7994e63dc58d1b0?s=96&d=mm&r=g\",\"url\":\"https:\\\/\\\/secure.gravatar.com\\\/avatar\\\/e5dee642a130a369f4e8f5fe2d78526e99d5506f34de2f80b7994e63dc58d1b0?s=96&d=mm&r=g\",\"contentUrl\":\"https:\\\/\\\/secure.gravatar.com\\\/avatar\\\/e5dee642a130a369f4e8f5fe2d78526e99d5506f34de2f80b7994e63dc58d1b0?s=96&d=mm&r=g\",\"caption\":\"Marc Alcaraz\"},\"url\":\"https:\\\/\\\/www.elcol-legi.org\\\/w\\\/es\\\/author\\\/efreire\\\/\"}]}<\/script>\n<!-- \/ Yoast SEO plugin. -->","yoast_head_json":{"title":"Exsel entra en el Hub Espai CMAB - Col-legi de Mediadors d&#039;Assegurances de Barcelona","robots":{"index":"index","follow":"follow","max-snippet":"max-snippet:-1","max-image-preview":"max-image-preview:large","max-video-preview":"max-video-preview:-1"},"canonical":"https:\/\/www.elcol-legi.org\/w\/es\/exsel-entra-en-el-hub-espai-cmab\/","og_locale":"es_ES","og_type":"article","og_title":"Exsel entra en el Hub Espai CMAB - Col-legi de Mediadors d&#039;Assegurances de Barcelona","og_description":"[vc_row][vc_column width=&#8221;3\/4&#8243;][vc_column_text css=&#8221;&#8221;] Exsel, especializaci\u00f3n como a propuesta de valor &nbsp; [\/vc_column_text][stm_spacing lg_spacing=&#8221;6&#8243; md_spacing=&#8221;6&#8243; sm_spacing=&#8221;6&#8243; xs_spacing=&#8221;6&#8243;][vc_column_text css=&#8221;&#8221;]4-9-26[\/vc_column_text][vc_column_text css=&#8221;&#8221;]La agencia de subscripci\u00f3n entra en el Hub Espai CMAB y refuerza su apuesta por la mediaci\u00f3n [\/vc_column_text][vc_single_image source=&#8221;featured_image&#8221; img_size=&#8221;850&#215;350&#8243;][vc_column_text css=&#8221;.vc_custom_1788344135625{margin-bottom: 20px !important;}&#8221;] Exsel Underwriting Agency y el Col\u00b7legi de Mediadors d\u2019Assegurances de Barcelona han firmado un acuerdo","og_url":"https:\/\/www.elcol-legi.org\/w\/es\/exsel-entra-en-el-hub-espai-cmab\/","og_site_name":"Col-legi de Mediadors d&#039;Assegurances de Barcelona","article_published_time":"2026-09-02T10:24:12+00:00","article_modified_time":"2026-09-02T10:27:11+00:00","og_image":[{"width":1233,"height":898,"url":"https:\/\/www.elcol-legi.org\/w\/wp-content\/uploads\/2026\/09\/Exsel.jpg","type":"image\/jpeg"}],"author":"Marc Alcaraz","twitter_card":"summary_large_image","twitter_misc":{"Escrito por":"Marc Alcaraz","Tiempo de lectura":"4 minutos"},"schema":{"@context":"https:\/\/schema.org","@graph":[{"@type":"Article","@id":"https:\/\/www.elcol-legi.org\/w\/es\/exsel-entra-en-el-hub-espai-cmab\/#article","isPartOf":{"@id":"https:\/\/www.elcol-legi.org\/w\/es\/exsel-entra-en-el-hub-espai-cmab\/"},"author":{"name":"Marc Alcaraz","@id":"https:\/\/www.elcol-legi.org\/w\/es\/#\/schema\/person\/4283d40fbd72a940d5fff484fe5ec410"},"headline":"Exsel entra en el Hub Espai CMAB","datePublished":"2026-09-02T10:24:12+00:00","dateModified":"2026-09-02T10:27:11+00:00","mainEntityOfPage":{"@id":"https:\/\/www.elcol-legi.org\/w\/es\/exsel-entra-en-el-hub-espai-cmab\/"},"wordCount":749,"image":{"@id":"https:\/\/www.elcol-legi.org\/w\/es\/exsel-entra-en-el-hub-espai-cmab\/#primaryimage"},"thumbnailUrl":"https:\/\/www.elcol-legi.org\/w\/wp-content\/uploads\/2026\/09\/Exsel.jpg","keywords":["MN 304"],"articleSection":["Noticias"],"inLanguage":"es"},{"@type":"WebPage","@id":"https:\/\/www.elcol-legi.org\/w\/es\/exsel-entra-en-el-hub-espai-cmab\/","url":"https:\/\/www.elcol-legi.org\/w\/es\/exsel-entra-en-el-hub-espai-cmab\/","name":"Exsel entra en el Hub Espai CMAB - Col-legi de Mediadors d&#039;Assegurances de Barcelona","isPartOf":{"@id":"https:\/\/www.elcol-legi.org\/w\/es\/#website"},"primaryImageOfPage":{"@id":"https:\/\/www.elcol-legi.org\/w\/es\/exsel-entra-en-el-hub-espai-cmab\/#primaryimage"},"image":{"@id":"https:\/\/www.elcol-legi.org\/w\/es\/exsel-entra-en-el-hub-espai-cmab\/#primaryimage"},"thumbnailUrl":"https:\/\/www.elcol-legi.org\/w\/wp-content\/uploads\/2026\/09\/Exsel.jpg","datePublished":"2026-09-02T10:24:12+00:00","dateModified":"2026-09-02T10:27:11+00:00","author":{"@id":"https:\/\/www.elcol-legi.org\/w\/es\/#\/schema\/person\/4283d40fbd72a940d5fff484fe5ec410"},"breadcrumb":{"@id":"https:\/\/www.elcol-legi.org\/w\/es\/exsel-entra-en-el-hub-espai-cmab\/#breadcrumb"},"inLanguage":"es","potentialAction":[{"@type":"ReadAction","target":["https:\/\/www.elcol-legi.org\/w\/es\/exsel-entra-en-el-hub-espai-cmab\/"]}]},{"@type":"ImageObject","inLanguage":"es","@id":"https:\/\/www.elcol-legi.org\/w\/es\/exsel-entra-en-el-hub-espai-cmab\/#primaryimage","url":"https:\/\/www.elcol-legi.org\/w\/wp-content\/uploads\/2026\/09\/Exsel.jpg","contentUrl":"https:\/\/www.elcol-legi.org\/w\/wp-content\/uploads\/2026\/09\/Exsel.jpg","width":1233,"height":898},{"@type":"BreadcrumbList","@id":"https:\/\/www.elcol-legi.org\/w\/es\/exsel-entra-en-el-hub-espai-cmab\/#breadcrumb","itemListElement":[{"@type":"ListItem","position":1,"name":"Inici","item":"https:\/\/www.elcol-legi.org\/w\/es\/"},{"@type":"ListItem","position":2,"name":"Exsel entra en el Hub Espai CMAB"}]},{"@type":"WebSite","@id":"https:\/\/www.elcol-legi.org\/w\/es\/#website","url":"https:\/\/www.elcol-legi.org\/w\/es\/","name":"Col-legi de Mediadors d&#039;Assegurances de Barcelona","description":"Support al mediador d&#039;assegurances","potentialAction":[{"@type":"SearchAction","target":{"@type":"EntryPoint","urlTemplate":"https:\/\/www.elcol-legi.org\/w\/es\/?s={search_term_string}"},"query-input":{"@type":"PropertyValueSpecification","valueRequired":true,"valueName":"search_term_string"}}],"inLanguage":"es"},{"@type":"Person","@id":"https:\/\/www.elcol-legi.org\/w\/es\/#\/schema\/person\/4283d40fbd72a940d5fff484fe5ec410","name":"Marc Alcaraz","image":{"@type":"ImageObject","inLanguage":"es","@id":"https:\/\/secure.gravatar.com\/avatar\/e5dee642a130a369f4e8f5fe2d78526e99d5506f34de2f80b7994e63dc58d1b0?s=96&d=mm&r=g","url":"https:\/\/secure.gravatar.com\/avatar\/e5dee642a130a369f4e8f5fe2d78526e99d5506f34de2f80b7994e63dc58d1b0?s=96&d=mm&r=g","contentUrl":"https:\/\/secure.gravatar.com\/avatar\/e5dee642a130a369f4e8f5fe2d78526e99d5506f34de2f80b7994e63dc58d1b0?s=96&d=mm&r=g","caption":"Marc Alcaraz"},"url":"https:\/\/www.elcol-legi.org\/w\/es\/author\/efreire\/"}]}},"_links":{"self":[{"href":"https:\/\/www.elcol-legi.org\/w\/es\/wp-json\/wp\/v2\/posts\/28595","targetHints":{"allow":["GET"]}}],"collection":[{"href":"https:\/\/www.elcol-legi.org\/w\/es\/wp-json\/wp\/v2\/posts"}],"about":[{"href":"https:\/\/www.elcol-legi.org\/w\/es\/wp-json\/wp\/v2\/types\/post"}],"author":[{"embeddable":true,"href":"https:\/\/www.elcol-legi.org\/w\/es\/wp-json\/wp\/v2\/users\/562"}],"replies":[{"embeddable":true,"href":"https:\/\/www.elcol-legi.org\/w\/es\/wp-json\/wp\/v2\/comments?post=28595"}],"version-history":[{"count":3,"href":"https:\/\/www.elcol-legi.org\/w\/es\/wp-json\/wp\/v2\/posts\/28595\/revisions"}],"predecessor-version":[{"id":28598,"href":"https:\/\/www.elcol-legi.org\/w\/es\/wp-json\/wp\/v2\/posts\/28595\/revisions\/28598"}],"wp:featuredmedia":[{"embeddable":true,"href":"https:\/\/www.elcol-legi.org\/w\/es\/wp-json\/wp\/v2\/media\/28593"}],"wp:attachment":[{"href":"https:\/\/www.elcol-legi.org\/w\/es\/wp-json\/wp\/v2\/media?parent=28595"}],"wp:term":[{"taxonomy":"category","embeddable":true,"href":"https:\/\/www.elcol-legi.org\/w\/es\/wp-json\/wp\/v2\/categories?post=28595"},{"taxonomy":"post_tag","embeddable":true,"href":"https:\/\/www.elcol-legi.org\/w\/es\/wp-json\/wp\/v2\/tags?post=28595"}],"curies":[{"name":"wp","href":"https:\/\/api.w.org\/{rel}","templated":true}]}}