{"id":28603,"date":"2026-09-02T12:56:34","date_gmt":"2026-09-02T10:56:34","guid":{"rendered":"https:\/\/www.elcol-legi.org\/w\/cuatro-miradas-un-solo-futuro-2\/"},"modified":"2026-09-02T12:57:24","modified_gmt":"2026-09-02T10:57:24","slug":"cuatro-miradas-un-solo-futuro-2","status":"publish","type":"post","link":"https:\/\/www.elcol-legi.org\/w\/es\/cuatro-miradas-un-solo-futuro-2\/","title":{"rendered":"Cuatro miradas, un solo futuro"},"content":{"rendered":"<div class=\"wpb-content-wrapper\"><p>[vc_row][vc_column width=&#8221;3\/4&#8243;][vc_column_text css=&#8221;&#8221;]<\/p>\n<h2 class=\"p1\"><b>La Semana Mundial 2026 pone cuatro generaciones ante el espejo para hablar del futuro<\/b><\/h2>\n<p>[\/vc_column_text][stm_spacing lg_spacing=&#8221;6&#8243; md_spacing=&#8221;6&#8243; sm_spacing=&#8221;6&#8243; xs_spacing=&#8221;6&#8243;][vc_column_text css=&#8221;&#8221;]<em>4-9-26<\/em>[\/vc_column_text][vc_column_text css=&#8221;&#8221;]<\/p>\n<p class=\"p2\"><em>I\u00f1aki Gabilondo conducir\u00e1 en L\u2019Auditori, el 28 de septiembre, un debate entre representantes de las generaciones Boomer, X, Millennial i Z<\/em><\/p>\n<p>[\/vc_column_text][vc_single_image source=&#8221;featured_image&#8221; img_size=&#8221;850&#215;350&#8243;][vc_column_text css=&#8221;.vc_custom_1788346151018{margin-bottom: 20px !important;}&#8221;]<\/p>\n<p class=\"p1\">\u00bfEntienden de la misma manera el trabajo, el compromiso, la tecnolog\u00eda, el dinero o la confianza una persona de 65 a\u00f1os y otra de 25? \u00bfY qu\u00e9 puede aprender el seguro de esas diferencias? Estas son algunas de las preguntas que estar\u00e1n en el centro de la Semana Mundial 2026, que celebrar\u00e1 su 52.\u00aa edici\u00f3n el pr\u00f3ximo lunes 28 de septiembre en L\u2019Auditori de Barcelona. Bajo el lema \u201cCuatro miradas, un solo futuro\u201d, el encuentro organizado por el Col\u00b7legi de Mediadors d\u2019Assegurances de Barcelona situar\u00e1 por primera vez en el centro de su evento la convivencia entre cuatro generaciones que hoy comparten espacios laborales, sociales y familiares.<\/p>\n<p>&nbsp;<\/p>\n<p class=\"p1\">La jornada reunir\u00e1 a alrededor de <b>un millar de profesionales del sector asegurador<\/b>, entre representantes de compa\u00f1\u00edas, corredores y agentes, directivos, instituciones y empresas proveedoras, especialmente del \u00e1mbito tecnol\u00f3gico. Pero esta vez el protagonista no ser\u00e1 una tecnolog\u00eda, una regulaci\u00f3n o una tendencia concreta: ser\u00e1 la sociedad.<\/p>\n<p>&nbsp;<\/p>\n<p class=\"p2\"><b>Cuatro maneras de mirar el mundo<\/b><\/p>\n<p>&nbsp;<\/p>\n<p class=\"p1\">Baby Boomers, Generaci\u00f3n X, Millennials y Generaci\u00f3n Z conviven actualmente en las empresas y organizaciones, pero han crecido en contextos sociales, econ\u00f3micos y tecnol\u00f3gicos muy diferentes. La forma de entender la estabilidad profesional, el liderazgo, el compromiso, la conciliaci\u00f3n, el uso de la tecnolog\u00eda o incluso las relaciones personales no siempre coincide. La Semana Mundial quiere poner esas diferencias sobre la mesa y convertirlas en una conversaci\u00f3n entre representantes de las cuatro generaciones..<\/p>\n<p>&nbsp;<\/p>\n<p class=\"p1\">El debate estar\u00e1 conducido por <b>I\u00f1aki Gabilondo<\/b>, uno de los periodistas m\u00e1s reconocidos de Espa\u00f1a, que ser\u00e1 el encargado de enfrentar las distintas perspectivas y buscar tambi\u00e9n aquello que las cuatro generaciones tienen en com\u00fan. Junto a \u00e9l participar\u00e1n <b>cuatro representantes, uno por cada generaci\u00f3n<\/b>, seleccionados por sus trayectorias personales y profesionales y por su capacidad para reflejar los valores y las inquietudes de su grupo generacional.<\/p>\n<p>&nbsp;<\/p>\n<p class=\"p1\">La conversaci\u00f3n permitir\u00e1, por ejemplo, analizar c\u00f3mo ha cambiado la relaci\u00f3n con el trabajo y con el \u00e9xito profesional. Los Baby Boomers llegan al debate desde una cultura marcada por el esfuerzo, la estabilidad, la permanencia y la experiencia acumulada. La Generaci\u00f3n X representa una generaci\u00f3n puente: vivi\u00f3 el mundo anal\u00f3gico y protagoniz\u00f3 buena parte de la transformaci\u00f3n digital de las empresas. Los Millennials han desarrollado su trayectoria en un entorno mucho m\u00e1s global, flexible y conectado, marcado por la movilidad, la tecnolog\u00eda y nuevas expectativas sobre el empleo. Y la Generaci\u00f3n Z ha crecido directamente dentro del ecosistema digital, con una relaci\u00f3n diferente con la informaci\u00f3n, las redes, el trabajo y las marcas.<\/p>\n<p>&nbsp;<\/p>\n<p class=\"p1\">Cuatro realidades que conviven hoy.<\/p>\n<p>&nbsp;<\/p>\n<p class=\"p1\">Y que obligan a las organizaciones a hacerse una pregunta:<\/p>\n<p>&nbsp;<\/p>\n<p class=\"p1\"><b>\u00bfC\u00f3mo gestionamos equipos formados por personas que pueden tener visiones tan diferentes de lo que significa trabajar?<\/b><b><\/b><\/p>\n<p>&nbsp;<\/p>\n<p class=\"p2\"><b>Un debate que tambi\u00e9n habla de seguros<\/b><\/p>\n<p>&nbsp;<\/p>\n<p class=\"p1\">La cuesti\u00f3n generacional tiene una traducci\u00f3n directa al sector asegurador. Cada generaci\u00f3n tiene diferentes h\u00e1bitos de consumo, distintas formas de buscar informaci\u00f3n y diferentes niveles de confianza en las instituciones y en las marcas. Tambi\u00e9n cambia su relaci\u00f3n con el riesgo. Una persona puede valorar especialmente la estabilidad y el acompa\u00f1amiento personal, mientras que otra puede priorizar la rapidez, la autonom\u00eda y la experiencia digital. Para la mediaci\u00f3n y las compa\u00f1\u00edas comprender esas diferencias puede ser determinante.<\/p>\n<p>&nbsp;<\/p>\n<p class=\"p1\">El encuentro pretende trasladar el debate generacional mucho m\u00e1s all\u00e1 del \u00e1mbito laboral porque las diferencias entre generaciones afectan tambi\u00e9n a la manera en que las personas consumen, ahorran, planifican su futuro y toman decisiones. Y eso tiene consecuencias directas para el seguro. Los m\u00e1s j\u00f3venes pueden mostrar una mayor naturalidad en su relaci\u00f3n con la tecnolog\u00eda y buscar respuestas inmediatas. Generaciones intermedias pueden combinar expectativas digitales con una mayor valoraci\u00f3n del asesoramiento personal. Y los colectivos de mayor edad pueden conceder m\u00e1s importancia a la experiencia, la confianza y las relaciones construidas a largo plazo. No hay una \u00fanica respuesta. Precisamente por eso resulta necesario escuchar las cuatro voces.<\/p>\n<p>&nbsp;<\/p>\n<p class=\"p1\">La Semana Mundial quiere aprovechar el contraste generacional para hablar tambi\u00e9n de los cambios que afrontar\u00e1 el propio sector asegurador, ya que si las necesidades de las personas est\u00e1n cambiando, tambi\u00e9n tendr\u00e1 que evolucionar la forma en que el seguro se relaciona con ellas. En este contexto, las cuatro generaciones pueden funcionar como una especie de <b>laboratorio social del futuro<\/b>. Escuchar qu\u00e9 esperan, qu\u00e9 rechazan y qu\u00e9 valoran puede ofrecer pistas sobre hacia d\u00f3nde se dirige no solo la sociedad, sino tambi\u00e9n el mercado asegurador.<\/p>\n<p>&nbsp;<\/p>\n<p class=\"p1\">Como en anteriores ediciones, la Semana Mundial no limitar\u00e1 su programa al debate. La jornada incluir\u00e1 la intervenci\u00f3n institucional de Francesc Santasusana, presidente del Col\u00b7legi de Mediadors d\u2019Assegurances de Barcelona, as\u00ed como la entrega de los tradicionales galardones de la Semana Mundial. El programa se completar\u00e1 con una intervenci\u00f3n vinculada al mundo del espect\u00e1culo que pondr\u00e1 el toque de humor y entretenimiento a una jornada dise\u00f1ada tambi\u00e9n para favorecer el encuentro entre profesionales. La organizaci\u00f3n cuenta nuevamente con el respaldo de las compa\u00f1\u00edas aseguradoras patrocinadoras del evento, cuya colaboraci\u00f3n hace posible la celebraci\u00f3n de uno de los encuentros ya consolidados en el calendario del sector.<\/p>\n<p>&nbsp;<\/p>\n<p class=\"p1\">Las inscripciones para asistir a la Semana Mundial 2026 est\u00e1n disponibles a trav\u00e9s de <b>semanamundial.org<\/b>.<\/p>\n<p>[\/vc_column_text][vc_row_inner][vc_column_inner width=&#8221;1\/6&#8243;][\/vc_column_inner][vc_column_inner width=&#8221;1\/6&#8243;][\/vc_column_inner][vc_column_inner width=&#8221;1\/6&#8243;][\/vc_column_inner][vc_column_inner width=&#8221;1\/6&#8243;][\/vc_column_inner][\/vc_row_inner][\/vc_column][vc_column width=&#8221;1\/4&#8243;][stm_spacing lg_spacing=&#8221;50&#8243; md_spacing=&#8221;50&#8243; sm_spacing=&#8221;50&#8243; xs_spacing=&#8221;50&#8243;][vc_column_text]<\/p>\n<h2>\u00daltimas noticias<\/h2>\n<p>[\/vc_column_text][stm_news loop=&#8221;size:4|order_by:date|order:DESC|post_type:post|categories:8&#8243; posts_per_row=&#8221;2&#8243;][\/vc_column][\/vc_row]<\/p>\n<\/div>","protected":false},"excerpt":{"rendered":"<p>[vc_row][vc_column width=&#8221;3\/4&#8243;][vc_column_text css=&#8221;&#8221;] La Semana Mundial 2026 pone cuatro generaciones ante el espejo para hablar del futuro [\/vc_column_text][stm_spacing lg_spacing=&#8221;6&#8243; md_spacing=&#8221;6&#8243; sm_spacing=&#8221;6&#8243; xs_spacing=&#8221;6&#8243;][vc_column_text css=&#8221;&#8221;]4-9-26[\/vc_column_text][vc_column_text css=&#8221;&#8221;] I\u00f1aki Gabilondo conducir\u00e1 en L\u2019Auditori, el 28 de septiembre, un debate entre representantes de las generaciones Boomer, X, Millennial i Z [\/vc_column_text][vc_single_image source=&#8221;featured_image&#8221; img_size=&#8221;850&#215;350&#8243;][vc_column_text css=&#8221;.vc_custom_1788346151018{margin-bottom: 20px !important;}&#8221;] \u00bfEntienden de la misma<\/p>\n","protected":false},"author":562,"featured_media":28516,"comment_status":"closed","ping_status":"open","sticky":false,"template":"","format":"standard","meta":{"footnotes":""},"categories":[9],"tags":[2210],"class_list":["post-28603","post","type-post","status-publish","format-standard","has-post-thumbnail","hentry","category-es-noticias","tag-mn-304"],"yoast_head":"<!-- This site is optimized with the Yoast SEO plugin v28.4 - https:\/\/yoast.com\/product\/yoast-seo-wordpress\/ -->\n<title>Cuatro miradas, un solo futuro - Col-legi de Mediadors d&#039;Assegurances de Barcelona<\/title>\n<meta name=\"robots\" content=\"index, follow, max-snippet:-1, max-image-preview:large, max-video-preview:-1\" \/>\n<link rel=\"canonical\" href=\"https:\/\/www.elcol-legi.org\/w\/es\/cuatro-miradas-un-solo-futuro-2\/\" \/>\n<meta property=\"og:locale\" content=\"es_ES\" \/>\n<meta property=\"og:type\" content=\"article\" \/>\n<meta property=\"og:title\" content=\"Cuatro miradas, un solo futuro - Col-legi de Mediadors d&#039;Assegurances de Barcelona\" \/>\n<meta property=\"og:description\" content=\"[vc_row][vc_column width=&#8221;3\/4&#8243;][vc_column_text css=&#8221;&#8221;] La Semana Mundial 2026 pone cuatro generaciones ante el espejo para hablar del futuro [\/vc_column_text][stm_spacing lg_spacing=&#8221;6&#8243; md_spacing=&#8221;6&#8243; sm_spacing=&#8221;6&#8243; xs_spacing=&#8221;6&#8243;][vc_column_text css=&#8221;&#8221;]4-9-26[\/vc_column_text][vc_column_text css=&#8221;&#8221;] I\u00f1aki Gabilondo conducir\u00e1 en L\u2019Auditori, el 28 de septiembre, un debate entre representantes de las generaciones Boomer, X, Millennial i Z [\/vc_column_text][vc_single_image source=&#8221;featured_image&#8221; img_size=&#8221;850&#215;350&#8243;][vc_column_text css=&#8221;.vc_custom_1788346151018{margin-bottom: 20px !important;}&#8221;] \u00bfEntienden de la misma\" \/>\n<meta property=\"og:url\" content=\"https:\/\/www.elcol-legi.org\/w\/es\/cuatro-miradas-un-solo-futuro-2\/\" \/>\n<meta property=\"og:site_name\" content=\"Col-legi de Mediadors d&#039;Assegurances de Barcelona\" \/>\n<meta property=\"article:published_time\" content=\"2026-09-02T10:56:34+00:00\" \/>\n<meta property=\"article:modified_time\" content=\"2026-09-02T10:57:24+00:00\" \/>\n<meta property=\"og:image\" content=\"https:\/\/www.elcol-legi.org\/w\/wp-content\/uploads\/2026\/07\/SM-Inaki.png\" \/>\n\t<meta property=\"og:image:width\" content=\"1320\" \/>\n\t<meta property=\"og:image:height\" content=\"964\" \/>\n\t<meta property=\"og:image:type\" content=\"image\/png\" \/>\n<meta name=\"author\" content=\"Marc Alcaraz\" \/>\n<meta name=\"twitter:card\" content=\"summary_large_image\" \/>\n<meta name=\"twitter:label1\" content=\"Escrito por\" \/>\n\t<meta name=\"twitter:data1\" content=\"Marc Alcaraz\" \/>\n\t<meta name=\"twitter:label2\" content=\"Tiempo de lectura\" \/>\n\t<meta name=\"twitter:data2\" content=\"6 minutos\" \/>\n<script type=\"application\/ld+json\" class=\"yoast-schema-graph\">{\"@context\":\"https:\\\/\\\/schema.org\",\"@graph\":[{\"@type\":\"Article\",\"@id\":\"https:\\\/\\\/www.elcol-legi.org\\\/w\\\/es\\\/cuatro-miradas-un-solo-futuro-2\\\/#article\",\"isPartOf\":{\"@id\":\"https:\\\/\\\/www.elcol-legi.org\\\/w\\\/es\\\/cuatro-miradas-un-solo-futuro-2\\\/\"},\"author\":{\"name\":\"Marc Alcaraz\",\"@id\":\"https:\\\/\\\/www.elcol-legi.org\\\/w\\\/es\\\/#\\\/schema\\\/person\\\/4283d40fbd72a940d5fff484fe5ec410\"},\"headline\":\"Cuatro miradas, un solo futuro\",\"datePublished\":\"2026-09-02T10:56:34+00:00\",\"dateModified\":\"2026-09-02T10:57:24+00:00\",\"mainEntityOfPage\":{\"@id\":\"https:\\\/\\\/www.elcol-legi.org\\\/w\\\/es\\\/cuatro-miradas-un-solo-futuro-2\\\/\"},\"wordCount\":1107,\"image\":{\"@id\":\"https:\\\/\\\/www.elcol-legi.org\\\/w\\\/es\\\/cuatro-miradas-un-solo-futuro-2\\\/#primaryimage\"},\"thumbnailUrl\":\"https:\\\/\\\/www.elcol-legi.org\\\/w\\\/wp-content\\\/uploads\\\/2026\\\/07\\\/SM-Inaki.png\",\"keywords\":[\"MN 304\"],\"articleSection\":[\"Noticias\"],\"inLanguage\":\"es\"},{\"@type\":\"WebPage\",\"@id\":\"https:\\\/\\\/www.elcol-legi.org\\\/w\\\/es\\\/cuatro-miradas-un-solo-futuro-2\\\/\",\"url\":\"https:\\\/\\\/www.elcol-legi.org\\\/w\\\/es\\\/cuatro-miradas-un-solo-futuro-2\\\/\",\"name\":\"Cuatro miradas, un solo futuro - Col-legi de Mediadors d&#039;Assegurances de Barcelona\",\"isPartOf\":{\"@id\":\"https:\\\/\\\/www.elcol-legi.org\\\/w\\\/es\\\/#website\"},\"primaryImageOfPage\":{\"@id\":\"https:\\\/\\\/www.elcol-legi.org\\\/w\\\/es\\\/cuatro-miradas-un-solo-futuro-2\\\/#primaryimage\"},\"image\":{\"@id\":\"https:\\\/\\\/www.elcol-legi.org\\\/w\\\/es\\\/cuatro-miradas-un-solo-futuro-2\\\/#primaryimage\"},\"thumbnailUrl\":\"https:\\\/\\\/www.elcol-legi.org\\\/w\\\/wp-content\\\/uploads\\\/2026\\\/07\\\/SM-Inaki.png\",\"datePublished\":\"2026-09-02T10:56:34+00:00\",\"dateModified\":\"2026-09-02T10:57:24+00:00\",\"author\":{\"@id\":\"https:\\\/\\\/www.elcol-legi.org\\\/w\\\/es\\\/#\\\/schema\\\/person\\\/4283d40fbd72a940d5fff484fe5ec410\"},\"breadcrumb\":{\"@id\":\"https:\\\/\\\/www.elcol-legi.org\\\/w\\\/es\\\/cuatro-miradas-un-solo-futuro-2\\\/#breadcrumb\"},\"inLanguage\":\"es\",\"potentialAction\":[{\"@type\":\"ReadAction\",\"target\":[\"https:\\\/\\\/www.elcol-legi.org\\\/w\\\/es\\\/cuatro-miradas-un-solo-futuro-2\\\/\"]}]},{\"@type\":\"ImageObject\",\"inLanguage\":\"es\",\"@id\":\"https:\\\/\\\/www.elcol-legi.org\\\/w\\\/es\\\/cuatro-miradas-un-solo-futuro-2\\\/#primaryimage\",\"url\":\"https:\\\/\\\/www.elcol-legi.org\\\/w\\\/wp-content\\\/uploads\\\/2026\\\/07\\\/SM-Inaki.png\",\"contentUrl\":\"https:\\\/\\\/www.elcol-legi.org\\\/w\\\/wp-content\\\/uploads\\\/2026\\\/07\\\/SM-Inaki.png\",\"width\":1320,\"height\":964},{\"@type\":\"BreadcrumbList\",\"@id\":\"https:\\\/\\\/www.elcol-legi.org\\\/w\\\/es\\\/cuatro-miradas-un-solo-futuro-2\\\/#breadcrumb\",\"itemListElement\":[{\"@type\":\"ListItem\",\"position\":1,\"name\":\"Inici\",\"item\":\"https:\\\/\\\/www.elcol-legi.org\\\/w\\\/es\\\/\"},{\"@type\":\"ListItem\",\"position\":2,\"name\":\"Cuatro miradas, un solo futuro\"}]},{\"@type\":\"WebSite\",\"@id\":\"https:\\\/\\\/www.elcol-legi.org\\\/w\\\/es\\\/#website\",\"url\":\"https:\\\/\\\/www.elcol-legi.org\\\/w\\\/es\\\/\",\"name\":\"Col-legi de Mediadors d&#039;Assegurances de Barcelona\",\"description\":\"Support al mediador d&#039;assegurances\",\"potentialAction\":[{\"@type\":\"SearchAction\",\"target\":{\"@type\":\"EntryPoint\",\"urlTemplate\":\"https:\\\/\\\/www.elcol-legi.org\\\/w\\\/es\\\/?s={search_term_string}\"},\"query-input\":{\"@type\":\"PropertyValueSpecification\",\"valueRequired\":true,\"valueName\":\"search_term_string\"}}],\"inLanguage\":\"es\"},{\"@type\":\"Person\",\"@id\":\"https:\\\/\\\/www.elcol-legi.org\\\/w\\\/es\\\/#\\\/schema\\\/person\\\/4283d40fbd72a940d5fff484fe5ec410\",\"name\":\"Marc Alcaraz\",\"image\":{\"@type\":\"ImageObject\",\"inLanguage\":\"es\",\"@id\":\"https:\\\/\\\/secure.gravatar.com\\\/avatar\\\/e5dee642a130a369f4e8f5fe2d78526e99d5506f34de2f80b7994e63dc58d1b0?s=96&d=mm&r=g\",\"url\":\"https:\\\/\\\/secure.gravatar.com\\\/avatar\\\/e5dee642a130a369f4e8f5fe2d78526e99d5506f34de2f80b7994e63dc58d1b0?s=96&d=mm&r=g\",\"contentUrl\":\"https:\\\/\\\/secure.gravatar.com\\\/avatar\\\/e5dee642a130a369f4e8f5fe2d78526e99d5506f34de2f80b7994e63dc58d1b0?s=96&d=mm&r=g\",\"caption\":\"Marc Alcaraz\"},\"url\":\"https:\\\/\\\/www.elcol-legi.org\\\/w\\\/es\\\/author\\\/efreire\\\/\"}]}<\/script>\n<!-- \/ Yoast SEO plugin. -->","yoast_head_json":{"title":"Cuatro miradas, un solo futuro - Col-legi de Mediadors d&#039;Assegurances de Barcelona","robots":{"index":"index","follow":"follow","max-snippet":"max-snippet:-1","max-image-preview":"max-image-preview:large","max-video-preview":"max-video-preview:-1"},"canonical":"https:\/\/www.elcol-legi.org\/w\/es\/cuatro-miradas-un-solo-futuro-2\/","og_locale":"es_ES","og_type":"article","og_title":"Cuatro miradas, un solo futuro - Col-legi de Mediadors d&#039;Assegurances de Barcelona","og_description":"[vc_row][vc_column width=&#8221;3\/4&#8243;][vc_column_text css=&#8221;&#8221;] La Semana Mundial 2026 pone cuatro generaciones ante el espejo para hablar del futuro [\/vc_column_text][stm_spacing lg_spacing=&#8221;6&#8243; md_spacing=&#8221;6&#8243; sm_spacing=&#8221;6&#8243; xs_spacing=&#8221;6&#8243;][vc_column_text css=&#8221;&#8221;]4-9-26[\/vc_column_text][vc_column_text css=&#8221;&#8221;] I\u00f1aki Gabilondo conducir\u00e1 en L\u2019Auditori, el 28 de septiembre, un debate entre representantes de las generaciones Boomer, X, Millennial i Z [\/vc_column_text][vc_single_image source=&#8221;featured_image&#8221; img_size=&#8221;850&#215;350&#8243;][vc_column_text css=&#8221;.vc_custom_1788346151018{margin-bottom: 20px !important;}&#8221;] \u00bfEntienden de la misma","og_url":"https:\/\/www.elcol-legi.org\/w\/es\/cuatro-miradas-un-solo-futuro-2\/","og_site_name":"Col-legi de Mediadors d&#039;Assegurances de Barcelona","article_published_time":"2026-09-02T10:56:34+00:00","article_modified_time":"2026-09-02T10:57:24+00:00","og_image":[{"width":1320,"height":964,"url":"https:\/\/www.elcol-legi.org\/w\/wp-content\/uploads\/2026\/07\/SM-Inaki.png","type":"image\/png"}],"author":"Marc Alcaraz","twitter_card":"summary_large_image","twitter_misc":{"Escrito por":"Marc Alcaraz","Tiempo de lectura":"6 minutos"},"schema":{"@context":"https:\/\/schema.org","@graph":[{"@type":"Article","@id":"https:\/\/www.elcol-legi.org\/w\/es\/cuatro-miradas-un-solo-futuro-2\/#article","isPartOf":{"@id":"https:\/\/www.elcol-legi.org\/w\/es\/cuatro-miradas-un-solo-futuro-2\/"},"author":{"name":"Marc Alcaraz","@id":"https:\/\/www.elcol-legi.org\/w\/es\/#\/schema\/person\/4283d40fbd72a940d5fff484fe5ec410"},"headline":"Cuatro miradas, un solo futuro","datePublished":"2026-09-02T10:56:34+00:00","dateModified":"2026-09-02T10:57:24+00:00","mainEntityOfPage":{"@id":"https:\/\/www.elcol-legi.org\/w\/es\/cuatro-miradas-un-solo-futuro-2\/"},"wordCount":1107,"image":{"@id":"https:\/\/www.elcol-legi.org\/w\/es\/cuatro-miradas-un-solo-futuro-2\/#primaryimage"},"thumbnailUrl":"https:\/\/www.elcol-legi.org\/w\/wp-content\/uploads\/2026\/07\/SM-Inaki.png","keywords":["MN 304"],"articleSection":["Noticias"],"inLanguage":"es"},{"@type":"WebPage","@id":"https:\/\/www.elcol-legi.org\/w\/es\/cuatro-miradas-un-solo-futuro-2\/","url":"https:\/\/www.elcol-legi.org\/w\/es\/cuatro-miradas-un-solo-futuro-2\/","name":"Cuatro miradas, un solo futuro - Col-legi de Mediadors d&#039;Assegurances de Barcelona","isPartOf":{"@id":"https:\/\/www.elcol-legi.org\/w\/es\/#website"},"primaryImageOfPage":{"@id":"https:\/\/www.elcol-legi.org\/w\/es\/cuatro-miradas-un-solo-futuro-2\/#primaryimage"},"image":{"@id":"https:\/\/www.elcol-legi.org\/w\/es\/cuatro-miradas-un-solo-futuro-2\/#primaryimage"},"thumbnailUrl":"https:\/\/www.elcol-legi.org\/w\/wp-content\/uploads\/2026\/07\/SM-Inaki.png","datePublished":"2026-09-02T10:56:34+00:00","dateModified":"2026-09-02T10:57:24+00:00","author":{"@id":"https:\/\/www.elcol-legi.org\/w\/es\/#\/schema\/person\/4283d40fbd72a940d5fff484fe5ec410"},"breadcrumb":{"@id":"https:\/\/www.elcol-legi.org\/w\/es\/cuatro-miradas-un-solo-futuro-2\/#breadcrumb"},"inLanguage":"es","potentialAction":[{"@type":"ReadAction","target":["https:\/\/www.elcol-legi.org\/w\/es\/cuatro-miradas-un-solo-futuro-2\/"]}]},{"@type":"ImageObject","inLanguage":"es","@id":"https:\/\/www.elcol-legi.org\/w\/es\/cuatro-miradas-un-solo-futuro-2\/#primaryimage","url":"https:\/\/www.elcol-legi.org\/w\/wp-content\/uploads\/2026\/07\/SM-Inaki.png","contentUrl":"https:\/\/www.elcol-legi.org\/w\/wp-content\/uploads\/2026\/07\/SM-Inaki.png","width":1320,"height":964},{"@type":"BreadcrumbList","@id":"https:\/\/www.elcol-legi.org\/w\/es\/cuatro-miradas-un-solo-futuro-2\/#breadcrumb","itemListElement":[{"@type":"ListItem","position":1,"name":"Inici","item":"https:\/\/www.elcol-legi.org\/w\/es\/"},{"@type":"ListItem","position":2,"name":"Cuatro miradas, un solo futuro"}]},{"@type":"WebSite","@id":"https:\/\/www.elcol-legi.org\/w\/es\/#website","url":"https:\/\/www.elcol-legi.org\/w\/es\/","name":"Col-legi de Mediadors d&#039;Assegurances de Barcelona","description":"Support al mediador d&#039;assegurances","potentialAction":[{"@type":"SearchAction","target":{"@type":"EntryPoint","urlTemplate":"https:\/\/www.elcol-legi.org\/w\/es\/?s={search_term_string}"},"query-input":{"@type":"PropertyValueSpecification","valueRequired":true,"valueName":"search_term_string"}}],"inLanguage":"es"},{"@type":"Person","@id":"https:\/\/www.elcol-legi.org\/w\/es\/#\/schema\/person\/4283d40fbd72a940d5fff484fe5ec410","name":"Marc Alcaraz","image":{"@type":"ImageObject","inLanguage":"es","@id":"https:\/\/secure.gravatar.com\/avatar\/e5dee642a130a369f4e8f5fe2d78526e99d5506f34de2f80b7994e63dc58d1b0?s=96&d=mm&r=g","url":"https:\/\/secure.gravatar.com\/avatar\/e5dee642a130a369f4e8f5fe2d78526e99d5506f34de2f80b7994e63dc58d1b0?s=96&d=mm&r=g","contentUrl":"https:\/\/secure.gravatar.com\/avatar\/e5dee642a130a369f4e8f5fe2d78526e99d5506f34de2f80b7994e63dc58d1b0?s=96&d=mm&r=g","caption":"Marc Alcaraz"},"url":"https:\/\/www.elcol-legi.org\/w\/es\/author\/efreire\/"}]}},"_links":{"self":[{"href":"https:\/\/www.elcol-legi.org\/w\/es\/wp-json\/wp\/v2\/posts\/28603","targetHints":{"allow":["GET"]}}],"collection":[{"href":"https:\/\/www.elcol-legi.org\/w\/es\/wp-json\/wp\/v2\/posts"}],"about":[{"href":"https:\/\/www.elcol-legi.org\/w\/es\/wp-json\/wp\/v2\/types\/post"}],"author":[{"embeddable":true,"href":"https:\/\/www.elcol-legi.org\/w\/es\/wp-json\/wp\/v2\/users\/562"}],"replies":[{"embeddable":true,"href":"https:\/\/www.elcol-legi.org\/w\/es\/wp-json\/wp\/v2\/comments?post=28603"}],"version-history":[{"count":3,"href":"https:\/\/www.elcol-legi.org\/w\/es\/wp-json\/wp\/v2\/posts\/28603\/revisions"}],"predecessor-version":[{"id":28606,"href":"https:\/\/www.elcol-legi.org\/w\/es\/wp-json\/wp\/v2\/posts\/28603\/revisions\/28606"}],"wp:featuredmedia":[{"embeddable":true,"href":"https:\/\/www.elcol-legi.org\/w\/es\/wp-json\/wp\/v2\/media\/28516"}],"wp:attachment":[{"href":"https:\/\/www.elcol-legi.org\/w\/es\/wp-json\/wp\/v2\/media?parent=28603"}],"wp:term":[{"taxonomy":"category","embeddable":true,"href":"https:\/\/www.elcol-legi.org\/w\/es\/wp-json\/wp\/v2\/categories?post=28603"},{"taxonomy":"post_tag","embeddable":true,"href":"https:\/\/www.elcol-legi.org\/w\/es\/wp-json\/wp\/v2\/tags?post=28603"}],"curies":[{"name":"wp","href":"https:\/\/api.w.org\/{rel}","templated":true}]}}