{"id":28612,"date":"2026-09-02T13:47:12","date_gmt":"2026-09-02T11:47:12","guid":{"rendered":"https:\/\/www.elcol-legi.org\/w\/no-pierdas-la-opcion-de-hacer-el-master\/"},"modified":"2026-09-03T09:50:07","modified_gmt":"2026-09-03T07:50:07","slug":"no-pierdas-la-opcion-de-hacer-el-master","status":"publish","type":"post","link":"https:\/\/www.elcol-legi.org\/w\/es\/no-pierdas-la-opcion-de-hacer-el-master\/","title":{"rendered":"\u00a1No pierdas la opci\u00f3n de hacer el M\u00e0ster!"},"content":{"rendered":"<div class=\"wpb-content-wrapper\"><p>[vc_row][vc_column width=&#8221;3\/4&#8243;][vc_column_text css=&#8221;&#8221;]<\/p>\n<h2 class=\"p1\"><b>\u00a1No dejes pasar la oportunidad de hacer el M\u00e1ster!<\/b><\/h2>\n<h2 class=\"p2\"><\/h2>\n<p>[\/vc_column_text][vc_column_text css=&#8221;&#8221;]<em>4-9-26<\/em>[\/vc_column_text][vc_column_text css=&#8221;&#8221;]<\/p>\n<p class=\"p2\"><em>El programa, que empezar\u00e1 en octubre de 2026, combina formaci\u00f3n directiva, especializaci\u00f3n aseguradora, experiencia pr\u00e1ctica y ofrece triple titulaci\u00f3n<\/em><\/p>\n<p>[\/vc_column_text][vc_single_image source=&#8221;featured_image&#8221; img_size=&#8221;850&#215;350&#8243;][vc_column_text css=&#8221;.vc_custom_1788348665355{margin-bottom: 20px !important;}&#8221;]<\/p>\n<p class=\"p1\">Solo queda un mes para el inicio de las clases del <b>M\u00e1ster en Gesti\u00f3n de Empresas de Mediaci\u00f3n de Seguros<\/b>, un programa del <b>Col\u00b7legi de Mediadors d\u2019Assegurances de Barcelona<\/b> dirigido a profesionales que quieren reforzar sus capacidades directivas y dar un paso adelante en su trayectoria. La formaci\u00f3n comenzar\u00e1 el <b>3 de octubre de 2026<\/b> y es \u00fanica en el mercado, entre otras razones, porque ofrece tres titulaciones: la del propio M\u00e1ster, la de <b>Nivel 1<\/b> y la de <b>Gerencia de Riesgos<\/b> validada por AGERS. Se trata de un programa que permite a los profesionales dar un salto adelante en su carrera.<\/p>\n<p class=\"p1\">La digitalizaci\u00f3n, el aumento de la competencia, la irrupci\u00f3n de nuevos modelos de distribuci\u00f3n, la presi\u00f3n sobre los precios, los comparadores y la aparici\u00f3n de un consumidor m\u00e1s informado y exigente est\u00e1n modificando la manera de gestionar las corredur\u00edas y la relaci\u00f3n con los clientes. Ante este escenario, el programa apuesta por una formaci\u00f3n que vaya m\u00e1s all\u00e1 del conocimiento t\u00e9cnico del seguro. El M\u00e1ster est\u00e1 pensado especialmente para profesionales con vocaci\u00f3n de crecimiento que quieran asumir mayores responsabilidades dentro de su empresa o prepararse para liderar su propio proyecto de mediaci\u00f3n.<\/p>\n<p class=\"p1\">El objetivo es desarrollar tres grandes \u00e1reas de competencia: <b>capacidades directivas, excelencia en la gesti\u00f3n y conocimiento profundo del cliente<\/b>. Se trata, en definitiva, de preparar profesionales capaces de tomar decisiones en un entorno cada vez m\u00e1s competitivo y de convertir el conocimiento asegurador en una verdadera herramienta de gesti\u00f3n empresarial.<\/p>\n<p class=\"p2\"><b>Nueve meses con un formato adaptado a los profesionales<\/b><\/p>\n<p class=\"p1\">El programa tiene una <b>duraci\u00f3n de nueve meses<\/b> y combina sesiones presenciales con <b>sesiones en streaming<\/b>, una f\u00f3rmula pensada para facilitar la participaci\u00f3n de los profesionales que contin\u00faan desarrollando su actividad laboral durante el curso.<\/p>\n<p class=\"p1\">El contenido se centra espec\u00edficamente en la <b>gesti\u00f3n de empresas de mediaci\u00f3n y en el sector asegurador<\/b>, con un enfoque pr\u00e1ctico orientado a las necesidades reales de las corredur\u00edas y agentes.<\/p>\n<p class=\"p1\">Otro de los elementos diferenciales es el equipo docente. Los profesores cuentan con una amplia experiencia profesional en el sector y aportan al programa conocimientos derivados directamente de su trayectoria empresarial y aseguradora.<\/p>\n<p class=\"p2\"><b>Tres titulaciones en un mismo programa<\/b><\/p>\n<p class=\"p1\">Uno de los principales atractivos del M\u00e1ster es que los alumnos pueden finalizar el programa con <b>tres titulaciones y certificaciones<\/b>.<\/p>\n<p class=\"p1\">Por un lado, el <b>t\u00edtulo de M\u00e1ster universitario expedido por la Universitat Abat Oliba CEU<\/b>.<\/p>\n<p class=\"p1\">A este se suma el <b>Certificado de Gerencia de Riesgos de AGERS<\/b>.<\/p>\n<p class=\"p1\">Y, finalmente, el <b>Certificado de Nivel 1 expedido por CECAS<\/b>, que habilita para ejercer como corredor de seguros en toda la Uni\u00f3n Europea.<\/p>\n<p class=\"p1\">Esta combinaci\u00f3n permite integrar en una misma formaci\u00f3n la dimensi\u00f3n universitaria, la gesti\u00f3n del riesgo y los requisitos profesionales necesarios para el ejercicio de la actividad de mediaci\u00f3n.<\/p>\n<p class=\"p1\">La iniciativa est\u00e1 impulsada conjuntamente por la <b>Fundaci\u00f3 Auditorium, el Col\u00b7legi de Mediadors d\u2019Assegurances de Barcelona, la Universitat Abat Oliba CEU y CECAS<\/b>.<\/p>\n<p class=\"p1\">Las personas interesadas pueden consultar los <b>requisitos de acceso, el plan de estudios y el resto de informaci\u00f3n del programa<\/b> a trav\u00e9s de la p\u00e1gina oficial del M\u00e1ster del Col\u00b7legi de Mediadors d\u2019Assegurances de Barcelona.<\/p>\n<p class=\"p3\"><span class=\"s1\"><a href=\"http:\/\/www.mastercmab.com\/\"><b>www.mastercmab.com<\/b><b><\/b><\/a><\/span><\/p>\n<p>[\/vc_column_text][vc_row_inner][vc_column_inner width=&#8221;1\/6&#8243;][\/vc_column_inner][vc_column_inner width=&#8221;1\/6&#8243;][\/vc_column_inner][vc_column_inner width=&#8221;1\/6&#8243;][\/vc_column_inner][vc_column_inner width=&#8221;1\/6&#8243;][\/vc_column_inner][\/vc_row_inner][\/vc_column][vc_column width=&#8221;1\/4&#8243;][stm_spacing lg_spacing=&#8221;50&#8243; md_spacing=&#8221;50&#8243; sm_spacing=&#8221;50&#8243; xs_spacing=&#8221;50&#8243;][vc_column_text]<\/p>\n<h2>\u00daltimas noticias<\/h2>\n<p>[\/vc_column_text][stm_news loop=&#8221;size:4|order_by:date|order:DESC|post_type:post|categories:8&#8243; posts_per_row=&#8221;2&#8243;][\/vc_column][\/vc_row]<\/p>\n<\/div>","protected":false},"excerpt":{"rendered":"<p>[vc_row][vc_column width=&#8221;3\/4&#8243;][vc_column_text css=&#8221;&#8221;] \u00a1No dejes pasar la oportunidad de hacer el M\u00e1ster! [\/vc_column_text][vc_column_text css=&#8221;&#8221;]4-9-26[\/vc_column_text][vc_column_text css=&#8221;&#8221;] El programa, que empezar\u00e1 en octubre de 2026, combina formaci\u00f3n directiva, especializaci\u00f3n aseguradora, experiencia pr\u00e1ctica y ofrece triple titulaci\u00f3n [\/vc_column_text][vc_single_image source=&#8221;featured_image&#8221; img_size=&#8221;850&#215;350&#8243;][vc_column_text css=&#8221;.vc_custom_1788348665355{margin-bottom: 20px !important;}&#8221;] Solo queda un mes para el inicio de las clases del M\u00e1ster en Gesti\u00f3n de<\/p>\n","protected":false},"author":562,"featured_media":28610,"comment_status":"closed","ping_status":"open","sticky":false,"template":"","format":"standard","meta":{"footnotes":""},"categories":[9],"tags":[2210],"class_list":["post-28612","post","type-post","status-publish","format-standard","has-post-thumbnail","hentry","category-es-noticias","tag-mn-304"],"yoast_head":"<!-- This site is optimized with the Yoast SEO plugin v28.4 - https:\/\/yoast.com\/product\/yoast-seo-wordpress\/ -->\n<title>\u00a1No pierdas la opci\u00f3n de hacer el M\u00e0ster! - Col-legi de Mediadors d&#039;Assegurances de Barcelona<\/title>\n<meta name=\"robots\" content=\"index, follow, max-snippet:-1, max-image-preview:large, max-video-preview:-1\" \/>\n<link rel=\"canonical\" href=\"https:\/\/www.elcol-legi.org\/w\/es\/no-pierdas-la-opcion-de-hacer-el-master\/\" \/>\n<meta property=\"og:locale\" content=\"es_ES\" \/>\n<meta property=\"og:type\" content=\"article\" \/>\n<meta property=\"og:title\" content=\"\u00a1No pierdas la opci\u00f3n de hacer el M\u00e0ster! - Col-legi de Mediadors d&#039;Assegurances de Barcelona\" \/>\n<meta property=\"og:description\" content=\"[vc_row][vc_column width=&#8221;3\/4&#8243;][vc_column_text css=&#8221;&#8221;] \u00a1No dejes pasar la oportunidad de hacer el M\u00e1ster! [\/vc_column_text][vc_column_text css=&#8221;&#8221;]4-9-26[\/vc_column_text][vc_column_text css=&#8221;&#8221;] El programa, que empezar\u00e1 en octubre de 2026, combina formaci\u00f3n directiva, especializaci\u00f3n aseguradora, experiencia pr\u00e1ctica y ofrece triple titulaci\u00f3n [\/vc_column_text][vc_single_image source=&#8221;featured_image&#8221; img_size=&#8221;850&#215;350&#8243;][vc_column_text css=&#8221;.vc_custom_1788348665355{margin-bottom: 20px !important;}&#8221;] Solo queda un mes para el inicio de las clases del M\u00e1ster en Gesti\u00f3n de\" \/>\n<meta property=\"og:url\" content=\"https:\/\/www.elcol-legi.org\/w\/es\/no-pierdas-la-opcion-de-hacer-el-master\/\" \/>\n<meta property=\"og:site_name\" content=\"Col-legi de Mediadors d&#039;Assegurances de Barcelona\" \/>\n<meta property=\"article:published_time\" content=\"2026-09-02T11:47:12+00:00\" \/>\n<meta property=\"article:modified_time\" content=\"2026-09-03T07:50:07+00:00\" \/>\n<meta property=\"og:image\" content=\"https:\/\/www.elcol-legi.org\/w\/wp-content\/uploads\/2026\/09\/Y177159_collegi23_smart_fotoAyoCabrera-scaled.jpg\" \/>\n\t<meta property=\"og:image:width\" content=\"2560\" \/>\n\t<meta property=\"og:image:height\" content=\"1707\" \/>\n\t<meta property=\"og:image:type\" content=\"image\/jpeg\" \/>\n<meta name=\"author\" content=\"Marc Alcaraz\" \/>\n<meta name=\"twitter:card\" content=\"summary_large_image\" \/>\n<meta name=\"twitter:label1\" content=\"Escrito por\" \/>\n\t<meta name=\"twitter:data1\" content=\"Marc Alcaraz\" \/>\n\t<meta name=\"twitter:label2\" content=\"Tiempo de lectura\" \/>\n\t<meta name=\"twitter:data2\" content=\"4 minutos\" \/>\n<script type=\"application\/ld+json\" class=\"yoast-schema-graph\">{\"@context\":\"https:\\\/\\\/schema.org\",\"@graph\":[{\"@type\":\"Article\",\"@id\":\"https:\\\/\\\/www.elcol-legi.org\\\/w\\\/es\\\/no-pierdas-la-opcion-de-hacer-el-master\\\/#article\",\"isPartOf\":{\"@id\":\"https:\\\/\\\/www.elcol-legi.org\\\/w\\\/es\\\/no-pierdas-la-opcion-de-hacer-el-master\\\/\"},\"author\":{\"name\":\"Marc Alcaraz\",\"@id\":\"https:\\\/\\\/www.elcol-legi.org\\\/w\\\/es\\\/#\\\/schema\\\/person\\\/4283d40fbd72a940d5fff484fe5ec410\"},\"headline\":\"\u00a1No pierdas la opci\u00f3n de hacer el M\u00e0ster!\",\"datePublished\":\"2026-09-02T11:47:12+00:00\",\"dateModified\":\"2026-09-03T07:50:07+00:00\",\"mainEntityOfPage\":{\"@id\":\"https:\\\/\\\/www.elcol-legi.org\\\/w\\\/es\\\/no-pierdas-la-opcion-de-hacer-el-master\\\/\"},\"wordCount\":733,\"image\":{\"@id\":\"https:\\\/\\\/www.elcol-legi.org\\\/w\\\/es\\\/no-pierdas-la-opcion-de-hacer-el-master\\\/#primaryimage\"},\"thumbnailUrl\":\"https:\\\/\\\/www.elcol-legi.org\\\/w\\\/wp-content\\\/uploads\\\/2026\\\/09\\\/Y177159_collegi23_smart_fotoAyoCabrera-scaled.jpg\",\"keywords\":[\"MN 304\"],\"articleSection\":[\"Noticias\"],\"inLanguage\":\"es\"},{\"@type\":\"WebPage\",\"@id\":\"https:\\\/\\\/www.elcol-legi.org\\\/w\\\/es\\\/no-pierdas-la-opcion-de-hacer-el-master\\\/\",\"url\":\"https:\\\/\\\/www.elcol-legi.org\\\/w\\\/es\\\/no-pierdas-la-opcion-de-hacer-el-master\\\/\",\"name\":\"\u00a1No pierdas la opci\u00f3n de hacer el M\u00e0ster! - Col-legi de Mediadors d&#039;Assegurances de Barcelona\",\"isPartOf\":{\"@id\":\"https:\\\/\\\/www.elcol-legi.org\\\/w\\\/es\\\/#website\"},\"primaryImageOfPage\":{\"@id\":\"https:\\\/\\\/www.elcol-legi.org\\\/w\\\/es\\\/no-pierdas-la-opcion-de-hacer-el-master\\\/#primaryimage\"},\"image\":{\"@id\":\"https:\\\/\\\/www.elcol-legi.org\\\/w\\\/es\\\/no-pierdas-la-opcion-de-hacer-el-master\\\/#primaryimage\"},\"thumbnailUrl\":\"https:\\\/\\\/www.elcol-legi.org\\\/w\\\/wp-content\\\/uploads\\\/2026\\\/09\\\/Y177159_collegi23_smart_fotoAyoCabrera-scaled.jpg\",\"datePublished\":\"2026-09-02T11:47:12+00:00\",\"dateModified\":\"2026-09-03T07:50:07+00:00\",\"author\":{\"@id\":\"https:\\\/\\\/www.elcol-legi.org\\\/w\\\/es\\\/#\\\/schema\\\/person\\\/4283d40fbd72a940d5fff484fe5ec410\"},\"breadcrumb\":{\"@id\":\"https:\\\/\\\/www.elcol-legi.org\\\/w\\\/es\\\/no-pierdas-la-opcion-de-hacer-el-master\\\/#breadcrumb\"},\"inLanguage\":\"es\",\"potentialAction\":[{\"@type\":\"ReadAction\",\"target\":[\"https:\\\/\\\/www.elcol-legi.org\\\/w\\\/es\\\/no-pierdas-la-opcion-de-hacer-el-master\\\/\"]}]},{\"@type\":\"ImageObject\",\"inLanguage\":\"es\",\"@id\":\"https:\\\/\\\/www.elcol-legi.org\\\/w\\\/es\\\/no-pierdas-la-opcion-de-hacer-el-master\\\/#primaryimage\",\"url\":\"https:\\\/\\\/www.elcol-legi.org\\\/w\\\/wp-content\\\/uploads\\\/2026\\\/09\\\/Y177159_collegi23_smart_fotoAyoCabrera-scaled.jpg\",\"contentUrl\":\"https:\\\/\\\/www.elcol-legi.org\\\/w\\\/wp-content\\\/uploads\\\/2026\\\/09\\\/Y177159_collegi23_smart_fotoAyoCabrera-scaled.jpg\",\"width\":2560,\"height\":1707},{\"@type\":\"BreadcrumbList\",\"@id\":\"https:\\\/\\\/www.elcol-legi.org\\\/w\\\/es\\\/no-pierdas-la-opcion-de-hacer-el-master\\\/#breadcrumb\",\"itemListElement\":[{\"@type\":\"ListItem\",\"position\":1,\"name\":\"Inici\",\"item\":\"https:\\\/\\\/www.elcol-legi.org\\\/w\\\/es\\\/\"},{\"@type\":\"ListItem\",\"position\":2,\"name\":\"\u00a1No pierdas la opci\u00f3n de hacer el M\u00e0ster!\"}]},{\"@type\":\"WebSite\",\"@id\":\"https:\\\/\\\/www.elcol-legi.org\\\/w\\\/es\\\/#website\",\"url\":\"https:\\\/\\\/www.elcol-legi.org\\\/w\\\/es\\\/\",\"name\":\"Col-legi de Mediadors d&#039;Assegurances de Barcelona\",\"description\":\"Support al mediador d&#039;assegurances\",\"potentialAction\":[{\"@type\":\"SearchAction\",\"target\":{\"@type\":\"EntryPoint\",\"urlTemplate\":\"https:\\\/\\\/www.elcol-legi.org\\\/w\\\/es\\\/?s={search_term_string}\"},\"query-input\":{\"@type\":\"PropertyValueSpecification\",\"valueRequired\":true,\"valueName\":\"search_term_string\"}}],\"inLanguage\":\"es\"},{\"@type\":\"Person\",\"@id\":\"https:\\\/\\\/www.elcol-legi.org\\\/w\\\/es\\\/#\\\/schema\\\/person\\\/4283d40fbd72a940d5fff484fe5ec410\",\"name\":\"Marc Alcaraz\",\"image\":{\"@type\":\"ImageObject\",\"inLanguage\":\"es\",\"@id\":\"https:\\\/\\\/secure.gravatar.com\\\/avatar\\\/e5dee642a130a369f4e8f5fe2d78526e99d5506f34de2f80b7994e63dc58d1b0?s=96&d=mm&r=g\",\"url\":\"https:\\\/\\\/secure.gravatar.com\\\/avatar\\\/e5dee642a130a369f4e8f5fe2d78526e99d5506f34de2f80b7994e63dc58d1b0?s=96&d=mm&r=g\",\"contentUrl\":\"https:\\\/\\\/secure.gravatar.com\\\/avatar\\\/e5dee642a130a369f4e8f5fe2d78526e99d5506f34de2f80b7994e63dc58d1b0?s=96&d=mm&r=g\",\"caption\":\"Marc Alcaraz\"},\"url\":\"https:\\\/\\\/www.elcol-legi.org\\\/w\\\/es\\\/author\\\/efreire\\\/\"}]}<\/script>\n<!-- \/ Yoast SEO plugin. -->","yoast_head_json":{"title":"\u00a1No pierdas la opci\u00f3n de hacer el M\u00e0ster! - Col-legi de Mediadors d&#039;Assegurances de Barcelona","robots":{"index":"index","follow":"follow","max-snippet":"max-snippet:-1","max-image-preview":"max-image-preview:large","max-video-preview":"max-video-preview:-1"},"canonical":"https:\/\/www.elcol-legi.org\/w\/es\/no-pierdas-la-opcion-de-hacer-el-master\/","og_locale":"es_ES","og_type":"article","og_title":"\u00a1No pierdas la opci\u00f3n de hacer el M\u00e0ster! - Col-legi de Mediadors d&#039;Assegurances de Barcelona","og_description":"[vc_row][vc_column width=&#8221;3\/4&#8243;][vc_column_text css=&#8221;&#8221;] \u00a1No dejes pasar la oportunidad de hacer el M\u00e1ster! [\/vc_column_text][vc_column_text css=&#8221;&#8221;]4-9-26[\/vc_column_text][vc_column_text css=&#8221;&#8221;] El programa, que empezar\u00e1 en octubre de 2026, combina formaci\u00f3n directiva, especializaci\u00f3n aseguradora, experiencia pr\u00e1ctica y ofrece triple titulaci\u00f3n [\/vc_column_text][vc_single_image source=&#8221;featured_image&#8221; img_size=&#8221;850&#215;350&#8243;][vc_column_text css=&#8221;.vc_custom_1788348665355{margin-bottom: 20px !important;}&#8221;] Solo queda un mes para el inicio de las clases del M\u00e1ster en Gesti\u00f3n de","og_url":"https:\/\/www.elcol-legi.org\/w\/es\/no-pierdas-la-opcion-de-hacer-el-master\/","og_site_name":"Col-legi de Mediadors d&#039;Assegurances de Barcelona","article_published_time":"2026-09-02T11:47:12+00:00","article_modified_time":"2026-09-03T07:50:07+00:00","og_image":[{"width":2560,"height":1707,"url":"https:\/\/www.elcol-legi.org\/w\/wp-content\/uploads\/2026\/09\/Y177159_collegi23_smart_fotoAyoCabrera-scaled.jpg","type":"image\/jpeg"}],"author":"Marc Alcaraz","twitter_card":"summary_large_image","twitter_misc":{"Escrito por":"Marc Alcaraz","Tiempo de lectura":"4 minutos"},"schema":{"@context":"https:\/\/schema.org","@graph":[{"@type":"Article","@id":"https:\/\/www.elcol-legi.org\/w\/es\/no-pierdas-la-opcion-de-hacer-el-master\/#article","isPartOf":{"@id":"https:\/\/www.elcol-legi.org\/w\/es\/no-pierdas-la-opcion-de-hacer-el-master\/"},"author":{"name":"Marc Alcaraz","@id":"https:\/\/www.elcol-legi.org\/w\/es\/#\/schema\/person\/4283d40fbd72a940d5fff484fe5ec410"},"headline":"\u00a1No pierdas la opci\u00f3n de hacer el M\u00e0ster!","datePublished":"2026-09-02T11:47:12+00:00","dateModified":"2026-09-03T07:50:07+00:00","mainEntityOfPage":{"@id":"https:\/\/www.elcol-legi.org\/w\/es\/no-pierdas-la-opcion-de-hacer-el-master\/"},"wordCount":733,"image":{"@id":"https:\/\/www.elcol-legi.org\/w\/es\/no-pierdas-la-opcion-de-hacer-el-master\/#primaryimage"},"thumbnailUrl":"https:\/\/www.elcol-legi.org\/w\/wp-content\/uploads\/2026\/09\/Y177159_collegi23_smart_fotoAyoCabrera-scaled.jpg","keywords":["MN 304"],"articleSection":["Noticias"],"inLanguage":"es"},{"@type":"WebPage","@id":"https:\/\/www.elcol-legi.org\/w\/es\/no-pierdas-la-opcion-de-hacer-el-master\/","url":"https:\/\/www.elcol-legi.org\/w\/es\/no-pierdas-la-opcion-de-hacer-el-master\/","name":"\u00a1No pierdas la opci\u00f3n de hacer el M\u00e0ster! - Col-legi de Mediadors d&#039;Assegurances de Barcelona","isPartOf":{"@id":"https:\/\/www.elcol-legi.org\/w\/es\/#website"},"primaryImageOfPage":{"@id":"https:\/\/www.elcol-legi.org\/w\/es\/no-pierdas-la-opcion-de-hacer-el-master\/#primaryimage"},"image":{"@id":"https:\/\/www.elcol-legi.org\/w\/es\/no-pierdas-la-opcion-de-hacer-el-master\/#primaryimage"},"thumbnailUrl":"https:\/\/www.elcol-legi.org\/w\/wp-content\/uploads\/2026\/09\/Y177159_collegi23_smart_fotoAyoCabrera-scaled.jpg","datePublished":"2026-09-02T11:47:12+00:00","dateModified":"2026-09-03T07:50:07+00:00","author":{"@id":"https:\/\/www.elcol-legi.org\/w\/es\/#\/schema\/person\/4283d40fbd72a940d5fff484fe5ec410"},"breadcrumb":{"@id":"https:\/\/www.elcol-legi.org\/w\/es\/no-pierdas-la-opcion-de-hacer-el-master\/#breadcrumb"},"inLanguage":"es","potentialAction":[{"@type":"ReadAction","target":["https:\/\/www.elcol-legi.org\/w\/es\/no-pierdas-la-opcion-de-hacer-el-master\/"]}]},{"@type":"ImageObject","inLanguage":"es","@id":"https:\/\/www.elcol-legi.org\/w\/es\/no-pierdas-la-opcion-de-hacer-el-master\/#primaryimage","url":"https:\/\/www.elcol-legi.org\/w\/wp-content\/uploads\/2026\/09\/Y177159_collegi23_smart_fotoAyoCabrera-scaled.jpg","contentUrl":"https:\/\/www.elcol-legi.org\/w\/wp-content\/uploads\/2026\/09\/Y177159_collegi23_smart_fotoAyoCabrera-scaled.jpg","width":2560,"height":1707},{"@type":"BreadcrumbList","@id":"https:\/\/www.elcol-legi.org\/w\/es\/no-pierdas-la-opcion-de-hacer-el-master\/#breadcrumb","itemListElement":[{"@type":"ListItem","position":1,"name":"Inici","item":"https:\/\/www.elcol-legi.org\/w\/es\/"},{"@type":"ListItem","position":2,"name":"\u00a1No pierdas la opci\u00f3n de hacer el M\u00e0ster!"}]},{"@type":"WebSite","@id":"https:\/\/www.elcol-legi.org\/w\/es\/#website","url":"https:\/\/www.elcol-legi.org\/w\/es\/","name":"Col-legi de Mediadors d&#039;Assegurances de Barcelona","description":"Support al mediador d&#039;assegurances","potentialAction":[{"@type":"SearchAction","target":{"@type":"EntryPoint","urlTemplate":"https:\/\/www.elcol-legi.org\/w\/es\/?s={search_term_string}"},"query-input":{"@type":"PropertyValueSpecification","valueRequired":true,"valueName":"search_term_string"}}],"inLanguage":"es"},{"@type":"Person","@id":"https:\/\/www.elcol-legi.org\/w\/es\/#\/schema\/person\/4283d40fbd72a940d5fff484fe5ec410","name":"Marc Alcaraz","image":{"@type":"ImageObject","inLanguage":"es","@id":"https:\/\/secure.gravatar.com\/avatar\/e5dee642a130a369f4e8f5fe2d78526e99d5506f34de2f80b7994e63dc58d1b0?s=96&d=mm&r=g","url":"https:\/\/secure.gravatar.com\/avatar\/e5dee642a130a369f4e8f5fe2d78526e99d5506f34de2f80b7994e63dc58d1b0?s=96&d=mm&r=g","contentUrl":"https:\/\/secure.gravatar.com\/avatar\/e5dee642a130a369f4e8f5fe2d78526e99d5506f34de2f80b7994e63dc58d1b0?s=96&d=mm&r=g","caption":"Marc Alcaraz"},"url":"https:\/\/www.elcol-legi.org\/w\/es\/author\/efreire\/"}]}},"_links":{"self":[{"href":"https:\/\/www.elcol-legi.org\/w\/es\/wp-json\/wp\/v2\/posts\/28612","targetHints":{"allow":["GET"]}}],"collection":[{"href":"https:\/\/www.elcol-legi.org\/w\/es\/wp-json\/wp\/v2\/posts"}],"about":[{"href":"https:\/\/www.elcol-legi.org\/w\/es\/wp-json\/wp\/v2\/types\/post"}],"author":[{"embeddable":true,"href":"https:\/\/www.elcol-legi.org\/w\/es\/wp-json\/wp\/v2\/users\/562"}],"replies":[{"embeddable":true,"href":"https:\/\/www.elcol-legi.org\/w\/es\/wp-json\/wp\/v2\/comments?post=28612"}],"version-history":[{"count":4,"href":"https:\/\/www.elcol-legi.org\/w\/es\/wp-json\/wp\/v2\/posts\/28612\/revisions"}],"predecessor-version":[{"id":28615,"href":"https:\/\/www.elcol-legi.org\/w\/es\/wp-json\/wp\/v2\/posts\/28612\/revisions\/28615"}],"wp:featuredmedia":[{"embeddable":true,"href":"https:\/\/www.elcol-legi.org\/w\/es\/wp-json\/wp\/v2\/media\/28610"}],"wp:attachment":[{"href":"https:\/\/www.elcol-legi.org\/w\/es\/wp-json\/wp\/v2\/media?parent=28612"}],"wp:term":[{"taxonomy":"category","embeddable":true,"href":"https:\/\/www.elcol-legi.org\/w\/es\/wp-json\/wp\/v2\/categories?post=28612"},{"taxonomy":"post_tag","embeddable":true,"href":"https:\/\/www.elcol-legi.org\/w\/es\/wp-json\/wp\/v2\/tags?post=28612"}],"curies":[{"name":"wp","href":"https:\/\/api.w.org\/{rel}","templated":true}]}}