{"id":8708,"date":"2022-02-08T12:45:31","date_gmt":"2022-02-08T10:45:31","guid":{"rendered":"https:\/\/www.elcol-legi.org\/w\/el-col%c2%b7legi-estrena-un-video-sobre-los-mediadores-y-el-seguro-de-pymes\/"},"modified":"2022-02-08T13:39:59","modified_gmt":"2022-02-08T11:39:59","slug":"pqsms-pymes","status":"publish","type":"post","link":"https:\/\/www.elcol-legi.org\/w\/es\/pqsms-pymes\/","title":{"rendered":"El Col\u00b7legi estrena un v\u00eddeo sobre los mediadores y el seguro de Pymes"},"content":{"rendered":"<div class=\"wpb-content-wrapper\"><p>[vc_row][vc_column width=&#8221;3\/4&#8243;][stm_spacing lg_spacing=&#8221;6&#8243; md_spacing=&#8221;6&#8243; sm_spacing=&#8221;6&#8243; xs_spacing=&#8221;6&#8243;][vc_column_text]<em>Este contenido divulga entre los empresarios y emprendedores la importancia del asesoramiento que proporcionamos agentes y corredores en la protecci\u00f3n de sus negocios<\/em>[\/vc_column_text][vc_single_image source=&#8221;featured_image&#8221; img_size=&#8221;850&#215;350&#8243;][vc_column_text css=&#8221;.vc_custom_1644320332686{margin-bottom: 20px !important;}&#8221;]Una conversaci\u00f3n entre un emprendedor que est\u00e1 arrancando su proyecto empresarial y una empresaria que ya lleva un tiempo al frente de su negocio es el marco en el que se desarrolla <a href=\"https:\/\/www.mediario.tv\/pymes\/\">el v\u00eddeo que hoy estrena el Col\u00b7legi<\/a>. Una pieza divulgativa sobre el valor que aportan los agentes y corredores en el seguro de pymes.<\/p>\n<p>Esta acci\u00f3n se enmarca en la campa\u00f1a <strong>\u2018\u00bfPara qu\u00e9 sirve un mediador de seguros?\u2019<\/strong> que est\u00e1 dirigida a la sociedad. En este caso, de manera preferente, los destinatarios son los empresarios y emprendedores. Los mediadores que lo deseen pueden compartir este contenido con sus clientes para destacar la importancia del asesoramiento que ofrecen los expertos en seguros.<\/p>\n<p>Durante las pr\u00f3ximas semanas, adem\u00e1s de este v\u00eddeo titulado <a href=\"https:\/\/www.mediario.tv\/pymes\/\"><strong><em>\u2018Con los seguros te juegas mucho\u2019<\/em><\/strong><\/a>, a trav\u00e9s de todos los canales de comunicaci\u00f3n del Col\u00b7legi se difundir\u00e1n contenidos en los que se profundiza sobre el papel de los mediadores en la contrataci\u00f3n y gesti\u00f3n de los seguros para pymes.<\/p>\n<p><strong>Francesc Santasusana<\/strong>, presidente del Col\u00b7legi, destaca la importancia que \u201ctiene para una pyme estar correctamente asegurada\u201d. Puede marcar la diferencia entre la supervivencia o la desaparici\u00f3n en determinadas circunstancias. Santasusana explica que \u201cel papel de los mediadores como expertos en seguros es esencial para evaluar correctamente los riesgos de un negocio y asesorar al empresario\u201d.<\/p>\n<p>El presidente afirma que \u201ccontratar un seguro sin el asesoramiento adecuado es siempre una mala decisi\u00f3n, pero en el caso de una empresa es directamente una temeridad\u201d. En este sentido, \u201ces importante que el empresario entienda que la intervenci\u00f3n de un mediador no le va a suponer pagar m\u00e1s por los seguros que necesita y en cambio le va a garantizar que est\u00e1 protegiendo su proyecto empresarial\u201d.<\/p>\n<p>Este v\u00eddeo, al igual que las dem\u00e1s piezas que forman parte de esta acci\u00f3n promocional, est\u00e1n disponibles en<a href=\"https:\/\/www.mediario.tv\/pymes\/\"><strong> MediarioTV<\/strong><\/a> y en <a href=\"https:\/\/youtu.be\/P_gE2c30MOU\">el canal de Youtube del Col\u00b7legi<\/a>. \u201cAnimo a los mediadores a que compartan con sus clientes este v\u00eddeo y el resto de contenidos que se publicar\u00e1n pr\u00f3ximamente en los canales del Col\u00b7legi sobre el valor que aporta la mediaci\u00f3n en los seguros para pymes\u201d.<\/p>\n<p>Esta tercera acci\u00f3n de la campa\u00f1a <strong>\u2018\u00bfPara qu\u00e9 sirve un mediador de seguros?\u2019<\/strong>, cuenta con el apoyo de Allianz. No obstante, en la acci\u00f3n no se menciona ning\u00fan producto asegurador en concreto.<\/p>\n<p>Por otra parte, hoy martes se publica tambi\u00e9n <a href=\"https:\/\/www.lavanguardia.com\/seguros\/20220208\/8041410\/necesita-pyme.html\">un contenido en la edici\u00f3n digital de <\/a><strong><em>\u2018La Vanguardia\u2019 <\/em><\/strong>con la misma orientaci\u00f3n y una campa\u00f1a de banners en este medio para divulgar el v\u00eddeo.<\/p>\n<p>Cada mes, se incorporar\u00e1 un nuevo contenido relacionado con un producto asegurador diferente y en el que se destaca c\u00f3mo los agentes y corredores desarrollan una funci\u00f3n de asesoramiento que garantiza las mejores coberturas y sin incrementar el precio del seguro.[\/vc_column_text][vc_row_inner][vc_column_inner width=&#8221;1\/6&#8243;][vc_tweetmeme][\/vc_column_inner][vc_column_inner width=&#8221;1\/6&#8243;][vc_facebook][\/vc_column_inner][vc_column_inner width=&#8221;1\/6&#8243;][\/vc_column_inner][vc_column_inner width=&#8221;1\/6&#8243;][\/vc_column_inner][vc_column_inner width=&#8221;1\/6&#8243;][\/vc_column_inner][vc_column_inner width=&#8221;1\/6&#8243;][\/vc_column_inner][\/vc_row_inner][\/vc_column][vc_column width=&#8221;1\/4&#8243;][stm_spacing lg_spacing=&#8221;50&#8243; md_spacing=&#8221;50&#8243; sm_spacing=&#8221;50&#8243; xs_spacing=&#8221;50&#8243;][vc_column_text]<\/p>\n<h2>\u00daltimas noticias<\/h2>\n<p>[\/vc_column_text][stm_news loop=&#8221;size:4|order_by:date|order:DESC|post_type:post|categories:8&#8243; posts_per_row=&#8221;2&#8243;][\/vc_column][\/vc_row]<\/p>\n<\/div>","protected":false},"excerpt":{"rendered":"<p>[vc_row][vc_column width=&#8221;3\/4&#8243;][stm_spacing lg_spacing=&#8221;6&#8243; md_spacing=&#8221;6&#8243; sm_spacing=&#8221;6&#8243; xs_spacing=&#8221;6&#8243;][vc_column_text]Este contenido divulga entre los empresarios y emprendedores la importancia del asesoramiento que proporcionamos agentes y corredores en la protecci\u00f3n de sus negocios[\/vc_column_text][vc_single_image source=&#8221;featured_image&#8221; img_size=&#8221;850&#215;350&#8243;][vc_column_text css=&#8221;.vc_custom_1644320332686{margin-bottom: 20px !important;}&#8221;]Una conversaci\u00f3n entre un emprendedor que est\u00e1 arrancando su proyecto empresarial y una empresaria que ya lleva un tiempo al frente de su<\/p>\n","protected":false},"author":562,"featured_media":8706,"comment_status":"closed","ping_status":"open","sticky":false,"template":"","format":"standard","meta":{"footnotes":""},"categories":[9],"tags":[161,555,556,557],"class_list":["post-8708","post","type-post","status-publish","format-standard","has-post-thumbnail","hentry","category-es-noticias","tag-mediarionews","tag-mn116-es","tag-pqsms-es","tag-pymes"],"yoast_head":"<!-- This site is optimized with the Yoast SEO plugin v27.5 - https:\/\/yoast.com\/product\/yoast-seo-wordpress\/ -->\n<title>El Col\u00b7legi estrena un v\u00eddeo sobre los mediadores y el seguro de Pymes - Col-legi de Mediadors d&#039;Assegurances de Barcelona<\/title>\n<meta name=\"description\" content=\"Una conversaci\u00f3n entre un emprendedor que est\u00e1 arrancando su proyecto empresarial y una empresaria que ya lleva un tiempo al frente de su negocio es el marco en el que se desarrolla el v\u00eddeo que hoy estrena el Col\u00b7legi. Una pieza divulgativa sobre el valor que aportan los agentes y corredores en el seguro de pymes.\" \/>\n<meta name=\"robots\" content=\"index, follow, max-snippet:-1, max-image-preview:large, max-video-preview:-1\" \/>\n<link rel=\"canonical\" href=\"https:\/\/www.elcol-legi.org\/w\/es\/pqsms-pymes\/\" \/>\n<meta property=\"og:locale\" content=\"es_ES\" \/>\n<meta property=\"og:type\" content=\"article\" \/>\n<meta property=\"og:title\" content=\"El Col\u00b7legi estrena un v\u00eddeo sobre los mediadores y el seguro de Pymes - Col-legi de Mediadors d&#039;Assegurances de Barcelona\" \/>\n<meta property=\"og:description\" content=\"Una conversaci\u00f3n entre un emprendedor que est\u00e1 arrancando su proyecto empresarial y una empresaria que ya lleva un tiempo al frente de su negocio es el marco en el que se desarrolla el v\u00eddeo que hoy estrena el Col\u00b7legi. Una pieza divulgativa sobre el valor que aportan los agentes y corredores en el seguro de pymes.\" \/>\n<meta property=\"og:url\" content=\"https:\/\/www.elcol-legi.org\/w\/es\/pqsms-pymes\/\" \/>\n<meta property=\"og:site_name\" content=\"Col-legi de Mediadors d&#039;Assegurances de Barcelona\" \/>\n<meta property=\"article:published_time\" content=\"2022-02-08T10:45:31+00:00\" \/>\n<meta property=\"article:modified_time\" content=\"2022-02-08T11:39:59+00:00\" \/>\n<meta property=\"og:image\" content=\"https:\/\/www.elcol-legi.org\/w\/wp-content\/uploads\/2022\/02\/Fotos_Pymes.jpg\" \/>\n\t<meta property=\"og:image:width\" content=\"800\" \/>\n\t<meta property=\"og:image:height\" content=\"456\" \/>\n\t<meta property=\"og:image:type\" content=\"image\/jpeg\" \/>\n<meta name=\"author\" content=\"Marc Alcaraz\" \/>\n<meta name=\"twitter:card\" content=\"summary_large_image\" \/>\n<meta name=\"twitter:label1\" content=\"Escrito por\" \/>\n\t<meta name=\"twitter:data1\" content=\"Marc Alcaraz\" \/>\n\t<meta name=\"twitter:label2\" content=\"Tiempo de lectura\" \/>\n\t<meta name=\"twitter:data2\" content=\"3 minutos\" \/>\n<script type=\"application\/ld+json\" class=\"yoast-schema-graph\">{\"@context\":\"https:\\\/\\\/schema.org\",\"@graph\":[{\"@type\":\"Article\",\"@id\":\"https:\\\/\\\/www.elcol-legi.org\\\/w\\\/es\\\/pqsms-pymes\\\/#article\",\"isPartOf\":{\"@id\":\"https:\\\/\\\/www.elcol-legi.org\\\/w\\\/es\\\/pqsms-pymes\\\/\"},\"author\":{\"name\":\"Marc Alcaraz\",\"@id\":\"https:\\\/\\\/www.elcol-legi.org\\\/w\\\/es\\\/#\\\/schema\\\/person\\\/4283d40fbd72a940d5fff484fe5ec410\"},\"headline\":\"El Col\u00b7legi estrena un v\u00eddeo sobre los mediadores y el seguro de Pymes\",\"datePublished\":\"2022-02-08T10:45:31+00:00\",\"dateModified\":\"2022-02-08T11:39:59+00:00\",\"mainEntityOfPage\":{\"@id\":\"https:\\\/\\\/www.elcol-legi.org\\\/w\\\/es\\\/pqsms-pymes\\\/\"},\"wordCount\":671,\"image\":{\"@id\":\"https:\\\/\\\/www.elcol-legi.org\\\/w\\\/es\\\/pqsms-pymes\\\/#primaryimage\"},\"thumbnailUrl\":\"https:\\\/\\\/www.elcol-legi.org\\\/w\\\/wp-content\\\/uploads\\\/2022\\\/02\\\/Fotos_Pymes.jpg\",\"keywords\":[\"MediarioNews\",\"MN116\",\"PQSMS\",\"pymes\"],\"articleSection\":[\"Noticias\"],\"inLanguage\":\"es\"},{\"@type\":\"WebPage\",\"@id\":\"https:\\\/\\\/www.elcol-legi.org\\\/w\\\/es\\\/pqsms-pymes\\\/\",\"url\":\"https:\\\/\\\/www.elcol-legi.org\\\/w\\\/es\\\/pqsms-pymes\\\/\",\"name\":\"El Col\u00b7legi estrena un v\u00eddeo sobre los mediadores y el seguro de Pymes - Col-legi de Mediadors d&#039;Assegurances de Barcelona\",\"isPartOf\":{\"@id\":\"https:\\\/\\\/www.elcol-legi.org\\\/w\\\/es\\\/#website\"},\"primaryImageOfPage\":{\"@id\":\"https:\\\/\\\/www.elcol-legi.org\\\/w\\\/es\\\/pqsms-pymes\\\/#primaryimage\"},\"image\":{\"@id\":\"https:\\\/\\\/www.elcol-legi.org\\\/w\\\/es\\\/pqsms-pymes\\\/#primaryimage\"},\"thumbnailUrl\":\"https:\\\/\\\/www.elcol-legi.org\\\/w\\\/wp-content\\\/uploads\\\/2022\\\/02\\\/Fotos_Pymes.jpg\",\"datePublished\":\"2022-02-08T10:45:31+00:00\",\"dateModified\":\"2022-02-08T11:39:59+00:00\",\"author\":{\"@id\":\"https:\\\/\\\/www.elcol-legi.org\\\/w\\\/es\\\/#\\\/schema\\\/person\\\/4283d40fbd72a940d5fff484fe5ec410\"},\"description\":\"Una conversaci\u00f3n entre un emprendedor que est\u00e1 arrancando su proyecto empresarial y una empresaria que ya lleva un tiempo al frente de su negocio es el marco en el que se desarrolla el v\u00eddeo que hoy estrena el Col\u00b7legi. Una pieza divulgativa sobre el valor que aportan los agentes y corredores en el seguro de pymes.\",\"breadcrumb\":{\"@id\":\"https:\\\/\\\/www.elcol-legi.org\\\/w\\\/es\\\/pqsms-pymes\\\/#breadcrumb\"},\"inLanguage\":\"es\",\"potentialAction\":[{\"@type\":\"ReadAction\",\"target\":[\"https:\\\/\\\/www.elcol-legi.org\\\/w\\\/es\\\/pqsms-pymes\\\/\"]}]},{\"@type\":\"ImageObject\",\"inLanguage\":\"es\",\"@id\":\"https:\\\/\\\/www.elcol-legi.org\\\/w\\\/es\\\/pqsms-pymes\\\/#primaryimage\",\"url\":\"https:\\\/\\\/www.elcol-legi.org\\\/w\\\/wp-content\\\/uploads\\\/2022\\\/02\\\/Fotos_Pymes.jpg\",\"contentUrl\":\"https:\\\/\\\/www.elcol-legi.org\\\/w\\\/wp-content\\\/uploads\\\/2022\\\/02\\\/Fotos_Pymes.jpg\",\"width\":800,\"height\":456,\"caption\":\"Cada negocio tiene sus propios riesgos\"},{\"@type\":\"BreadcrumbList\",\"@id\":\"https:\\\/\\\/www.elcol-legi.org\\\/w\\\/es\\\/pqsms-pymes\\\/#breadcrumb\",\"itemListElement\":[{\"@type\":\"ListItem\",\"position\":1,\"name\":\"Inici\",\"item\":\"https:\\\/\\\/www.elcol-legi.org\\\/w\\\/es\\\/\"},{\"@type\":\"ListItem\",\"position\":2,\"name\":\"El Col\u00b7legi estrena un v\u00eddeo sobre los mediadores y el seguro de Pymes\"}]},{\"@type\":\"WebSite\",\"@id\":\"https:\\\/\\\/www.elcol-legi.org\\\/w\\\/es\\\/#website\",\"url\":\"https:\\\/\\\/www.elcol-legi.org\\\/w\\\/es\\\/\",\"name\":\"Col-legi de Mediadors d&#039;Assegurances de Barcelona\",\"description\":\"Support al mediador d&#039;assegurances\",\"potentialAction\":[{\"@type\":\"SearchAction\",\"target\":{\"@type\":\"EntryPoint\",\"urlTemplate\":\"https:\\\/\\\/www.elcol-legi.org\\\/w\\\/es\\\/?s={search_term_string}\"},\"query-input\":{\"@type\":\"PropertyValueSpecification\",\"valueRequired\":true,\"valueName\":\"search_term_string\"}}],\"inLanguage\":\"es\"},{\"@type\":\"Person\",\"@id\":\"https:\\\/\\\/www.elcol-legi.org\\\/w\\\/es\\\/#\\\/schema\\\/person\\\/4283d40fbd72a940d5fff484fe5ec410\",\"name\":\"Marc Alcaraz\",\"image\":{\"@type\":\"ImageObject\",\"inLanguage\":\"es\",\"@id\":\"https:\\\/\\\/secure.gravatar.com\\\/avatar\\\/e5dee642a130a369f4e8f5fe2d78526e99d5506f34de2f80b7994e63dc58d1b0?s=96&d=mm&r=g\",\"url\":\"https:\\\/\\\/secure.gravatar.com\\\/avatar\\\/e5dee642a130a369f4e8f5fe2d78526e99d5506f34de2f80b7994e63dc58d1b0?s=96&d=mm&r=g\",\"contentUrl\":\"https:\\\/\\\/secure.gravatar.com\\\/avatar\\\/e5dee642a130a369f4e8f5fe2d78526e99d5506f34de2f80b7994e63dc58d1b0?s=96&d=mm&r=g\",\"caption\":\"Marc Alcaraz\"},\"url\":\"https:\\\/\\\/www.elcol-legi.org\\\/w\\\/es\\\/author\\\/efreire\\\/\"}]}<\/script>\n<!-- \/ Yoast SEO plugin. -->","yoast_head_json":{"title":"El Col\u00b7legi estrena un v\u00eddeo sobre los mediadores y el seguro de Pymes - Col-legi de Mediadors d&#039;Assegurances de Barcelona","description":"Una conversaci\u00f3n entre un emprendedor que est\u00e1 arrancando su proyecto empresarial y una empresaria que ya lleva un tiempo al frente de su negocio es el marco en el que se desarrolla el v\u00eddeo que hoy estrena el Col\u00b7legi. Una pieza divulgativa sobre el valor que aportan los agentes y corredores en el seguro de pymes.","robots":{"index":"index","follow":"follow","max-snippet":"max-snippet:-1","max-image-preview":"max-image-preview:large","max-video-preview":"max-video-preview:-1"},"canonical":"https:\/\/www.elcol-legi.org\/w\/es\/pqsms-pymes\/","og_locale":"es_ES","og_type":"article","og_title":"El Col\u00b7legi estrena un v\u00eddeo sobre los mediadores y el seguro de Pymes - Col-legi de Mediadors d&#039;Assegurances de Barcelona","og_description":"Una conversaci\u00f3n entre un emprendedor que est\u00e1 arrancando su proyecto empresarial y una empresaria que ya lleva un tiempo al frente de su negocio es el marco en el que se desarrolla el v\u00eddeo que hoy estrena el Col\u00b7legi. Una pieza divulgativa sobre el valor que aportan los agentes y corredores en el seguro de pymes.","og_url":"https:\/\/www.elcol-legi.org\/w\/es\/pqsms-pymes\/","og_site_name":"Col-legi de Mediadors d&#039;Assegurances de Barcelona","article_published_time":"2022-02-08T10:45:31+00:00","article_modified_time":"2022-02-08T11:39:59+00:00","og_image":[{"width":800,"height":456,"url":"https:\/\/www.elcol-legi.org\/w\/wp-content\/uploads\/2022\/02\/Fotos_Pymes.jpg","type":"image\/jpeg"}],"author":"Marc Alcaraz","twitter_card":"summary_large_image","twitter_misc":{"Escrito por":"Marc Alcaraz","Tiempo de lectura":"3 minutos"},"schema":{"@context":"https:\/\/schema.org","@graph":[{"@type":"Article","@id":"https:\/\/www.elcol-legi.org\/w\/es\/pqsms-pymes\/#article","isPartOf":{"@id":"https:\/\/www.elcol-legi.org\/w\/es\/pqsms-pymes\/"},"author":{"name":"Marc Alcaraz","@id":"https:\/\/www.elcol-legi.org\/w\/es\/#\/schema\/person\/4283d40fbd72a940d5fff484fe5ec410"},"headline":"El Col\u00b7legi estrena un v\u00eddeo sobre los mediadores y el seguro de Pymes","datePublished":"2022-02-08T10:45:31+00:00","dateModified":"2022-02-08T11:39:59+00:00","mainEntityOfPage":{"@id":"https:\/\/www.elcol-legi.org\/w\/es\/pqsms-pymes\/"},"wordCount":671,"image":{"@id":"https:\/\/www.elcol-legi.org\/w\/es\/pqsms-pymes\/#primaryimage"},"thumbnailUrl":"https:\/\/www.elcol-legi.org\/w\/wp-content\/uploads\/2022\/02\/Fotos_Pymes.jpg","keywords":["MediarioNews","MN116","PQSMS","pymes"],"articleSection":["Noticias"],"inLanguage":"es"},{"@type":"WebPage","@id":"https:\/\/www.elcol-legi.org\/w\/es\/pqsms-pymes\/","url":"https:\/\/www.elcol-legi.org\/w\/es\/pqsms-pymes\/","name":"El Col\u00b7legi estrena un v\u00eddeo sobre los mediadores y el seguro de Pymes - Col-legi de Mediadors d&#039;Assegurances de Barcelona","isPartOf":{"@id":"https:\/\/www.elcol-legi.org\/w\/es\/#website"},"primaryImageOfPage":{"@id":"https:\/\/www.elcol-legi.org\/w\/es\/pqsms-pymes\/#primaryimage"},"image":{"@id":"https:\/\/www.elcol-legi.org\/w\/es\/pqsms-pymes\/#primaryimage"},"thumbnailUrl":"https:\/\/www.elcol-legi.org\/w\/wp-content\/uploads\/2022\/02\/Fotos_Pymes.jpg","datePublished":"2022-02-08T10:45:31+00:00","dateModified":"2022-02-08T11:39:59+00:00","author":{"@id":"https:\/\/www.elcol-legi.org\/w\/es\/#\/schema\/person\/4283d40fbd72a940d5fff484fe5ec410"},"description":"Una conversaci\u00f3n entre un emprendedor que est\u00e1 arrancando su proyecto empresarial y una empresaria que ya lleva un tiempo al frente de su negocio es el marco en el que se desarrolla el v\u00eddeo que hoy estrena el Col\u00b7legi. Una pieza divulgativa sobre el valor que aportan los agentes y corredores en el seguro de pymes.","breadcrumb":{"@id":"https:\/\/www.elcol-legi.org\/w\/es\/pqsms-pymes\/#breadcrumb"},"inLanguage":"es","potentialAction":[{"@type":"ReadAction","target":["https:\/\/www.elcol-legi.org\/w\/es\/pqsms-pymes\/"]}]},{"@type":"ImageObject","inLanguage":"es","@id":"https:\/\/www.elcol-legi.org\/w\/es\/pqsms-pymes\/#primaryimage","url":"https:\/\/www.elcol-legi.org\/w\/wp-content\/uploads\/2022\/02\/Fotos_Pymes.jpg","contentUrl":"https:\/\/www.elcol-legi.org\/w\/wp-content\/uploads\/2022\/02\/Fotos_Pymes.jpg","width":800,"height":456,"caption":"Cada negocio tiene sus propios riesgos"},{"@type":"BreadcrumbList","@id":"https:\/\/www.elcol-legi.org\/w\/es\/pqsms-pymes\/#breadcrumb","itemListElement":[{"@type":"ListItem","position":1,"name":"Inici","item":"https:\/\/www.elcol-legi.org\/w\/es\/"},{"@type":"ListItem","position":2,"name":"El Col\u00b7legi estrena un v\u00eddeo sobre los mediadores y el seguro de Pymes"}]},{"@type":"WebSite","@id":"https:\/\/www.elcol-legi.org\/w\/es\/#website","url":"https:\/\/www.elcol-legi.org\/w\/es\/","name":"Col-legi de Mediadors d&#039;Assegurances de Barcelona","description":"Support al mediador d&#039;assegurances","potentialAction":[{"@type":"SearchAction","target":{"@type":"EntryPoint","urlTemplate":"https:\/\/www.elcol-legi.org\/w\/es\/?s={search_term_string}"},"query-input":{"@type":"PropertyValueSpecification","valueRequired":true,"valueName":"search_term_string"}}],"inLanguage":"es"},{"@type":"Person","@id":"https:\/\/www.elcol-legi.org\/w\/es\/#\/schema\/person\/4283d40fbd72a940d5fff484fe5ec410","name":"Marc Alcaraz","image":{"@type":"ImageObject","inLanguage":"es","@id":"https:\/\/secure.gravatar.com\/avatar\/e5dee642a130a369f4e8f5fe2d78526e99d5506f34de2f80b7994e63dc58d1b0?s=96&d=mm&r=g","url":"https:\/\/secure.gravatar.com\/avatar\/e5dee642a130a369f4e8f5fe2d78526e99d5506f34de2f80b7994e63dc58d1b0?s=96&d=mm&r=g","contentUrl":"https:\/\/secure.gravatar.com\/avatar\/e5dee642a130a369f4e8f5fe2d78526e99d5506f34de2f80b7994e63dc58d1b0?s=96&d=mm&r=g","caption":"Marc Alcaraz"},"url":"https:\/\/www.elcol-legi.org\/w\/es\/author\/efreire\/"}]}},"_links":{"self":[{"href":"https:\/\/www.elcol-legi.org\/w\/es\/wp-json\/wp\/v2\/posts\/8708","targetHints":{"allow":["GET"]}}],"collection":[{"href":"https:\/\/www.elcol-legi.org\/w\/es\/wp-json\/wp\/v2\/posts"}],"about":[{"href":"https:\/\/www.elcol-legi.org\/w\/es\/wp-json\/wp\/v2\/types\/post"}],"author":[{"embeddable":true,"href":"https:\/\/www.elcol-legi.org\/w\/es\/wp-json\/wp\/v2\/users\/562"}],"replies":[{"embeddable":true,"href":"https:\/\/www.elcol-legi.org\/w\/es\/wp-json\/wp\/v2\/comments?post=8708"}],"version-history":[{"count":5,"href":"https:\/\/www.elcol-legi.org\/w\/es\/wp-json\/wp\/v2\/posts\/8708\/revisions"}],"predecessor-version":[{"id":8715,"href":"https:\/\/www.elcol-legi.org\/w\/es\/wp-json\/wp\/v2\/posts\/8708\/revisions\/8715"}],"wp:featuredmedia":[{"embeddable":true,"href":"https:\/\/www.elcol-legi.org\/w\/es\/wp-json\/wp\/v2\/media\/8706"}],"wp:attachment":[{"href":"https:\/\/www.elcol-legi.org\/w\/es\/wp-json\/wp\/v2\/media?parent=8708"}],"wp:term":[{"taxonomy":"category","embeddable":true,"href":"https:\/\/www.elcol-legi.org\/w\/es\/wp-json\/wp\/v2\/categories?post=8708"},{"taxonomy":"post_tag","embeddable":true,"href":"https:\/\/www.elcol-legi.org\/w\/es\/wp-json\/wp\/v2\/tags?post=8708"}],"curies":[{"name":"wp","href":"https:\/\/api.w.org\/{rel}","templated":true}]}}