{"id":10104,"date":"2022-05-19T09:50:51","date_gmt":"2022-05-19T07:50:51","guid":{"rendered":"https:\/\/www.elcol-legi.org\/w\/?p=10104"},"modified":"2022-05-19T09:11:54","modified_gmt":"2022-05-19T07:11:54","slug":"consellera-justicia","status":"publish","type":"post","link":"https:\/\/www.elcol-legi.org\/w\/consellera-justicia\/","title":{"rendered":"La consellera de Just\u00edcia de Catalunya visita el Col\u00b7legi"},"content":{"rendered":"<div class=\"wpb-content-wrapper\"><p>[vc_row][vc_column width=&#8221;3\/4&#8243;][stm_spacing lg_spacing=&#8221;6&#8243; md_spacing=&#8221;6&#8243; sm_spacing=&#8221;6&#8243; xs_spacing=&#8221;6&#8243;][vc_column_text]<em>Lourdes Ciur\u00f3 va destacar la import\u00e0ncia de la col\u00b7laboraci\u00f3 p\u00fablic-privada i les virtuts de la mediaci\u00f3 legal com a via per a resoldre alguns conflictes en l&#8217;\u00e0mbit de l&#8217;asseguran\u00e7a sense arribar als tribunals<\/em>[\/vc_column_text][vc_single_image source=&#8221;featured_image&#8221; img_size=&#8221;850&#215;350&#8243;][vc_column_text css=&#8221;.vc_custom_1652944187594{margin-bottom: 20px !important;}&#8221;]<strong>Lourdes Ciur\u00f3<\/strong>, consellera de Just\u00edcia del Govern de Catalunya, va visitar el dimarts la seu del Col\u00b7legi de Mediadors de Barcelona i va participar en un esmorzar de treball al qual van assistir diversos representants del sector assegurador catal\u00e0. <strong>Jordi Font<\/strong>, cap del Gabinet de la consellera i <strong>Joan Ramon Casals<\/strong>, director general de Dret de la conselleria de Just\u00edcia, van acompanyar a Ciur\u00f3.<\/p>\n<p>A m\u00e9s de <strong>Francesc Santasusana<\/strong>, president del Col\u00b7legi, la resta dels assistents a la reuni\u00f3 van ser <strong>Florence Cesmat<\/strong>, director general d\u2019Asefa Seguros; <strong>M\u00f2nica Pujol<\/strong>, directora t\u00e8cnica de Assist\u00e8ncia Sanit\u00e0ria; <strong>Oriol Cascante<\/strong>, director comercial de Cl\u00ednicum Seguros; <strong>Joan Benet<\/strong>, CEO de Gecose Software; <strong>Llu\u00eds Ferrer<\/strong>, president i CEO de la corredoria Ferrer &amp; Ojeda; <strong>Carmina Homs<\/strong>, vicepresidenta 2ona del Col\u00b7legi i directora general de Ferrer &amp; Ojeda; <strong>Dr. Josep Llu\u00eds Fern\u00e1ndez<\/strong>, doctor en dret i assessor jur\u00eddic del Col\u00b7legi; <strong>Marta Oller<\/strong>, tresorera del Col\u00b7legi i administradora de la corredoria ORM Insurance Brokers i <strong>Sandra Serra<\/strong>, gerent del Col\u00b7legi.<\/p>\n<p>Una vegada m\u00e9s, la biblioteca del Col\u00b7legi va ser l&#8217;escenari de l&#8217;esmorzar de treball en el qual Francesc Santasusana va platejar diverses q\u00fcestions a la consellera que afecten directament l&#8217;activitat asseguradora, com la necessitat d&#8217;una just\u00edcia que no s&#8217;eternitzi en el temps i un acc\u00e9s m\u00e9s r\u00e0pid a documents legals com a certificats de defunci\u00f3 que s\u00f3n imprescindibles per a poder agilitar el cobrament d&#8217;una asseguran\u00e7a de vida, per exemple.<\/p>\n<p>Lourdes Ciur\u00f3 va aclarir als assistents quines s\u00f3n les compet\u00e8ncies del departament que dirigeix en l&#8217;administraci\u00f3 de just\u00edcia. De la mateixa manera, expresso la seva confian\u00e7a a estudiar juntament amb el sector assegurador la possibilitat d&#8217;adoptar el model de mediaci\u00f3 legal per a resoldre alguns conflictes que actualment finalitzen gaireb\u00e9 sempre en els tribunals de just\u00edcia. En aquest sentit, tant el Col\u00b7legi com els m\u00e0xims responsables de la conselleria es van comprometre a explorar les possibilitats que ofereix aquesta figura legal.<\/p>\n<p>En un altre moment de la reuni\u00f3, la consellera de Just\u00edcia va expressar la seva ferma convicci\u00f3 en les virtuts de la col\u00b7laboraci\u00f3 p\u00fablic-privada per a resoldre alguns dels grans desafiaments que t\u00e9 plantejats la societat.<\/p>\n<p>[\/vc_column_text][vc_row_inner][vc_column_inner width=&#8221;1\/6&#8243;][vc_tweetmeme][\/vc_column_inner][vc_column_inner width=&#8221;1\/6&#8243;][vc_facebook][\/vc_column_inner][vc_column_inner width=&#8221;1\/6&#8243;][\/vc_column_inner][vc_column_inner width=&#8221;1\/6&#8243;][\/vc_column_inner][vc_column_inner width=&#8221;1\/6&#8243;][\/vc_column_inner][vc_column_inner width=&#8221;1\/6&#8243;][\/vc_column_inner][\/vc_row_inner][\/vc_column][vc_column width=&#8221;1\/4&#8243;][stm_spacing lg_spacing=&#8221;50&#8243; md_spacing=&#8221;50&#8243; sm_spacing=&#8221;50&#8243; xs_spacing=&#8221;50&#8243;][vc_column_text]<\/p>\n<h2>\u00daltimes not\u00edcies<\/h2>\n<p>[\/vc_column_text][stm_news loop=&#8221;size:4|order_by:date|order:DESC|post_type:post|categories:8&#8243; posts_per_row=&#8221;2&#8243;][\/vc_column][\/vc_row]<\/p>\n<\/div>","protected":false},"excerpt":{"rendered":"<p>[vc_row][vc_column width=&#8221;3\/4&#8243;][stm_spacing lg_spacing=&#8221;6&#8243; md_spacing=&#8221;6&#8243; sm_spacing=&#8221;6&#8243; xs_spacing=&#8221;6&#8243;][vc_column_text]Lourdes Ciur\u00f3 va destacar la import\u00e0ncia de la col\u00b7laboraci\u00f3 p\u00fablic-privada i les virtuts de la mediaci\u00f3 legal com a via per a resoldre alguns conflictes en l&#8217;\u00e0mbit de l&#8217;asseguran\u00e7a sense arribar als tribunals[\/vc_column_text][vc_single_image source=&#8221;featured_image&#8221; img_size=&#8221;850&#215;350&#8243;][vc_column_text css=&#8221;.vc_custom_1652944187594{margin-bottom: 20px !important;}&#8221;]Lourdes Ciur\u00f3, consellera de Just\u00edcia del Govern de Catalunya, va visitar el dimarts<\/p>\n","protected":false},"author":562,"featured_media":10105,"comment_status":"closed","ping_status":"open","sticky":false,"template":"","format":"standard","meta":{"footnotes":""},"categories":[8],"tags":[832,833,160,829],"class_list":["post-10104","post","type-post","status-publish","format-standard","has-post-thumbnail","hentry","category-noticies","tag-cuiro","tag-justicia","tag-mediarionews","tag-mn131"],"yoast_head":"<!-- This site is optimized with the Yoast SEO plugin v27.5 - https:\/\/yoast.com\/product\/yoast-seo-wordpress\/ -->\n<title>La consellera de Just\u00edcia de Catalunya visita el Col\u00b7legi - Col-legi de Mediadors d&#039;Assegurances de Barcelona<\/title>\n<meta name=\"robots\" content=\"index, follow, max-snippet:-1, max-image-preview:large, max-video-preview:-1\" \/>\n<link rel=\"canonical\" href=\"https:\/\/www.elcol-legi.org\/w\/consellera-justicia\/\" \/>\n<meta property=\"og:locale\" content=\"ca_ES\" \/>\n<meta property=\"og:type\" content=\"article\" \/>\n<meta property=\"og:title\" content=\"La consellera de Just\u00edcia de Catalunya visita el Col\u00b7legi - Col-legi de Mediadors d&#039;Assegurances de Barcelona\" \/>\n<meta property=\"og:description\" content=\"[vc_row][vc_column width=&#8221;3\/4&#8243;][stm_spacing lg_spacing=&#8221;6&#8243; md_spacing=&#8221;6&#8243; sm_spacing=&#8221;6&#8243; xs_spacing=&#8221;6&#8243;][vc_column_text]Lourdes Ciur\u00f3 va destacar la import\u00e0ncia de la col\u00b7laboraci\u00f3 p\u00fablic-privada i les virtuts de la mediaci\u00f3 legal com a via per a resoldre alguns conflictes en l&#8217;\u00e0mbit de l&#8217;asseguran\u00e7a sense arribar als tribunals[\/vc_column_text][vc_single_image source=&#8221;featured_image&#8221; img_size=&#8221;850&#215;350&#8243;][vc_column_text css=&#8221;.vc_custom_1652944187594{margin-bottom: 20px !important;}&#8221;]Lourdes Ciur\u00f3, consellera de Just\u00edcia del Govern de Catalunya, va visitar el dimarts\" \/>\n<meta property=\"og:url\" content=\"https:\/\/www.elcol-legi.org\/w\/consellera-justicia\/\" \/>\n<meta property=\"og:site_name\" content=\"Col-legi de Mediadors d&#039;Assegurances de Barcelona\" \/>\n<meta property=\"article:published_time\" content=\"2022-05-19T07:50:51+00:00\" \/>\n<meta property=\"og:image\" content=\"https:\/\/www.elcol-legi.org\/w\/wp-content\/uploads\/2022\/05\/01_CIURO.jpg\" \/>\n\t<meta property=\"og:image:width\" content=\"810\" \/>\n\t<meta property=\"og:image:height\" content=\"541\" \/>\n\t<meta property=\"og:image:type\" content=\"image\/jpeg\" \/>\n<meta name=\"author\" content=\"Marc Alcaraz\" \/>\n<meta name=\"twitter:card\" content=\"summary_large_image\" \/>\n<meta name=\"twitter:label1\" content=\"Escrit per\" \/>\n\t<meta name=\"twitter:data1\" content=\"Marc Alcaraz\" \/>\n\t<meta name=\"twitter:label2\" content=\"Temps estimat de lectura\" \/>\n\t<meta name=\"twitter:data2\" content=\"3 minuts\" \/>\n<script type=\"application\/ld+json\" class=\"yoast-schema-graph\">{\"@context\":\"https:\\\/\\\/schema.org\",\"@graph\":[{\"@type\":\"Article\",\"@id\":\"https:\\\/\\\/www.elcol-legi.org\\\/w\\\/consellera-justicia\\\/#article\",\"isPartOf\":{\"@id\":\"https:\\\/\\\/www.elcol-legi.org\\\/w\\\/consellera-justicia\\\/\"},\"author\":{\"name\":\"Marc Alcaraz\",\"@id\":\"https:\\\/\\\/www.elcol-legi.org\\\/w\\\/#\\\/schema\\\/person\\\/4283d40fbd72a940d5fff484fe5ec410\"},\"headline\":\"La consellera de Just\u00edcia de Catalunya visita el Col\u00b7legi\",\"datePublished\":\"2022-05-19T07:50:51+00:00\",\"mainEntityOfPage\":{\"@id\":\"https:\\\/\\\/www.elcol-legi.org\\\/w\\\/consellera-justicia\\\/\"},\"wordCount\":583,\"image\":{\"@id\":\"https:\\\/\\\/www.elcol-legi.org\\\/w\\\/consellera-justicia\\\/#primaryimage\"},\"thumbnailUrl\":\"https:\\\/\\\/www.elcol-legi.org\\\/w\\\/wp-content\\\/uploads\\\/2022\\\/05\\\/01_CIURO.jpg\",\"keywords\":[\"Cuiro\",\"Justicia\",\"MediarioNews\",\"MN131\"],\"articleSection\":[\"Not\u00edcies\"],\"inLanguage\":\"ca\"},{\"@type\":\"WebPage\",\"@id\":\"https:\\\/\\\/www.elcol-legi.org\\\/w\\\/consellera-justicia\\\/\",\"url\":\"https:\\\/\\\/www.elcol-legi.org\\\/w\\\/consellera-justicia\\\/\",\"name\":\"La consellera de Just\u00edcia de Catalunya visita el Col\u00b7legi - Col-legi de Mediadors d&#039;Assegurances de Barcelona\",\"isPartOf\":{\"@id\":\"https:\\\/\\\/www.elcol-legi.org\\\/w\\\/#website\"},\"primaryImageOfPage\":{\"@id\":\"https:\\\/\\\/www.elcol-legi.org\\\/w\\\/consellera-justicia\\\/#primaryimage\"},\"image\":{\"@id\":\"https:\\\/\\\/www.elcol-legi.org\\\/w\\\/consellera-justicia\\\/#primaryimage\"},\"thumbnailUrl\":\"https:\\\/\\\/www.elcol-legi.org\\\/w\\\/wp-content\\\/uploads\\\/2022\\\/05\\\/01_CIURO.jpg\",\"datePublished\":\"2022-05-19T07:50:51+00:00\",\"author\":{\"@id\":\"https:\\\/\\\/www.elcol-legi.org\\\/w\\\/#\\\/schema\\\/person\\\/4283d40fbd72a940d5fff484fe5ec410\"},\"breadcrumb\":{\"@id\":\"https:\\\/\\\/www.elcol-legi.org\\\/w\\\/consellera-justicia\\\/#breadcrumb\"},\"inLanguage\":\"ca\",\"potentialAction\":[{\"@type\":\"ReadAction\",\"target\":[\"https:\\\/\\\/www.elcol-legi.org\\\/w\\\/consellera-justicia\\\/\"]}]},{\"@type\":\"ImageObject\",\"inLanguage\":\"ca\",\"@id\":\"https:\\\/\\\/www.elcol-legi.org\\\/w\\\/consellera-justicia\\\/#primaryimage\",\"url\":\"https:\\\/\\\/www.elcol-legi.org\\\/w\\\/wp-content\\\/uploads\\\/2022\\\/05\\\/01_CIURO.jpg\",\"contentUrl\":\"https:\\\/\\\/www.elcol-legi.org\\\/w\\\/wp-content\\\/uploads\\\/2022\\\/05\\\/01_CIURO.jpg\",\"width\":810,\"height\":541,\"caption\":\"Lourdes Ciur\u00f3\"},{\"@type\":\"BreadcrumbList\",\"@id\":\"https:\\\/\\\/www.elcol-legi.org\\\/w\\\/consellera-justicia\\\/#breadcrumb\",\"itemListElement\":[{\"@type\":\"ListItem\",\"position\":1,\"name\":\"Inici\",\"item\":\"https:\\\/\\\/www.elcol-legi.org\\\/w\\\/\"},{\"@type\":\"ListItem\",\"position\":2,\"name\":\"La consellera de Just\u00edcia de Catalunya visita el Col\u00b7legi\"}]},{\"@type\":\"WebSite\",\"@id\":\"https:\\\/\\\/www.elcol-legi.org\\\/w\\\/#website\",\"url\":\"https:\\\/\\\/www.elcol-legi.org\\\/w\\\/\",\"name\":\"Col-legi de Mediadors d&#039;Assegurances de Barcelona\",\"description\":\"Support al mediador d&#039;assegurances\",\"potentialAction\":[{\"@type\":\"SearchAction\",\"target\":{\"@type\":\"EntryPoint\",\"urlTemplate\":\"https:\\\/\\\/www.elcol-legi.org\\\/w\\\/?s={search_term_string}\"},\"query-input\":{\"@type\":\"PropertyValueSpecification\",\"valueRequired\":true,\"valueName\":\"search_term_string\"}}],\"inLanguage\":\"ca\"},{\"@type\":\"Person\",\"@id\":\"https:\\\/\\\/www.elcol-legi.org\\\/w\\\/#\\\/schema\\\/person\\\/4283d40fbd72a940d5fff484fe5ec410\",\"name\":\"Marc Alcaraz\",\"image\":{\"@type\":\"ImageObject\",\"inLanguage\":\"ca\",\"@id\":\"https:\\\/\\\/secure.gravatar.com\\\/avatar\\\/e5dee642a130a369f4e8f5fe2d78526e99d5506f34de2f80b7994e63dc58d1b0?s=96&d=mm&r=g\",\"url\":\"https:\\\/\\\/secure.gravatar.com\\\/avatar\\\/e5dee642a130a369f4e8f5fe2d78526e99d5506f34de2f80b7994e63dc58d1b0?s=96&d=mm&r=g\",\"contentUrl\":\"https:\\\/\\\/secure.gravatar.com\\\/avatar\\\/e5dee642a130a369f4e8f5fe2d78526e99d5506f34de2f80b7994e63dc58d1b0?s=96&d=mm&r=g\",\"caption\":\"Marc Alcaraz\"},\"url\":\"https:\\\/\\\/www.elcol-legi.org\\\/w\\\/author\\\/efreire\\\/\"}]}<\/script>\n<!-- \/ Yoast SEO plugin. -->","yoast_head_json":{"title":"La consellera de Just\u00edcia de Catalunya visita el Col\u00b7legi - Col-legi de Mediadors d&#039;Assegurances de Barcelona","robots":{"index":"index","follow":"follow","max-snippet":"max-snippet:-1","max-image-preview":"max-image-preview:large","max-video-preview":"max-video-preview:-1"},"canonical":"https:\/\/www.elcol-legi.org\/w\/consellera-justicia\/","og_locale":"ca_ES","og_type":"article","og_title":"La consellera de Just\u00edcia de Catalunya visita el Col\u00b7legi - Col-legi de Mediadors d&#039;Assegurances de Barcelona","og_description":"[vc_row][vc_column width=&#8221;3\/4&#8243;][stm_spacing lg_spacing=&#8221;6&#8243; md_spacing=&#8221;6&#8243; sm_spacing=&#8221;6&#8243; xs_spacing=&#8221;6&#8243;][vc_column_text]Lourdes Ciur\u00f3 va destacar la import\u00e0ncia de la col\u00b7laboraci\u00f3 p\u00fablic-privada i les virtuts de la mediaci\u00f3 legal com a via per a resoldre alguns conflictes en l&#8217;\u00e0mbit de l&#8217;asseguran\u00e7a sense arribar als tribunals[\/vc_column_text][vc_single_image source=&#8221;featured_image&#8221; img_size=&#8221;850&#215;350&#8243;][vc_column_text css=&#8221;.vc_custom_1652944187594{margin-bottom: 20px !important;}&#8221;]Lourdes Ciur\u00f3, consellera de Just\u00edcia del Govern de Catalunya, va visitar el dimarts","og_url":"https:\/\/www.elcol-legi.org\/w\/consellera-justicia\/","og_site_name":"Col-legi de Mediadors d&#039;Assegurances de Barcelona","article_published_time":"2022-05-19T07:50:51+00:00","og_image":[{"width":810,"height":541,"url":"https:\/\/www.elcol-legi.org\/w\/wp-content\/uploads\/2022\/05\/01_CIURO.jpg","type":"image\/jpeg"}],"author":"Marc Alcaraz","twitter_card":"summary_large_image","twitter_misc":{"Escrit per":"Marc Alcaraz","Temps estimat de lectura":"3 minuts"},"schema":{"@context":"https:\/\/schema.org","@graph":[{"@type":"Article","@id":"https:\/\/www.elcol-legi.org\/w\/consellera-justicia\/#article","isPartOf":{"@id":"https:\/\/www.elcol-legi.org\/w\/consellera-justicia\/"},"author":{"name":"Marc Alcaraz","@id":"https:\/\/www.elcol-legi.org\/w\/#\/schema\/person\/4283d40fbd72a940d5fff484fe5ec410"},"headline":"La consellera de Just\u00edcia de Catalunya visita el Col\u00b7legi","datePublished":"2022-05-19T07:50:51+00:00","mainEntityOfPage":{"@id":"https:\/\/www.elcol-legi.org\/w\/consellera-justicia\/"},"wordCount":583,"image":{"@id":"https:\/\/www.elcol-legi.org\/w\/consellera-justicia\/#primaryimage"},"thumbnailUrl":"https:\/\/www.elcol-legi.org\/w\/wp-content\/uploads\/2022\/05\/01_CIURO.jpg","keywords":["Cuiro","Justicia","MediarioNews","MN131"],"articleSection":["Not\u00edcies"],"inLanguage":"ca"},{"@type":"WebPage","@id":"https:\/\/www.elcol-legi.org\/w\/consellera-justicia\/","url":"https:\/\/www.elcol-legi.org\/w\/consellera-justicia\/","name":"La consellera de Just\u00edcia de Catalunya visita el Col\u00b7legi - Col-legi de Mediadors d&#039;Assegurances de Barcelona","isPartOf":{"@id":"https:\/\/www.elcol-legi.org\/w\/#website"},"primaryImageOfPage":{"@id":"https:\/\/www.elcol-legi.org\/w\/consellera-justicia\/#primaryimage"},"image":{"@id":"https:\/\/www.elcol-legi.org\/w\/consellera-justicia\/#primaryimage"},"thumbnailUrl":"https:\/\/www.elcol-legi.org\/w\/wp-content\/uploads\/2022\/05\/01_CIURO.jpg","datePublished":"2022-05-19T07:50:51+00:00","author":{"@id":"https:\/\/www.elcol-legi.org\/w\/#\/schema\/person\/4283d40fbd72a940d5fff484fe5ec410"},"breadcrumb":{"@id":"https:\/\/www.elcol-legi.org\/w\/consellera-justicia\/#breadcrumb"},"inLanguage":"ca","potentialAction":[{"@type":"ReadAction","target":["https:\/\/www.elcol-legi.org\/w\/consellera-justicia\/"]}]},{"@type":"ImageObject","inLanguage":"ca","@id":"https:\/\/www.elcol-legi.org\/w\/consellera-justicia\/#primaryimage","url":"https:\/\/www.elcol-legi.org\/w\/wp-content\/uploads\/2022\/05\/01_CIURO.jpg","contentUrl":"https:\/\/www.elcol-legi.org\/w\/wp-content\/uploads\/2022\/05\/01_CIURO.jpg","width":810,"height":541,"caption":"Lourdes Ciur\u00f3"},{"@type":"BreadcrumbList","@id":"https:\/\/www.elcol-legi.org\/w\/consellera-justicia\/#breadcrumb","itemListElement":[{"@type":"ListItem","position":1,"name":"Inici","item":"https:\/\/www.elcol-legi.org\/w\/"},{"@type":"ListItem","position":2,"name":"La consellera de Just\u00edcia de Catalunya visita el Col\u00b7legi"}]},{"@type":"WebSite","@id":"https:\/\/www.elcol-legi.org\/w\/#website","url":"https:\/\/www.elcol-legi.org\/w\/","name":"Col-legi de Mediadors d&#039;Assegurances de Barcelona","description":"Support al mediador d&#039;assegurances","potentialAction":[{"@type":"SearchAction","target":{"@type":"EntryPoint","urlTemplate":"https:\/\/www.elcol-legi.org\/w\/?s={search_term_string}"},"query-input":{"@type":"PropertyValueSpecification","valueRequired":true,"valueName":"search_term_string"}}],"inLanguage":"ca"},{"@type":"Person","@id":"https:\/\/www.elcol-legi.org\/w\/#\/schema\/person\/4283d40fbd72a940d5fff484fe5ec410","name":"Marc Alcaraz","image":{"@type":"ImageObject","inLanguage":"ca","@id":"https:\/\/secure.gravatar.com\/avatar\/e5dee642a130a369f4e8f5fe2d78526e99d5506f34de2f80b7994e63dc58d1b0?s=96&d=mm&r=g","url":"https:\/\/secure.gravatar.com\/avatar\/e5dee642a130a369f4e8f5fe2d78526e99d5506f34de2f80b7994e63dc58d1b0?s=96&d=mm&r=g","contentUrl":"https:\/\/secure.gravatar.com\/avatar\/e5dee642a130a369f4e8f5fe2d78526e99d5506f34de2f80b7994e63dc58d1b0?s=96&d=mm&r=g","caption":"Marc Alcaraz"},"url":"https:\/\/www.elcol-legi.org\/w\/author\/efreire\/"}]}},"_links":{"self":[{"href":"https:\/\/www.elcol-legi.org\/w\/wp-json\/wp\/v2\/posts\/10104","targetHints":{"allow":["GET"]}}],"collection":[{"href":"https:\/\/www.elcol-legi.org\/w\/wp-json\/wp\/v2\/posts"}],"about":[{"href":"https:\/\/www.elcol-legi.org\/w\/wp-json\/wp\/v2\/types\/post"}],"author":[{"embeddable":true,"href":"https:\/\/www.elcol-legi.org\/w\/wp-json\/wp\/v2\/users\/562"}],"replies":[{"embeddable":true,"href":"https:\/\/www.elcol-legi.org\/w\/wp-json\/wp\/v2\/comments?post=10104"}],"version-history":[{"count":1,"href":"https:\/\/www.elcol-legi.org\/w\/wp-json\/wp\/v2\/posts\/10104\/revisions"}],"predecessor-version":[{"id":10108,"href":"https:\/\/www.elcol-legi.org\/w\/wp-json\/wp\/v2\/posts\/10104\/revisions\/10108"}],"wp:featuredmedia":[{"embeddable":true,"href":"https:\/\/www.elcol-legi.org\/w\/wp-json\/wp\/v2\/media\/10105"}],"wp:attachment":[{"href":"https:\/\/www.elcol-legi.org\/w\/wp-json\/wp\/v2\/media?parent=10104"}],"wp:term":[{"taxonomy":"category","embeddable":true,"href":"https:\/\/www.elcol-legi.org\/w\/wp-json\/wp\/v2\/categories?post=10104"},{"taxonomy":"post_tag","embeddable":true,"href":"https:\/\/www.elcol-legi.org\/w\/wp-json\/wp\/v2\/tags?post=10104"}],"curies":[{"name":"wp","href":"https:\/\/api.w.org\/{rel}","templated":true}]}}