{"id":11436,"date":"2022-09-15T09:45:56","date_gmt":"2022-09-15T07:45:56","guid":{"rendered":"https:\/\/www.elcol-legi.org\/w\/?p=11436"},"modified":"2022-09-15T09:48:47","modified_gmt":"2022-09-15T07:48:47","slug":"formacio-auditorium","status":"publish","type":"post","link":"https:\/\/www.elcol-legi.org\/w\/formacio-auditorium\/","title":{"rendered":"No et perdis els cursos d&#8217;aquesta setmana en el Col\u00b7legi"},"content":{"rendered":"<div class=\"wpb-content-wrapper\"><p>[vc_row][vc_column width=&#8221;3\/4&#8243;][stm_spacing lg_spacing=&#8221;6&#8243; md_spacing=&#8221;6&#8243; sm_spacing=&#8221;6&#8243; xs_spacing=&#8221;6&#8243;][vc_column_text]<em>L&#8217;oferta formativa de la Fundaci\u00f3 Auditorium i el Col\u00b7legi per a la setmana vinent es completa amb dues sessions molt interessants<\/em>[\/vc_column_text][vc_single_image source=&#8221;featured_image&#8221; img_size=&#8221;850&#215;350&#8243;][vc_column_text css=&#8221;.vc_custom_1663227924013{margin-bottom: 20px !important;}&#8221;]T&#8217;avancem quatre cursos que ofereixen el Col\u00b7legi i la Fundaci\u00f3 Auditorium la setmana vinent. Consulta en <a href=\"http:\/\/www.elcol-legi.org\/\"><strong>www.elcol-legi.org<\/strong><\/a> la nostra agenda de formaci\u00f3 per a ampliar informaci\u00f3 i formalitzar la teva participaci\u00f3 si ho desitges.<\/p>\n<p>20 de setembre, de 10.00 h. a 14.00 h.<br \/>\n<strong>\u2018T\u00e8cniques de neurovenda per a les assegurances personals i patrimonials\u2019<\/strong><br \/>\nCurs presencial.<br \/>\n<strong>Preu:<\/strong> Col\u00b7legiats <strong>80 <\/strong>euros | No col\u00b7legiats <strong>180<\/strong> euros | Entitats col\u00b7laboradores <strong>132<\/strong> euros.<br \/>\n<strong>Professor:<\/strong> Josep Gendra. Psic\u00f2leg, <em>Coach<\/em> i Formador. Assessor de RH del Col\u00b7legi.<\/p>\n<p>Per a assistir presencialment <a href=\"https:\/\/forms.sbc08.com\/5ab3e3fbb85b5350ef1d00c6\/uOGs162MRkagQglCvjdO6A\/tY1gfOEEQX216AZAggTEKg\/form.html\"><strong>has d&#8217;inscriure&#8217;t aqu\u00ed<\/strong><\/a>.<\/p>\n<p>&nbsp;<\/p>\n<p>21 de setembre, de 10.00 h. a 11.30 h.<br \/>\n<strong>\u2018Assist\u00e8ncia Sanit\u00e0ria: Vendre salut amb tota tranquil\u00b7litat\u2019<\/strong><br \/>\nCurs presencial i en <em>streaming<\/em><br \/>\n<strong>Preu:<\/strong> Gratu\u00eft per a col\u00b7legiats. No col\u00b7legiats: <strong>35 <\/strong>euros.<br \/>\n<strong>Ponents:<\/strong> Vanesa Herrero Biada, Delegada de Barcelona d&#8217;Assist\u00e8ncia Sanit\u00e0ria i Joan Carles D\u00edaz Meco, Director Comercial d&#8217;Assist\u00e8ncia Sanit\u00e0ria.<br \/>\n<strong>Observacions:<\/strong> En finalitzar la sessi\u00f3 formativa se servir\u00e0 un desdejuni.<\/p>\n<p>Per a assistir presencialment <a href=\"https:\/\/forms.sbc30.net\/5ab3e3fbb85b5350ef1d00c6\/s_KbpEhSSUKouH-jbZmdJQ\/IEgLa_uwQBGzO1x0pCcclQ\/form.html\"><strong>has d&#8217;inscriure&#8217;t aqu\u00ed<\/strong><\/a>.<br \/>\nPer a participar a trav\u00e9s de <em>streaming<\/em> <a href=\"https:\/\/us06web.zoom.us\/webinar\/register\/WN_sjw3JTCFTUiDqpZx7RwmYw\"><strong>has d&#8217;inscriure&#8217;t aqu\u00ed<\/strong><\/a><strong>.<\/strong><\/p>\n<p><strong>\u00a0<\/strong><\/p>\n<p><strong>\u00a0<\/strong>22 de setembre, de 09.30 h. a 11.30 h.<br \/>\n<strong>\u2018Nou \/ Nova en aix\u00f2? Com afrontar la gesti\u00f3 t\u00e8cnica de sinistres d&#8217;Acte i IRD\u2019<\/strong><br \/>\nCurs en <em>streaming <\/em><br \/>\n<strong>Preu:<\/strong> Col\u00b7legiats <strong>32<\/strong> euros | No col\u00b7legiats <strong>50<\/strong> euros | Entitats col\u00b7laboradores <strong>42<\/strong><br \/>\n<strong>Professor:<\/strong> Jordi Duran. Perit judicial i d&#8217;assegurances. Especialista en Recerca d&#8217;Incendis i Reconstrucci\u00f3 d&#8217;Accidents de tr\u00e0nsit.<\/p>\n<p>Per a participar a trav\u00e9s de <em>streaming<\/em> <a href=\"https:\/\/forms.sbc08.com\/5ab3e3fbb85b5350ef1d00c6\/ZfC8_K0dQbCQYmdqclnrqw\/_StxPPGhSJuB6M32JJEu4A\/form.html\"><strong>has d&#8217;inscriure&#8217;t aqu\u00ed<\/strong><\/a><\/p>\n<p>&nbsp;<\/p>\n<p>22 de setembre, de 10.00 h. a 11.30 h.<br \/>\n<strong>\u2018Mediador d&#8217;assegurances: Figura clau en la retenci\u00f3 de talent i en la import\u00e0ncia dels productes innovadors\u2019<\/strong><br \/>\nCurs presencial i en <em>streaming<\/em><br \/>\n<strong>Preu:<\/strong> Gratu\u00eft per a col\u00b7legiats. No col\u00b7legiats: <strong>35<\/strong> euros.<br \/>\n<strong>Ponents: Eva Valero Catalina<\/strong>, Directora de Vida Estalvi i Pensions de Caser; <strong>Orencio Cuartero<\/strong>, Director Desenvolupament de Vida Agents i Corredors, i <strong>Mar\u00eda Garc\u00eda Fern\u00e1ndez<\/strong>, Departament de Productes de Salut.<br \/>\n<strong>Observacions:<\/strong> En finalitzar la sessi\u00f3 formativa se servir\u00e0 un c\u00f2ctel.<\/p>\n<p>Per a assistir presencialment <a href=\"https:\/\/forms.sbc32.com\/5ab3e3fbb85b5350ef1d00c6\/xVNxizysR4mfkATFkEpnZA\/seZbIxuZSbCe5AnAjUQmJg\/form.html\"><strong>has d&#8217;inscriure&#8217;t aqu\u00ed<\/strong><\/a>.<\/p>\n<p>Per a participar a trav\u00e9s de <em>streaming <\/em><a href=\"https:\/\/us06web.zoom.us\/webinar\/register\/WN_5CHcsMcJQRiiiRR8Lf4QIg\"><strong>has d&#8217;inscriure&#8217;t aqu\u00ed<\/strong><\/a>.<\/p>\n<p>[\/vc_column_text][vc_row_inner][vc_column_inner width=&#8221;1\/6&#8243;][vc_tweetmeme][\/vc_column_inner][vc_column_inner width=&#8221;1\/6&#8243;][vc_facebook][\/vc_column_inner][vc_column_inner width=&#8221;1\/6&#8243;][\/vc_column_inner][vc_column_inner width=&#8221;1\/6&#8243;][\/vc_column_inner][vc_column_inner width=&#8221;1\/6&#8243;][\/vc_column_inner][vc_column_inner width=&#8221;1\/6&#8243;][\/vc_column_inner][\/vc_row_inner][\/vc_column][vc_column width=&#8221;1\/4&#8243;][stm_spacing lg_spacing=&#8221;50&#8243; md_spacing=&#8221;50&#8243; sm_spacing=&#8221;50&#8243; xs_spacing=&#8221;50&#8243;][vc_column_text]<\/p>\n<h2>\u00daltimes not\u00edcies<\/h2>\n<p>[\/vc_column_text][stm_news loop=&#8221;size:4|order_by:date|order:DESC|post_type:post|categories:8&#8243; posts_per_row=&#8221;2&#8243;][\/vc_column][\/vc_row]<\/p>\n<\/div>","protected":false},"excerpt":{"rendered":"<p>[vc_row][vc_column width=&#8221;3\/4&#8243;][stm_spacing lg_spacing=&#8221;6&#8243; md_spacing=&#8221;6&#8243; sm_spacing=&#8221;6&#8243; xs_spacing=&#8221;6&#8243;][vc_column_text]L&#8217;oferta formativa de la Fundaci\u00f3 Auditorium i el Col\u00b7legi per a la setmana vinent es completa amb dues sessions molt interessants[\/vc_column_text][vc_single_image source=&#8221;featured_image&#8221; img_size=&#8221;850&#215;350&#8243;][vc_column_text css=&#8221;.vc_custom_1663227924013{margin-bottom: 20px !important;}&#8221;]T&#8217;avancem quatre cursos que ofereixen el Col\u00b7legi i la Fundaci\u00f3 Auditorium la setmana vinent. Consulta en www.elcol-legi.org la nostra agenda de formaci\u00f3 per a ampliar<\/p>\n","protected":false},"author":562,"featured_media":11437,"comment_status":"closed","ping_status":"open","sticky":false,"template":"","format":"standard","meta":{"footnotes":""},"categories":[8],"tags":[345,114,160,1129],"class_list":["post-11436","post","type-post","status-publish","format-standard","has-post-thumbnail","hentry","category-noticies","tag-cursos","tag-formacio","tag-mediarionews","tag-mn148"],"yoast_head":"<!-- This site is optimized with the Yoast SEO plugin v27.4 - https:\/\/yoast.com\/product\/yoast-seo-wordpress\/ -->\n<title>No et perdis els cursos d&#039;aquesta setmana en el Col\u00b7legi - Col-legi de Mediadors d&#039;Assegurances de Barcelona<\/title>\n<meta name=\"robots\" content=\"index, follow, max-snippet:-1, max-image-preview:large, max-video-preview:-1\" \/>\n<link rel=\"canonical\" href=\"https:\/\/www.elcol-legi.org\/w\/formacio-auditorium\/\" \/>\n<meta property=\"og:locale\" content=\"ca_ES\" \/>\n<meta property=\"og:type\" content=\"article\" \/>\n<meta property=\"og:title\" content=\"No et perdis els cursos d&#039;aquesta setmana en el Col\u00b7legi - Col-legi de Mediadors d&#039;Assegurances de Barcelona\" \/>\n<meta property=\"og:description\" content=\"[vc_row][vc_column width=&#8221;3\/4&#8243;][stm_spacing lg_spacing=&#8221;6&#8243; md_spacing=&#8221;6&#8243; sm_spacing=&#8221;6&#8243; xs_spacing=&#8221;6&#8243;][vc_column_text]L&#8217;oferta formativa de la Fundaci\u00f3 Auditorium i el Col\u00b7legi per a la setmana vinent es completa amb dues sessions molt interessants[\/vc_column_text][vc_single_image source=&#8221;featured_image&#8221; img_size=&#8221;850&#215;350&#8243;][vc_column_text css=&#8221;.vc_custom_1663227924013{margin-bottom: 20px !important;}&#8221;]T&#8217;avancem quatre cursos que ofereixen el Col\u00b7legi i la Fundaci\u00f3 Auditorium la setmana vinent. Consulta en www.elcol-legi.org la nostra agenda de formaci\u00f3 per a ampliar\" \/>\n<meta property=\"og:url\" content=\"https:\/\/www.elcol-legi.org\/w\/formacio-auditorium\/\" \/>\n<meta property=\"og:site_name\" content=\"Col-legi de Mediadors d&#039;Assegurances de Barcelona\" \/>\n<meta property=\"article:published_time\" content=\"2022-09-15T07:45:56+00:00\" \/>\n<meta property=\"article:modified_time\" content=\"2022-09-15T07:48:47+00:00\" \/>\n<meta property=\"og:image\" content=\"https:\/\/www.elcol-legi.org\/w\/wp-content\/uploads\/2022\/09\/F05_CURSOS.jpg\" \/>\n\t<meta property=\"og:image:width\" content=\"810\" \/>\n\t<meta property=\"og:image:height\" content=\"456\" \/>\n\t<meta property=\"og:image:type\" content=\"image\/jpeg\" \/>\n<meta name=\"author\" content=\"Marc Alcaraz\" \/>\n<meta name=\"twitter:card\" content=\"summary_large_image\" \/>\n<meta name=\"twitter:label1\" content=\"Escrit per\" \/>\n\t<meta name=\"twitter:data1\" content=\"Marc Alcaraz\" \/>\n\t<meta name=\"twitter:label2\" content=\"Temps estimat de lectura\" \/>\n\t<meta name=\"twitter:data2\" content=\"3 minuts\" \/>\n<script type=\"application\/ld+json\" class=\"yoast-schema-graph\">{\"@context\":\"https:\\\/\\\/schema.org\",\"@graph\":[{\"@type\":\"Article\",\"@id\":\"https:\\\/\\\/www.elcol-legi.org\\\/w\\\/formacio-auditorium\\\/#article\",\"isPartOf\":{\"@id\":\"https:\\\/\\\/www.elcol-legi.org\\\/w\\\/formacio-auditorium\\\/\"},\"author\":{\"name\":\"Marc Alcaraz\",\"@id\":\"https:\\\/\\\/www.elcol-legi.org\\\/w\\\/#\\\/schema\\\/person\\\/4283d40fbd72a940d5fff484fe5ec410\"},\"headline\":\"No et perdis els cursos d&#8217;aquesta setmana en el Col\u00b7legi\",\"datePublished\":\"2022-09-15T07:45:56+00:00\",\"dateModified\":\"2022-09-15T07:48:47+00:00\",\"mainEntityOfPage\":{\"@id\":\"https:\\\/\\\/www.elcol-legi.org\\\/w\\\/formacio-auditorium\\\/\"},\"wordCount\":531,\"image\":{\"@id\":\"https:\\\/\\\/www.elcol-legi.org\\\/w\\\/formacio-auditorium\\\/#primaryimage\"},\"thumbnailUrl\":\"https:\\\/\\\/www.elcol-legi.org\\\/w\\\/wp-content\\\/uploads\\\/2022\\\/09\\\/F05_CURSOS.jpg\",\"keywords\":[\"Cursos\",\"formaci\u00f3\",\"MediarioNews\",\"MN148\"],\"articleSection\":[\"Not\u00edcies\"],\"inLanguage\":\"ca\"},{\"@type\":\"WebPage\",\"@id\":\"https:\\\/\\\/www.elcol-legi.org\\\/w\\\/formacio-auditorium\\\/\",\"url\":\"https:\\\/\\\/www.elcol-legi.org\\\/w\\\/formacio-auditorium\\\/\",\"name\":\"No et perdis els cursos d'aquesta setmana en el Col\u00b7legi - Col-legi de Mediadors d&#039;Assegurances de Barcelona\",\"isPartOf\":{\"@id\":\"https:\\\/\\\/www.elcol-legi.org\\\/w\\\/#website\"},\"primaryImageOfPage\":{\"@id\":\"https:\\\/\\\/www.elcol-legi.org\\\/w\\\/formacio-auditorium\\\/#primaryimage\"},\"image\":{\"@id\":\"https:\\\/\\\/www.elcol-legi.org\\\/w\\\/formacio-auditorium\\\/#primaryimage\"},\"thumbnailUrl\":\"https:\\\/\\\/www.elcol-legi.org\\\/w\\\/wp-content\\\/uploads\\\/2022\\\/09\\\/F05_CURSOS.jpg\",\"datePublished\":\"2022-09-15T07:45:56+00:00\",\"dateModified\":\"2022-09-15T07:48:47+00:00\",\"author\":{\"@id\":\"https:\\\/\\\/www.elcol-legi.org\\\/w\\\/#\\\/schema\\\/person\\\/4283d40fbd72a940d5fff484fe5ec410\"},\"breadcrumb\":{\"@id\":\"https:\\\/\\\/www.elcol-legi.org\\\/w\\\/formacio-auditorium\\\/#breadcrumb\"},\"inLanguage\":\"ca\",\"potentialAction\":[{\"@type\":\"ReadAction\",\"target\":[\"https:\\\/\\\/www.elcol-legi.org\\\/w\\\/formacio-auditorium\\\/\"]}]},{\"@type\":\"ImageObject\",\"inLanguage\":\"ca\",\"@id\":\"https:\\\/\\\/www.elcol-legi.org\\\/w\\\/formacio-auditorium\\\/#primaryimage\",\"url\":\"https:\\\/\\\/www.elcol-legi.org\\\/w\\\/wp-content\\\/uploads\\\/2022\\\/09\\\/F05_CURSOS.jpg\",\"contentUrl\":\"https:\\\/\\\/www.elcol-legi.org\\\/w\\\/wp-content\\\/uploads\\\/2022\\\/09\\\/F05_CURSOS.jpg\",\"width\":810,\"height\":456,\"caption\":\"FORMACIO\"},{\"@type\":\"BreadcrumbList\",\"@id\":\"https:\\\/\\\/www.elcol-legi.org\\\/w\\\/formacio-auditorium\\\/#breadcrumb\",\"itemListElement\":[{\"@type\":\"ListItem\",\"position\":1,\"name\":\"Inici\",\"item\":\"https:\\\/\\\/www.elcol-legi.org\\\/w\\\/\"},{\"@type\":\"ListItem\",\"position\":2,\"name\":\"No et perdis els cursos d&#8217;aquesta setmana en el Col\u00b7legi\"}]},{\"@type\":\"WebSite\",\"@id\":\"https:\\\/\\\/www.elcol-legi.org\\\/w\\\/#website\",\"url\":\"https:\\\/\\\/www.elcol-legi.org\\\/w\\\/\",\"name\":\"Col-legi de Mediadors d&#039;Assegurances de Barcelona\",\"description\":\"Support al mediador d&#039;assegurances\",\"potentialAction\":[{\"@type\":\"SearchAction\",\"target\":{\"@type\":\"EntryPoint\",\"urlTemplate\":\"https:\\\/\\\/www.elcol-legi.org\\\/w\\\/?s={search_term_string}\"},\"query-input\":{\"@type\":\"PropertyValueSpecification\",\"valueRequired\":true,\"valueName\":\"search_term_string\"}}],\"inLanguage\":\"ca\"},{\"@type\":\"Person\",\"@id\":\"https:\\\/\\\/www.elcol-legi.org\\\/w\\\/#\\\/schema\\\/person\\\/4283d40fbd72a940d5fff484fe5ec410\",\"name\":\"Marc Alcaraz\",\"image\":{\"@type\":\"ImageObject\",\"inLanguage\":\"ca\",\"@id\":\"https:\\\/\\\/secure.gravatar.com\\\/avatar\\\/e5dee642a130a369f4e8f5fe2d78526e99d5506f34de2f80b7994e63dc58d1b0?s=96&d=mm&r=g\",\"url\":\"https:\\\/\\\/secure.gravatar.com\\\/avatar\\\/e5dee642a130a369f4e8f5fe2d78526e99d5506f34de2f80b7994e63dc58d1b0?s=96&d=mm&r=g\",\"contentUrl\":\"https:\\\/\\\/secure.gravatar.com\\\/avatar\\\/e5dee642a130a369f4e8f5fe2d78526e99d5506f34de2f80b7994e63dc58d1b0?s=96&d=mm&r=g\",\"caption\":\"Marc Alcaraz\"},\"url\":\"https:\\\/\\\/www.elcol-legi.org\\\/w\\\/author\\\/efreire\\\/\"}]}<\/script>\n<!-- \/ Yoast SEO plugin. -->","yoast_head_json":{"title":"No et perdis els cursos d'aquesta setmana en el Col\u00b7legi - Col-legi de Mediadors d&#039;Assegurances de Barcelona","robots":{"index":"index","follow":"follow","max-snippet":"max-snippet:-1","max-image-preview":"max-image-preview:large","max-video-preview":"max-video-preview:-1"},"canonical":"https:\/\/www.elcol-legi.org\/w\/formacio-auditorium\/","og_locale":"ca_ES","og_type":"article","og_title":"No et perdis els cursos d'aquesta setmana en el Col\u00b7legi - Col-legi de Mediadors d&#039;Assegurances de Barcelona","og_description":"[vc_row][vc_column width=&#8221;3\/4&#8243;][stm_spacing lg_spacing=&#8221;6&#8243; md_spacing=&#8221;6&#8243; sm_spacing=&#8221;6&#8243; xs_spacing=&#8221;6&#8243;][vc_column_text]L&#8217;oferta formativa de la Fundaci\u00f3 Auditorium i el Col\u00b7legi per a la setmana vinent es completa amb dues sessions molt interessants[\/vc_column_text][vc_single_image source=&#8221;featured_image&#8221; img_size=&#8221;850&#215;350&#8243;][vc_column_text css=&#8221;.vc_custom_1663227924013{margin-bottom: 20px !important;}&#8221;]T&#8217;avancem quatre cursos que ofereixen el Col\u00b7legi i la Fundaci\u00f3 Auditorium la setmana vinent. Consulta en www.elcol-legi.org la nostra agenda de formaci\u00f3 per a ampliar","og_url":"https:\/\/www.elcol-legi.org\/w\/formacio-auditorium\/","og_site_name":"Col-legi de Mediadors d&#039;Assegurances de Barcelona","article_published_time":"2022-09-15T07:45:56+00:00","article_modified_time":"2022-09-15T07:48:47+00:00","og_image":[{"width":810,"height":456,"url":"https:\/\/www.elcol-legi.org\/w\/wp-content\/uploads\/2022\/09\/F05_CURSOS.jpg","type":"image\/jpeg"}],"author":"Marc Alcaraz","twitter_card":"summary_large_image","twitter_misc":{"Escrit per":"Marc Alcaraz","Temps estimat de lectura":"3 minuts"},"schema":{"@context":"https:\/\/schema.org","@graph":[{"@type":"Article","@id":"https:\/\/www.elcol-legi.org\/w\/formacio-auditorium\/#article","isPartOf":{"@id":"https:\/\/www.elcol-legi.org\/w\/formacio-auditorium\/"},"author":{"name":"Marc Alcaraz","@id":"https:\/\/www.elcol-legi.org\/w\/#\/schema\/person\/4283d40fbd72a940d5fff484fe5ec410"},"headline":"No et perdis els cursos d&#8217;aquesta setmana en el Col\u00b7legi","datePublished":"2022-09-15T07:45:56+00:00","dateModified":"2022-09-15T07:48:47+00:00","mainEntityOfPage":{"@id":"https:\/\/www.elcol-legi.org\/w\/formacio-auditorium\/"},"wordCount":531,"image":{"@id":"https:\/\/www.elcol-legi.org\/w\/formacio-auditorium\/#primaryimage"},"thumbnailUrl":"https:\/\/www.elcol-legi.org\/w\/wp-content\/uploads\/2022\/09\/F05_CURSOS.jpg","keywords":["Cursos","formaci\u00f3","MediarioNews","MN148"],"articleSection":["Not\u00edcies"],"inLanguage":"ca"},{"@type":"WebPage","@id":"https:\/\/www.elcol-legi.org\/w\/formacio-auditorium\/","url":"https:\/\/www.elcol-legi.org\/w\/formacio-auditorium\/","name":"No et perdis els cursos d'aquesta setmana en el Col\u00b7legi - Col-legi de Mediadors d&#039;Assegurances de Barcelona","isPartOf":{"@id":"https:\/\/www.elcol-legi.org\/w\/#website"},"primaryImageOfPage":{"@id":"https:\/\/www.elcol-legi.org\/w\/formacio-auditorium\/#primaryimage"},"image":{"@id":"https:\/\/www.elcol-legi.org\/w\/formacio-auditorium\/#primaryimage"},"thumbnailUrl":"https:\/\/www.elcol-legi.org\/w\/wp-content\/uploads\/2022\/09\/F05_CURSOS.jpg","datePublished":"2022-09-15T07:45:56+00:00","dateModified":"2022-09-15T07:48:47+00:00","author":{"@id":"https:\/\/www.elcol-legi.org\/w\/#\/schema\/person\/4283d40fbd72a940d5fff484fe5ec410"},"breadcrumb":{"@id":"https:\/\/www.elcol-legi.org\/w\/formacio-auditorium\/#breadcrumb"},"inLanguage":"ca","potentialAction":[{"@type":"ReadAction","target":["https:\/\/www.elcol-legi.org\/w\/formacio-auditorium\/"]}]},{"@type":"ImageObject","inLanguage":"ca","@id":"https:\/\/www.elcol-legi.org\/w\/formacio-auditorium\/#primaryimage","url":"https:\/\/www.elcol-legi.org\/w\/wp-content\/uploads\/2022\/09\/F05_CURSOS.jpg","contentUrl":"https:\/\/www.elcol-legi.org\/w\/wp-content\/uploads\/2022\/09\/F05_CURSOS.jpg","width":810,"height":456,"caption":"FORMACIO"},{"@type":"BreadcrumbList","@id":"https:\/\/www.elcol-legi.org\/w\/formacio-auditorium\/#breadcrumb","itemListElement":[{"@type":"ListItem","position":1,"name":"Inici","item":"https:\/\/www.elcol-legi.org\/w\/"},{"@type":"ListItem","position":2,"name":"No et perdis els cursos d&#8217;aquesta setmana en el Col\u00b7legi"}]},{"@type":"WebSite","@id":"https:\/\/www.elcol-legi.org\/w\/#website","url":"https:\/\/www.elcol-legi.org\/w\/","name":"Col-legi de Mediadors d&#039;Assegurances de Barcelona","description":"Support al mediador d&#039;assegurances","potentialAction":[{"@type":"SearchAction","target":{"@type":"EntryPoint","urlTemplate":"https:\/\/www.elcol-legi.org\/w\/?s={search_term_string}"},"query-input":{"@type":"PropertyValueSpecification","valueRequired":true,"valueName":"search_term_string"}}],"inLanguage":"ca"},{"@type":"Person","@id":"https:\/\/www.elcol-legi.org\/w\/#\/schema\/person\/4283d40fbd72a940d5fff484fe5ec410","name":"Marc Alcaraz","image":{"@type":"ImageObject","inLanguage":"ca","@id":"https:\/\/secure.gravatar.com\/avatar\/e5dee642a130a369f4e8f5fe2d78526e99d5506f34de2f80b7994e63dc58d1b0?s=96&d=mm&r=g","url":"https:\/\/secure.gravatar.com\/avatar\/e5dee642a130a369f4e8f5fe2d78526e99d5506f34de2f80b7994e63dc58d1b0?s=96&d=mm&r=g","contentUrl":"https:\/\/secure.gravatar.com\/avatar\/e5dee642a130a369f4e8f5fe2d78526e99d5506f34de2f80b7994e63dc58d1b0?s=96&d=mm&r=g","caption":"Marc Alcaraz"},"url":"https:\/\/www.elcol-legi.org\/w\/author\/efreire\/"}]}},"_links":{"self":[{"href":"https:\/\/www.elcol-legi.org\/w\/wp-json\/wp\/v2\/posts\/11436","targetHints":{"allow":["GET"]}}],"collection":[{"href":"https:\/\/www.elcol-legi.org\/w\/wp-json\/wp\/v2\/posts"}],"about":[{"href":"https:\/\/www.elcol-legi.org\/w\/wp-json\/wp\/v2\/types\/post"}],"author":[{"embeddable":true,"href":"https:\/\/www.elcol-legi.org\/w\/wp-json\/wp\/v2\/users\/562"}],"replies":[{"embeddable":true,"href":"https:\/\/www.elcol-legi.org\/w\/wp-json\/wp\/v2\/comments?post=11436"}],"version-history":[{"count":1,"href":"https:\/\/www.elcol-legi.org\/w\/wp-json\/wp\/v2\/posts\/11436\/revisions"}],"predecessor-version":[{"id":11440,"href":"https:\/\/www.elcol-legi.org\/w\/wp-json\/wp\/v2\/posts\/11436\/revisions\/11440"}],"wp:featuredmedia":[{"embeddable":true,"href":"https:\/\/www.elcol-legi.org\/w\/wp-json\/wp\/v2\/media\/11437"}],"wp:attachment":[{"href":"https:\/\/www.elcol-legi.org\/w\/wp-json\/wp\/v2\/media?parent=11436"}],"wp:term":[{"taxonomy":"category","embeddable":true,"href":"https:\/\/www.elcol-legi.org\/w\/wp-json\/wp\/v2\/categories?post=11436"},{"taxonomy":"post_tag","embeddable":true,"href":"https:\/\/www.elcol-legi.org\/w\/wp-json\/wp\/v2\/tags?post=11436"}],"curies":[{"name":"wp","href":"https:\/\/api.w.org\/{rel}","templated":true}]}}