{"id":20125,"date":"2024-10-30T13:35:36","date_gmt":"2024-10-30T11:35:36","guid":{"rendered":"https:\/\/www.elcol-legi.org\/w\/?p=20125"},"modified":"2024-10-31T14:52:45","modified_gmt":"2024-10-31T12:52:45","slug":"el-risc-cibernetic-creix-sense-parar","status":"publish","type":"post","link":"https:\/\/www.elcol-legi.org\/w\/el-risc-cibernetic-creix-sense-parar\/","title":{"rendered":"El risc cibern\u00e8tic creix sense parar"},"content":{"rendered":"<div class=\"wpb-content-wrapper\"><p>[vc_row][vc_column width=&#8221;3\/4&#8243;][vc_column_text css=&#8221;&#8221;]<\/p>\n<h2>El risc cibern\u00e8tic creix sense parar<\/h2>\n<p>[\/vc_column_text][stm_spacing lg_spacing=&#8221;6&#8243; md_spacing=&#8221;6&#8243; sm_spacing=&#8221;6&#8243; xs_spacing=&#8221;6&#8243;][vc_column_text css=&#8221;&#8221;]<strong>Els atacs de ramsonware augmenten un 74% i provoquen p\u00e8rdues milion\u00e0ries<\/strong>[\/vc_column_text][vc_single_image source=&#8221;featured_image&#8221; img_size=&#8221;850&#215;350&#8243;][vc_column_text css=&#8221;.vc_custom_1730288122988{margin-bottom: 20px !important;}&#8221;]L&#8217;\u00fas cada vegada m\u00e9s gran de la tecnologia t\u00e9 algunes conseq\u00fc\u00e8ncies negatives com l&#8217;increment continuat del nombre d&#8217;atacs inform\u00e0tics a empreses de tots els sectors. Segons l&#8217;estudi &#8216;Negocis connectats: la depend\u00e8ncia digital alimenta el risc&#8217;, realitzat per QBE i Control Risks, els atacs de ransomware van augmentar un 74% el 2023 i van provocar p\u00e8rdues per sobre dels 1.000 milions de d\u00f2lars.<\/p>\n<p>Els atacs contra empreses del sector industrial van augmentar un 50% i el nombre de companyies del sector salut que va rebre atacs va passar de 214 el 2022 a 389 el 2023, fet que suposa un increment del 81,7%. L&#8217;estudi explica que cal que les empreses assegurin no nom\u00e9s els sistemes tecnol\u00f2gics, sin\u00f3 tamb\u00e9 els dels seus prove\u00efdors. Els atacs a sistemes de tercers de vegades s\u00f3n una porta d&#8217;entrada per als hackers que amb un sol atac poden penetrar diverses empreses alhora.<\/p>\n<p>L&#8217;\u00fas massiu de l&#8217;Internet de les Coses i l&#8217;\u00fas m\u00e9s gran del n\u00favol han provocat un augment del risc de patir ciberatacs.[\/vc_column_text][vc_row_inner][vc_column_inner width=&#8221;1\/6&#8243;][vc_tweetmeme][\/vc_column_inner][vc_column_inner width=&#8221;1\/6&#8243;][\/vc_column_inner][vc_column_inner width=&#8221;1\/6&#8243;][\/vc_column_inner][vc_column_inner width=&#8221;1\/6&#8243;][\/vc_column_inner][\/vc_row_inner][\/vc_column][vc_column width=&#8221;1\/4&#8243;][stm_spacing lg_spacing=&#8221;50&#8243; md_spacing=&#8221;50&#8243; sm_spacing=&#8221;50&#8243; xs_spacing=&#8221;50&#8243;][vc_column_text]<\/p>\n<h2>\u00daltimes not\u00edcies<\/h2>\n<p>[\/vc_column_text][stm_news loop=&#8221;size:4|order_by:date|order:DESC|post_type:post|categories:8&#8243; posts_per_row=&#8221;2&#8243;][\/vc_column][\/vc_row]<\/p>\n<\/div>","protected":false},"excerpt":{"rendered":"<p>[vc_row][vc_column width=&#8221;3\/4&#8243;][vc_column_text css=&#8221;&#8221;] El risc cibern\u00e8tic creix sense parar [\/vc_column_text][stm_spacing lg_spacing=&#8221;6&#8243; md_spacing=&#8221;6&#8243; sm_spacing=&#8221;6&#8243; xs_spacing=&#8221;6&#8243;][vc_column_text css=&#8221;&#8221;]Els atacs de ramsonware augmenten un 74% i provoquen p\u00e8rdues milion\u00e0ries[\/vc_column_text][vc_single_image source=&#8221;featured_image&#8221; img_size=&#8221;850&#215;350&#8243;][vc_column_text css=&#8221;.vc_custom_1730288122988{margin-bottom: 20px !important;}&#8221;]L&#8217;\u00fas cada vegada m\u00e9s gran de la tecnologia t\u00e9 algunes conseq\u00fc\u00e8ncies negatives com l&#8217;increment continuat del nombre d&#8217;atacs inform\u00e0tics a empreses de tots els sectors. Segons<\/p>\n","protected":false},"author":562,"featured_media":0,"comment_status":"closed","ping_status":"open","sticky":false,"template":"","format":"standard","meta":{"footnotes":""},"categories":[8],"tags":[160,1868,2002],"class_list":["post-20125","post","type-post","status-publish","format-standard","hentry","category-noticies","tag-mediarionews","tag-mn-2","tag-mn259"],"yoast_head":"<!-- This site is optimized with the Yoast SEO plugin v27.5 - https:\/\/yoast.com\/product\/yoast-seo-wordpress\/ -->\n<title>El risc cibern\u00e8tic creix sense parar - Col-legi de Mediadors d&#039;Assegurances de Barcelona<\/title>\n<meta name=\"robots\" content=\"index, follow, max-snippet:-1, max-image-preview:large, max-video-preview:-1\" \/>\n<link rel=\"canonical\" href=\"https:\/\/www.elcol-legi.org\/w\/el-risc-cibernetic-creix-sense-parar\/\" \/>\n<meta property=\"og:locale\" content=\"ca_ES\" \/>\n<meta property=\"og:type\" content=\"article\" \/>\n<meta property=\"og:title\" content=\"El risc cibern\u00e8tic creix sense parar - Col-legi de Mediadors d&#039;Assegurances de Barcelona\" \/>\n<meta property=\"og:description\" content=\"[vc_row][vc_column width=&#8221;3\/4&#8243;][vc_column_text css=&#8221;&#8221;] El risc cibern\u00e8tic creix sense parar [\/vc_column_text][stm_spacing lg_spacing=&#8221;6&#8243; md_spacing=&#8221;6&#8243; sm_spacing=&#8221;6&#8243; xs_spacing=&#8221;6&#8243;][vc_column_text css=&#8221;&#8221;]Els atacs de ramsonware augmenten un 74% i provoquen p\u00e8rdues milion\u00e0ries[\/vc_column_text][vc_single_image source=&#8221;featured_image&#8221; img_size=&#8221;850&#215;350&#8243;][vc_column_text css=&#8221;.vc_custom_1730288122988{margin-bottom: 20px !important;}&#8221;]L&#8217;\u00fas cada vegada m\u00e9s gran de la tecnologia t\u00e9 algunes conseq\u00fc\u00e8ncies negatives com l&#8217;increment continuat del nombre d&#8217;atacs inform\u00e0tics a empreses de tots els sectors. Segons\" \/>\n<meta property=\"og:url\" content=\"https:\/\/www.elcol-legi.org\/w\/el-risc-cibernetic-creix-sense-parar\/\" \/>\n<meta property=\"og:site_name\" content=\"Col-legi de Mediadors d&#039;Assegurances de Barcelona\" \/>\n<meta property=\"article:published_time\" content=\"2024-10-30T11:35:36+00:00\" \/>\n<meta property=\"article:modified_time\" content=\"2024-10-31T12:52:45+00:00\" \/>\n<meta property=\"og:image\" content=\"https:\/\/www.elcol-legi.org\/w\/wp-content\/uploads\/2024\/10\/david-rangel-4m7gmLNr3M0-unsplash-scaled.jpg\" \/>\n\t<meta property=\"og:image:width\" content=\"2560\" \/>\n\t<meta property=\"og:image:height\" content=\"1707\" \/>\n\t<meta property=\"og:image:type\" content=\"image\/jpeg\" \/>\n<meta name=\"author\" content=\"Marc Alcaraz\" \/>\n<meta name=\"twitter:card\" content=\"summary_large_image\" \/>\n<meta name=\"twitter:label1\" content=\"Escrit per\" \/>\n\t<meta name=\"twitter:data1\" content=\"Marc Alcaraz\" \/>\n\t<meta name=\"twitter:label2\" content=\"Temps estimat de lectura\" \/>\n\t<meta name=\"twitter:data2\" content=\"2 minuts\" \/>\n<script type=\"application\/ld+json\" class=\"yoast-schema-graph\">{\"@context\":\"https:\\\/\\\/schema.org\",\"@graph\":[{\"@type\":\"Article\",\"@id\":\"https:\\\/\\\/www.elcol-legi.org\\\/w\\\/el-risc-cibernetic-creix-sense-parar\\\/#article\",\"isPartOf\":{\"@id\":\"https:\\\/\\\/www.elcol-legi.org\\\/w\\\/el-risc-cibernetic-creix-sense-parar\\\/\"},\"author\":{\"name\":\"Marc Alcaraz\",\"@id\":\"https:\\\/\\\/www.elcol-legi.org\\\/w\\\/#\\\/schema\\\/person\\\/4283d40fbd72a940d5fff484fe5ec410\"},\"headline\":\"El risc cibern\u00e8tic creix sense parar\",\"datePublished\":\"2024-10-30T11:35:36+00:00\",\"dateModified\":\"2024-10-31T12:52:45+00:00\",\"mainEntityOfPage\":{\"@id\":\"https:\\\/\\\/www.elcol-legi.org\\\/w\\\/el-risc-cibernetic-creix-sense-parar\\\/\"},\"wordCount\":336,\"keywords\":[\"MediarioNews\",\"MN\",\"MN259\"],\"articleSection\":[\"Not\u00edcies\"],\"inLanguage\":\"ca\"},{\"@type\":\"WebPage\",\"@id\":\"https:\\\/\\\/www.elcol-legi.org\\\/w\\\/el-risc-cibernetic-creix-sense-parar\\\/\",\"url\":\"https:\\\/\\\/www.elcol-legi.org\\\/w\\\/el-risc-cibernetic-creix-sense-parar\\\/\",\"name\":\"El risc cibern\u00e8tic creix sense parar - Col-legi de Mediadors d&#039;Assegurances de Barcelona\",\"isPartOf\":{\"@id\":\"https:\\\/\\\/www.elcol-legi.org\\\/w\\\/#website\"},\"datePublished\":\"2024-10-30T11:35:36+00:00\",\"dateModified\":\"2024-10-31T12:52:45+00:00\",\"author\":{\"@id\":\"https:\\\/\\\/www.elcol-legi.org\\\/w\\\/#\\\/schema\\\/person\\\/4283d40fbd72a940d5fff484fe5ec410\"},\"breadcrumb\":{\"@id\":\"https:\\\/\\\/www.elcol-legi.org\\\/w\\\/el-risc-cibernetic-creix-sense-parar\\\/#breadcrumb\"},\"inLanguage\":\"ca\",\"potentialAction\":[{\"@type\":\"ReadAction\",\"target\":[\"https:\\\/\\\/www.elcol-legi.org\\\/w\\\/el-risc-cibernetic-creix-sense-parar\\\/\"]}]},{\"@type\":\"BreadcrumbList\",\"@id\":\"https:\\\/\\\/www.elcol-legi.org\\\/w\\\/el-risc-cibernetic-creix-sense-parar\\\/#breadcrumb\",\"itemListElement\":[{\"@type\":\"ListItem\",\"position\":1,\"name\":\"Inici\",\"item\":\"https:\\\/\\\/www.elcol-legi.org\\\/w\\\/\"},{\"@type\":\"ListItem\",\"position\":2,\"name\":\"El risc cibern\u00e8tic creix sense parar\"}]},{\"@type\":\"WebSite\",\"@id\":\"https:\\\/\\\/www.elcol-legi.org\\\/w\\\/#website\",\"url\":\"https:\\\/\\\/www.elcol-legi.org\\\/w\\\/\",\"name\":\"Col-legi de Mediadors d&#039;Assegurances de Barcelona\",\"description\":\"Support al mediador d&#039;assegurances\",\"potentialAction\":[{\"@type\":\"SearchAction\",\"target\":{\"@type\":\"EntryPoint\",\"urlTemplate\":\"https:\\\/\\\/www.elcol-legi.org\\\/w\\\/?s={search_term_string}\"},\"query-input\":{\"@type\":\"PropertyValueSpecification\",\"valueRequired\":true,\"valueName\":\"search_term_string\"}}],\"inLanguage\":\"ca\"},{\"@type\":\"Person\",\"@id\":\"https:\\\/\\\/www.elcol-legi.org\\\/w\\\/#\\\/schema\\\/person\\\/4283d40fbd72a940d5fff484fe5ec410\",\"name\":\"Marc Alcaraz\",\"image\":{\"@type\":\"ImageObject\",\"inLanguage\":\"ca\",\"@id\":\"https:\\\/\\\/secure.gravatar.com\\\/avatar\\\/e5dee642a130a369f4e8f5fe2d78526e99d5506f34de2f80b7994e63dc58d1b0?s=96&d=mm&r=g\",\"url\":\"https:\\\/\\\/secure.gravatar.com\\\/avatar\\\/e5dee642a130a369f4e8f5fe2d78526e99d5506f34de2f80b7994e63dc58d1b0?s=96&d=mm&r=g\",\"contentUrl\":\"https:\\\/\\\/secure.gravatar.com\\\/avatar\\\/e5dee642a130a369f4e8f5fe2d78526e99d5506f34de2f80b7994e63dc58d1b0?s=96&d=mm&r=g\",\"caption\":\"Marc Alcaraz\"},\"url\":\"https:\\\/\\\/www.elcol-legi.org\\\/w\\\/author\\\/efreire\\\/\"}]}<\/script>\n<!-- \/ Yoast SEO plugin. -->","yoast_head_json":{"title":"El risc cibern\u00e8tic creix sense parar - Col-legi de Mediadors d&#039;Assegurances de Barcelona","robots":{"index":"index","follow":"follow","max-snippet":"max-snippet:-1","max-image-preview":"max-image-preview:large","max-video-preview":"max-video-preview:-1"},"canonical":"https:\/\/www.elcol-legi.org\/w\/el-risc-cibernetic-creix-sense-parar\/","og_locale":"ca_ES","og_type":"article","og_title":"El risc cibern\u00e8tic creix sense parar - Col-legi de Mediadors d&#039;Assegurances de Barcelona","og_description":"[vc_row][vc_column width=&#8221;3\/4&#8243;][vc_column_text css=&#8221;&#8221;] El risc cibern\u00e8tic creix sense parar [\/vc_column_text][stm_spacing lg_spacing=&#8221;6&#8243; md_spacing=&#8221;6&#8243; sm_spacing=&#8221;6&#8243; xs_spacing=&#8221;6&#8243;][vc_column_text css=&#8221;&#8221;]Els atacs de ramsonware augmenten un 74% i provoquen p\u00e8rdues milion\u00e0ries[\/vc_column_text][vc_single_image source=&#8221;featured_image&#8221; img_size=&#8221;850&#215;350&#8243;][vc_column_text css=&#8221;.vc_custom_1730288122988{margin-bottom: 20px !important;}&#8221;]L&#8217;\u00fas cada vegada m\u00e9s gran de la tecnologia t\u00e9 algunes conseq\u00fc\u00e8ncies negatives com l&#8217;increment continuat del nombre d&#8217;atacs inform\u00e0tics a empreses de tots els sectors. Segons","og_url":"https:\/\/www.elcol-legi.org\/w\/el-risc-cibernetic-creix-sense-parar\/","og_site_name":"Col-legi de Mediadors d&#039;Assegurances de Barcelona","article_published_time":"2024-10-30T11:35:36+00:00","article_modified_time":"2024-10-31T12:52:45+00:00","og_image":[{"width":2560,"height":1707,"url":"https:\/\/www.elcol-legi.org\/w\/wp-content\/uploads\/2024\/10\/david-rangel-4m7gmLNr3M0-unsplash-scaled.jpg","type":"image\/jpeg"}],"author":"Marc Alcaraz","twitter_card":"summary_large_image","twitter_misc":{"Escrit per":"Marc Alcaraz","Temps estimat de lectura":"2 minuts"},"schema":{"@context":"https:\/\/schema.org","@graph":[{"@type":"Article","@id":"https:\/\/www.elcol-legi.org\/w\/el-risc-cibernetic-creix-sense-parar\/#article","isPartOf":{"@id":"https:\/\/www.elcol-legi.org\/w\/el-risc-cibernetic-creix-sense-parar\/"},"author":{"name":"Marc Alcaraz","@id":"https:\/\/www.elcol-legi.org\/w\/#\/schema\/person\/4283d40fbd72a940d5fff484fe5ec410"},"headline":"El risc cibern\u00e8tic creix sense parar","datePublished":"2024-10-30T11:35:36+00:00","dateModified":"2024-10-31T12:52:45+00:00","mainEntityOfPage":{"@id":"https:\/\/www.elcol-legi.org\/w\/el-risc-cibernetic-creix-sense-parar\/"},"wordCount":336,"keywords":["MediarioNews","MN","MN259"],"articleSection":["Not\u00edcies"],"inLanguage":"ca"},{"@type":"WebPage","@id":"https:\/\/www.elcol-legi.org\/w\/el-risc-cibernetic-creix-sense-parar\/","url":"https:\/\/www.elcol-legi.org\/w\/el-risc-cibernetic-creix-sense-parar\/","name":"El risc cibern\u00e8tic creix sense parar - Col-legi de Mediadors d&#039;Assegurances de Barcelona","isPartOf":{"@id":"https:\/\/www.elcol-legi.org\/w\/#website"},"datePublished":"2024-10-30T11:35:36+00:00","dateModified":"2024-10-31T12:52:45+00:00","author":{"@id":"https:\/\/www.elcol-legi.org\/w\/#\/schema\/person\/4283d40fbd72a940d5fff484fe5ec410"},"breadcrumb":{"@id":"https:\/\/www.elcol-legi.org\/w\/el-risc-cibernetic-creix-sense-parar\/#breadcrumb"},"inLanguage":"ca","potentialAction":[{"@type":"ReadAction","target":["https:\/\/www.elcol-legi.org\/w\/el-risc-cibernetic-creix-sense-parar\/"]}]},{"@type":"BreadcrumbList","@id":"https:\/\/www.elcol-legi.org\/w\/el-risc-cibernetic-creix-sense-parar\/#breadcrumb","itemListElement":[{"@type":"ListItem","position":1,"name":"Inici","item":"https:\/\/www.elcol-legi.org\/w\/"},{"@type":"ListItem","position":2,"name":"El risc cibern\u00e8tic creix sense parar"}]},{"@type":"WebSite","@id":"https:\/\/www.elcol-legi.org\/w\/#website","url":"https:\/\/www.elcol-legi.org\/w\/","name":"Col-legi de Mediadors d&#039;Assegurances de Barcelona","description":"Support al mediador d&#039;assegurances","potentialAction":[{"@type":"SearchAction","target":{"@type":"EntryPoint","urlTemplate":"https:\/\/www.elcol-legi.org\/w\/?s={search_term_string}"},"query-input":{"@type":"PropertyValueSpecification","valueRequired":true,"valueName":"search_term_string"}}],"inLanguage":"ca"},{"@type":"Person","@id":"https:\/\/www.elcol-legi.org\/w\/#\/schema\/person\/4283d40fbd72a940d5fff484fe5ec410","name":"Marc Alcaraz","image":{"@type":"ImageObject","inLanguage":"ca","@id":"https:\/\/secure.gravatar.com\/avatar\/e5dee642a130a369f4e8f5fe2d78526e99d5506f34de2f80b7994e63dc58d1b0?s=96&d=mm&r=g","url":"https:\/\/secure.gravatar.com\/avatar\/e5dee642a130a369f4e8f5fe2d78526e99d5506f34de2f80b7994e63dc58d1b0?s=96&d=mm&r=g","contentUrl":"https:\/\/secure.gravatar.com\/avatar\/e5dee642a130a369f4e8f5fe2d78526e99d5506f34de2f80b7994e63dc58d1b0?s=96&d=mm&r=g","caption":"Marc Alcaraz"},"url":"https:\/\/www.elcol-legi.org\/w\/author\/efreire\/"}]}},"_links":{"self":[{"href":"https:\/\/www.elcol-legi.org\/w\/wp-json\/wp\/v2\/posts\/20125","targetHints":{"allow":["GET"]}}],"collection":[{"href":"https:\/\/www.elcol-legi.org\/w\/wp-json\/wp\/v2\/posts"}],"about":[{"href":"https:\/\/www.elcol-legi.org\/w\/wp-json\/wp\/v2\/types\/post"}],"author":[{"embeddable":true,"href":"https:\/\/www.elcol-legi.org\/w\/wp-json\/wp\/v2\/users\/562"}],"replies":[{"embeddable":true,"href":"https:\/\/www.elcol-legi.org\/w\/wp-json\/wp\/v2\/comments?post=20125"}],"version-history":[{"count":4,"href":"https:\/\/www.elcol-legi.org\/w\/wp-json\/wp\/v2\/posts\/20125\/revisions"}],"predecessor-version":[{"id":20201,"href":"https:\/\/www.elcol-legi.org\/w\/wp-json\/wp\/v2\/posts\/20125\/revisions\/20201"}],"wp:attachment":[{"href":"https:\/\/www.elcol-legi.org\/w\/wp-json\/wp\/v2\/media?parent=20125"}],"wp:term":[{"taxonomy":"category","embeddable":true,"href":"https:\/\/www.elcol-legi.org\/w\/wp-json\/wp\/v2\/categories?post=20125"},{"taxonomy":"post_tag","embeddable":true,"href":"https:\/\/www.elcol-legi.org\/w\/wp-json\/wp\/v2\/tags?post=20125"}],"curies":[{"name":"wp","href":"https:\/\/api.w.org\/{rel}","templated":true}]}}