{"id":21010,"date":"2024-12-31T20:32:52","date_gmt":"2024-12-31T18:32:52","guid":{"rendered":"https:\/\/www.elcol-legi.org\/w\/?p=21010"},"modified":"2024-12-31T20:38:36","modified_gmt":"2024-12-31T18:38:36","slug":"els-reis-ja-son-aqui","status":"publish","type":"post","link":"https:\/\/www.elcol-legi.org\/w\/els-reis-ja-son-aqui\/","title":{"rendered":"Els Reis ja s\u00f3n aqu\u00ed"},"content":{"rendered":"<div class=\"wpb-content-wrapper\"><p>[vc_row][vc_column width=&#8221;3\/4&#8243;][vc_column_text css=&#8221;&#8221;]<\/p>\n<pre>Festa Infantil<\/pre>\n<h2>Els Reis ja s\u00f3n aqu\u00ed<\/h2>\n<p>[\/vc_column_text][stm_spacing lg_spacing=&#8221;6&#8243; md_spacing=&#8221;6&#8243; sm_spacing=&#8221;6&#8243; xs_spacing=&#8221;6&#8243;][vc_column_text css=&#8221;&#8221;]<strong>El 2 de gener se celebra la tradicional festa infantil al Col\u00b7legi<\/strong>[\/vc_column_text][vc_single_image source=&#8221;featured_image&#8221; img_size=&#8221;850&#215;350&#8243;][vc_column_text css=&#8221;.vc_custom_1735670306914{margin-bottom: 20px !important;}&#8221;]Els Reis Mags s\u00f3n molt a prop i ja falta poc perqu\u00e8 omplin de regals les cases de tots els nens. Avui, 2 de gener, com cada any, els nens que ho desitgin podran gaudir de la tradicional festa infantil que organitza el Col\u00b7legi de Mediadors d\u2019Assegurances de Barcelona. Els m\u00e9s petits de la casa tenen una cita amb Ses Majestats.<\/p>\n<p>Aquesta \u00e9s una iniciativa que refor\u00e7a el sentiment de comunitat entre tots els col\u00b7legiats i ofereix una mostra m\u00e9s dels valors que presideixen el sector assegurador. Aquest esdeveniment infantil \u00e9s una invitaci\u00f3 als col\u00b7legiats perqu\u00e8 participin amb els fills i els n\u00e9ts en una activitat l\u00fadica i familiar.<\/p>\n<p>Aquesta celebraci\u00f3, en qu\u00e8 participen nens d&#8217;edats compreses entre 2 i 12 anys, \u00e9s possible gr\u00e0cies a l&#8217;ajut d&#8217;AXA. Aquesta companyia col\u00b7labora amb el Col\u00b7legi a la seva organitzaci\u00f3. La festa se celebra avui 2 de gener a partir de les cinc de la tarda.<\/p>\n<p>Durant diverses hores, els nens podran berenar i participar en una s\u00e8rie de divertits jocs en qu\u00e8 podran prendre part tamb\u00e9 els familiars que ho desitgin. A m\u00e9s, els nens rebran un regal. Per assistir a aquesta festa cal confirmar l&#8217;assist\u00e8ncia a trav\u00e9s del web del Col\u00b7legi (<a href=\"http:\/\/www.elcol-legi.org\">www.elcol-legi.org<\/a>) i detallar l&#8217;edat dels nens perqu\u00e8 l&#8217;elecci\u00f3 i la distribuci\u00f3 dels regals sigui correcta. Encara ets a temps![\/vc_column_text][vc_row_inner][vc_column_inner width=&#8221;1\/6&#8243;][\/vc_column_inner][vc_column_inner width=&#8221;1\/6&#8243;][\/vc_column_inner][vc_column_inner width=&#8221;1\/6&#8243;][\/vc_column_inner][vc_column_inner width=&#8221;1\/6&#8243;][\/vc_column_inner][\/vc_row_inner][\/vc_column][vc_column width=&#8221;1\/4&#8243;][stm_spacing lg_spacing=&#8221;50&#8243; md_spacing=&#8221;50&#8243; sm_spacing=&#8221;50&#8243; xs_spacing=&#8221;50&#8243;][vc_column_text]<\/p>\n<h2>\u00daltimes not\u00edcies<\/h2>\n<p>[\/vc_column_text][stm_news loop=&#8221;size:4|order_by:date|order:DESC|post_type:post|categories:8&#8243; posts_per_row=&#8221;2&#8243;][\/vc_column][\/vc_row]<\/p>\n<\/div>","protected":false},"excerpt":{"rendered":"<p>[vc_row][vc_column width=&#8221;3\/4&#8243;][vc_column_text css=&#8221;&#8221;] Festa Infantil Els Reis ja s\u00f3n aqu\u00ed [\/vc_column_text][stm_spacing lg_spacing=&#8221;6&#8243; md_spacing=&#8221;6&#8243; sm_spacing=&#8221;6&#8243; xs_spacing=&#8221;6&#8243;][vc_column_text css=&#8221;&#8221;]El 2 de gener se celebra la tradicional festa infantil al Col\u00b7legi[\/vc_column_text][vc_single_image source=&#8221;featured_image&#8221; img_size=&#8221;850&#215;350&#8243;][vc_column_text css=&#8221;.vc_custom_1735670306914{margin-bottom: 20px !important;}&#8221;]Els Reis Mags s\u00f3n molt a prop i ja falta poc perqu\u00e8 omplin de regals les cases de tots els nens. Avui, 2 de<\/p>\n","protected":false},"author":562,"featured_media":21014,"comment_status":"closed","ping_status":"open","sticky":false,"template":"","format":"standard","meta":{"footnotes":""},"categories":[8],"tags":[160,1868,2010],"class_list":["post-21010","post","type-post","status-publish","format-standard","has-post-thumbnail","hentry","category-noticies","tag-mediarionews","tag-mn-2","tag-mn263"],"yoast_head":"<!-- This site is optimized with the Yoast SEO plugin v27.5 - https:\/\/yoast.com\/product\/yoast-seo-wordpress\/ -->\n<title>Els Reis ja s\u00f3n aqu\u00ed - Col-legi de Mediadors d&#039;Assegurances de Barcelona<\/title>\n<meta name=\"robots\" content=\"index, follow, max-snippet:-1, max-image-preview:large, max-video-preview:-1\" \/>\n<link rel=\"canonical\" href=\"https:\/\/www.elcol-legi.org\/w\/els-reis-ja-son-aqui\/\" \/>\n<meta property=\"og:locale\" content=\"ca_ES\" \/>\n<meta property=\"og:type\" content=\"article\" \/>\n<meta property=\"og:title\" content=\"Els Reis ja s\u00f3n aqu\u00ed - Col-legi de Mediadors d&#039;Assegurances de Barcelona\" \/>\n<meta property=\"og:description\" content=\"[vc_row][vc_column width=&#8221;3\/4&#8243;][vc_column_text css=&#8221;&#8221;] Festa Infantil Els Reis ja s\u00f3n aqu\u00ed [\/vc_column_text][stm_spacing lg_spacing=&#8221;6&#8243; md_spacing=&#8221;6&#8243; sm_spacing=&#8221;6&#8243; xs_spacing=&#8221;6&#8243;][vc_column_text css=&#8221;&#8221;]El 2 de gener se celebra la tradicional festa infantil al Col\u00b7legi[\/vc_column_text][vc_single_image source=&#8221;featured_image&#8221; img_size=&#8221;850&#215;350&#8243;][vc_column_text css=&#8221;.vc_custom_1735670306914{margin-bottom: 20px !important;}&#8221;]Els Reis Mags s\u00f3n molt a prop i ja falta poc perqu\u00e8 omplin de regals les cases de tots els nens. Avui, 2 de\" \/>\n<meta property=\"og:url\" content=\"https:\/\/www.elcol-legi.org\/w\/els-reis-ja-son-aqui\/\" \/>\n<meta property=\"og:site_name\" content=\"Col-legi de Mediadors d&#039;Assegurances de Barcelona\" \/>\n<meta property=\"article:published_time\" content=\"2024-12-31T18:32:52+00:00\" \/>\n<meta property=\"article:modified_time\" content=\"2024-12-31T18:38:36+00:00\" \/>\n<meta property=\"og:image\" content=\"https:\/\/www.elcol-legi.org\/w\/wp-content\/uploads\/2024\/12\/festa-infantill-2024-e1735670121374.jpg\" \/>\n\t<meta property=\"og:image:width\" content=\"700\" \/>\n\t<meta property=\"og:image:height\" content=\"436\" \/>\n\t<meta property=\"og:image:type\" content=\"image\/jpeg\" \/>\n<meta name=\"author\" content=\"Marc Alcaraz\" \/>\n<meta name=\"twitter:card\" content=\"summary_large_image\" \/>\n<meta name=\"twitter:label1\" content=\"Escrit per\" \/>\n\t<meta name=\"twitter:data1\" content=\"Marc Alcaraz\" \/>\n\t<meta name=\"twitter:label2\" content=\"Temps estimat de lectura\" \/>\n\t<meta name=\"twitter:data2\" content=\"2 minuts\" \/>\n<script type=\"application\/ld+json\" class=\"yoast-schema-graph\">{\"@context\":\"https:\\\/\\\/schema.org\",\"@graph\":[{\"@type\":\"Article\",\"@id\":\"https:\\\/\\\/www.elcol-legi.org\\\/w\\\/els-reis-ja-son-aqui\\\/#article\",\"isPartOf\":{\"@id\":\"https:\\\/\\\/www.elcol-legi.org\\\/w\\\/els-reis-ja-son-aqui\\\/\"},\"author\":{\"name\":\"Marc Alcaraz\",\"@id\":\"https:\\\/\\\/www.elcol-legi.org\\\/w\\\/#\\\/schema\\\/person\\\/4283d40fbd72a940d5fff484fe5ec410\"},\"headline\":\"Els Reis ja s\u00f3n aqu\u00ed\",\"datePublished\":\"2024-12-31T18:32:52+00:00\",\"dateModified\":\"2024-12-31T18:38:36+00:00\",\"mainEntityOfPage\":{\"@id\":\"https:\\\/\\\/www.elcol-legi.org\\\/w\\\/els-reis-ja-son-aqui\\\/\"},\"wordCount\":394,\"image\":{\"@id\":\"https:\\\/\\\/www.elcol-legi.org\\\/w\\\/els-reis-ja-son-aqui\\\/#primaryimage\"},\"thumbnailUrl\":\"https:\\\/\\\/www.elcol-legi.org\\\/w\\\/wp-content\\\/uploads\\\/2024\\\/12\\\/festa-infantill-2024-e1735670121374.jpg\",\"keywords\":[\"MediarioNews\",\"MN\",\"MN263\"],\"articleSection\":[\"Not\u00edcies\"],\"inLanguage\":\"ca\"},{\"@type\":\"WebPage\",\"@id\":\"https:\\\/\\\/www.elcol-legi.org\\\/w\\\/els-reis-ja-son-aqui\\\/\",\"url\":\"https:\\\/\\\/www.elcol-legi.org\\\/w\\\/els-reis-ja-son-aqui\\\/\",\"name\":\"Els Reis ja s\u00f3n aqu\u00ed - Col-legi de Mediadors d&#039;Assegurances de Barcelona\",\"isPartOf\":{\"@id\":\"https:\\\/\\\/www.elcol-legi.org\\\/w\\\/#website\"},\"primaryImageOfPage\":{\"@id\":\"https:\\\/\\\/www.elcol-legi.org\\\/w\\\/els-reis-ja-son-aqui\\\/#primaryimage\"},\"image\":{\"@id\":\"https:\\\/\\\/www.elcol-legi.org\\\/w\\\/els-reis-ja-son-aqui\\\/#primaryimage\"},\"thumbnailUrl\":\"https:\\\/\\\/www.elcol-legi.org\\\/w\\\/wp-content\\\/uploads\\\/2024\\\/12\\\/festa-infantill-2024-e1735670121374.jpg\",\"datePublished\":\"2024-12-31T18:32:52+00:00\",\"dateModified\":\"2024-12-31T18:38:36+00:00\",\"author\":{\"@id\":\"https:\\\/\\\/www.elcol-legi.org\\\/w\\\/#\\\/schema\\\/person\\\/4283d40fbd72a940d5fff484fe5ec410\"},\"breadcrumb\":{\"@id\":\"https:\\\/\\\/www.elcol-legi.org\\\/w\\\/els-reis-ja-son-aqui\\\/#breadcrumb\"},\"inLanguage\":\"ca\",\"potentialAction\":[{\"@type\":\"ReadAction\",\"target\":[\"https:\\\/\\\/www.elcol-legi.org\\\/w\\\/els-reis-ja-son-aqui\\\/\"]}]},{\"@type\":\"ImageObject\",\"inLanguage\":\"ca\",\"@id\":\"https:\\\/\\\/www.elcol-legi.org\\\/w\\\/els-reis-ja-son-aqui\\\/#primaryimage\",\"url\":\"https:\\\/\\\/www.elcol-legi.org\\\/w\\\/wp-content\\\/uploads\\\/2024\\\/12\\\/festa-infantill-2024-e1735670121374.jpg\",\"contentUrl\":\"https:\\\/\\\/www.elcol-legi.org\\\/w\\\/wp-content\\\/uploads\\\/2024\\\/12\\\/festa-infantill-2024-e1735670121374.jpg\",\"width\":700,\"height\":436},{\"@type\":\"BreadcrumbList\",\"@id\":\"https:\\\/\\\/www.elcol-legi.org\\\/w\\\/els-reis-ja-son-aqui\\\/#breadcrumb\",\"itemListElement\":[{\"@type\":\"ListItem\",\"position\":1,\"name\":\"Inici\",\"item\":\"https:\\\/\\\/www.elcol-legi.org\\\/w\\\/\"},{\"@type\":\"ListItem\",\"position\":2,\"name\":\"Els Reis ja s\u00f3n aqu\u00ed\"}]},{\"@type\":\"WebSite\",\"@id\":\"https:\\\/\\\/www.elcol-legi.org\\\/w\\\/#website\",\"url\":\"https:\\\/\\\/www.elcol-legi.org\\\/w\\\/\",\"name\":\"Col-legi de Mediadors d&#039;Assegurances de Barcelona\",\"description\":\"Support al mediador d&#039;assegurances\",\"potentialAction\":[{\"@type\":\"SearchAction\",\"target\":{\"@type\":\"EntryPoint\",\"urlTemplate\":\"https:\\\/\\\/www.elcol-legi.org\\\/w\\\/?s={search_term_string}\"},\"query-input\":{\"@type\":\"PropertyValueSpecification\",\"valueRequired\":true,\"valueName\":\"search_term_string\"}}],\"inLanguage\":\"ca\"},{\"@type\":\"Person\",\"@id\":\"https:\\\/\\\/www.elcol-legi.org\\\/w\\\/#\\\/schema\\\/person\\\/4283d40fbd72a940d5fff484fe5ec410\",\"name\":\"Marc Alcaraz\",\"image\":{\"@type\":\"ImageObject\",\"inLanguage\":\"ca\",\"@id\":\"https:\\\/\\\/secure.gravatar.com\\\/avatar\\\/e5dee642a130a369f4e8f5fe2d78526e99d5506f34de2f80b7994e63dc58d1b0?s=96&d=mm&r=g\",\"url\":\"https:\\\/\\\/secure.gravatar.com\\\/avatar\\\/e5dee642a130a369f4e8f5fe2d78526e99d5506f34de2f80b7994e63dc58d1b0?s=96&d=mm&r=g\",\"contentUrl\":\"https:\\\/\\\/secure.gravatar.com\\\/avatar\\\/e5dee642a130a369f4e8f5fe2d78526e99d5506f34de2f80b7994e63dc58d1b0?s=96&d=mm&r=g\",\"caption\":\"Marc Alcaraz\"},\"url\":\"https:\\\/\\\/www.elcol-legi.org\\\/w\\\/author\\\/efreire\\\/\"}]}<\/script>\n<!-- \/ Yoast SEO plugin. -->","yoast_head_json":{"title":"Els Reis ja s\u00f3n aqu\u00ed - Col-legi de Mediadors d&#039;Assegurances de Barcelona","robots":{"index":"index","follow":"follow","max-snippet":"max-snippet:-1","max-image-preview":"max-image-preview:large","max-video-preview":"max-video-preview:-1"},"canonical":"https:\/\/www.elcol-legi.org\/w\/els-reis-ja-son-aqui\/","og_locale":"ca_ES","og_type":"article","og_title":"Els Reis ja s\u00f3n aqu\u00ed - Col-legi de Mediadors d&#039;Assegurances de Barcelona","og_description":"[vc_row][vc_column width=&#8221;3\/4&#8243;][vc_column_text css=&#8221;&#8221;] Festa Infantil Els Reis ja s\u00f3n aqu\u00ed [\/vc_column_text][stm_spacing lg_spacing=&#8221;6&#8243; md_spacing=&#8221;6&#8243; sm_spacing=&#8221;6&#8243; xs_spacing=&#8221;6&#8243;][vc_column_text css=&#8221;&#8221;]El 2 de gener se celebra la tradicional festa infantil al Col\u00b7legi[\/vc_column_text][vc_single_image source=&#8221;featured_image&#8221; img_size=&#8221;850&#215;350&#8243;][vc_column_text css=&#8221;.vc_custom_1735670306914{margin-bottom: 20px !important;}&#8221;]Els Reis Mags s\u00f3n molt a prop i ja falta poc perqu\u00e8 omplin de regals les cases de tots els nens. Avui, 2 de","og_url":"https:\/\/www.elcol-legi.org\/w\/els-reis-ja-son-aqui\/","og_site_name":"Col-legi de Mediadors d&#039;Assegurances de Barcelona","article_published_time":"2024-12-31T18:32:52+00:00","article_modified_time":"2024-12-31T18:38:36+00:00","og_image":[{"width":700,"height":436,"url":"https:\/\/www.elcol-legi.org\/w\/wp-content\/uploads\/2024\/12\/festa-infantill-2024-e1735670121374.jpg","type":"image\/jpeg"}],"author":"Marc Alcaraz","twitter_card":"summary_large_image","twitter_misc":{"Escrit per":"Marc Alcaraz","Temps estimat de lectura":"2 minuts"},"schema":{"@context":"https:\/\/schema.org","@graph":[{"@type":"Article","@id":"https:\/\/www.elcol-legi.org\/w\/els-reis-ja-son-aqui\/#article","isPartOf":{"@id":"https:\/\/www.elcol-legi.org\/w\/els-reis-ja-son-aqui\/"},"author":{"name":"Marc Alcaraz","@id":"https:\/\/www.elcol-legi.org\/w\/#\/schema\/person\/4283d40fbd72a940d5fff484fe5ec410"},"headline":"Els Reis ja s\u00f3n aqu\u00ed","datePublished":"2024-12-31T18:32:52+00:00","dateModified":"2024-12-31T18:38:36+00:00","mainEntityOfPage":{"@id":"https:\/\/www.elcol-legi.org\/w\/els-reis-ja-son-aqui\/"},"wordCount":394,"image":{"@id":"https:\/\/www.elcol-legi.org\/w\/els-reis-ja-son-aqui\/#primaryimage"},"thumbnailUrl":"https:\/\/www.elcol-legi.org\/w\/wp-content\/uploads\/2024\/12\/festa-infantill-2024-e1735670121374.jpg","keywords":["MediarioNews","MN","MN263"],"articleSection":["Not\u00edcies"],"inLanguage":"ca"},{"@type":"WebPage","@id":"https:\/\/www.elcol-legi.org\/w\/els-reis-ja-son-aqui\/","url":"https:\/\/www.elcol-legi.org\/w\/els-reis-ja-son-aqui\/","name":"Els Reis ja s\u00f3n aqu\u00ed - Col-legi de Mediadors d&#039;Assegurances de Barcelona","isPartOf":{"@id":"https:\/\/www.elcol-legi.org\/w\/#website"},"primaryImageOfPage":{"@id":"https:\/\/www.elcol-legi.org\/w\/els-reis-ja-son-aqui\/#primaryimage"},"image":{"@id":"https:\/\/www.elcol-legi.org\/w\/els-reis-ja-son-aqui\/#primaryimage"},"thumbnailUrl":"https:\/\/www.elcol-legi.org\/w\/wp-content\/uploads\/2024\/12\/festa-infantill-2024-e1735670121374.jpg","datePublished":"2024-12-31T18:32:52+00:00","dateModified":"2024-12-31T18:38:36+00:00","author":{"@id":"https:\/\/www.elcol-legi.org\/w\/#\/schema\/person\/4283d40fbd72a940d5fff484fe5ec410"},"breadcrumb":{"@id":"https:\/\/www.elcol-legi.org\/w\/els-reis-ja-son-aqui\/#breadcrumb"},"inLanguage":"ca","potentialAction":[{"@type":"ReadAction","target":["https:\/\/www.elcol-legi.org\/w\/els-reis-ja-son-aqui\/"]}]},{"@type":"ImageObject","inLanguage":"ca","@id":"https:\/\/www.elcol-legi.org\/w\/els-reis-ja-son-aqui\/#primaryimage","url":"https:\/\/www.elcol-legi.org\/w\/wp-content\/uploads\/2024\/12\/festa-infantill-2024-e1735670121374.jpg","contentUrl":"https:\/\/www.elcol-legi.org\/w\/wp-content\/uploads\/2024\/12\/festa-infantill-2024-e1735670121374.jpg","width":700,"height":436},{"@type":"BreadcrumbList","@id":"https:\/\/www.elcol-legi.org\/w\/els-reis-ja-son-aqui\/#breadcrumb","itemListElement":[{"@type":"ListItem","position":1,"name":"Inici","item":"https:\/\/www.elcol-legi.org\/w\/"},{"@type":"ListItem","position":2,"name":"Els Reis ja s\u00f3n aqu\u00ed"}]},{"@type":"WebSite","@id":"https:\/\/www.elcol-legi.org\/w\/#website","url":"https:\/\/www.elcol-legi.org\/w\/","name":"Col-legi de Mediadors d&#039;Assegurances de Barcelona","description":"Support al mediador d&#039;assegurances","potentialAction":[{"@type":"SearchAction","target":{"@type":"EntryPoint","urlTemplate":"https:\/\/www.elcol-legi.org\/w\/?s={search_term_string}"},"query-input":{"@type":"PropertyValueSpecification","valueRequired":true,"valueName":"search_term_string"}}],"inLanguage":"ca"},{"@type":"Person","@id":"https:\/\/www.elcol-legi.org\/w\/#\/schema\/person\/4283d40fbd72a940d5fff484fe5ec410","name":"Marc Alcaraz","image":{"@type":"ImageObject","inLanguage":"ca","@id":"https:\/\/secure.gravatar.com\/avatar\/e5dee642a130a369f4e8f5fe2d78526e99d5506f34de2f80b7994e63dc58d1b0?s=96&d=mm&r=g","url":"https:\/\/secure.gravatar.com\/avatar\/e5dee642a130a369f4e8f5fe2d78526e99d5506f34de2f80b7994e63dc58d1b0?s=96&d=mm&r=g","contentUrl":"https:\/\/secure.gravatar.com\/avatar\/e5dee642a130a369f4e8f5fe2d78526e99d5506f34de2f80b7994e63dc58d1b0?s=96&d=mm&r=g","caption":"Marc Alcaraz"},"url":"https:\/\/www.elcol-legi.org\/w\/author\/efreire\/"}]}},"_links":{"self":[{"href":"https:\/\/www.elcol-legi.org\/w\/wp-json\/wp\/v2\/posts\/21010","targetHints":{"allow":["GET"]}}],"collection":[{"href":"https:\/\/www.elcol-legi.org\/w\/wp-json\/wp\/v2\/posts"}],"about":[{"href":"https:\/\/www.elcol-legi.org\/w\/wp-json\/wp\/v2\/types\/post"}],"author":[{"embeddable":true,"href":"https:\/\/www.elcol-legi.org\/w\/wp-json\/wp\/v2\/users\/562"}],"replies":[{"embeddable":true,"href":"https:\/\/www.elcol-legi.org\/w\/wp-json\/wp\/v2\/comments?post=21010"}],"version-history":[{"count":4,"href":"https:\/\/www.elcol-legi.org\/w\/wp-json\/wp\/v2\/posts\/21010\/revisions"}],"predecessor-version":[{"id":21025,"href":"https:\/\/www.elcol-legi.org\/w\/wp-json\/wp\/v2\/posts\/21010\/revisions\/21025"}],"wp:featuredmedia":[{"embeddable":true,"href":"https:\/\/www.elcol-legi.org\/w\/wp-json\/wp\/v2\/media\/21014"}],"wp:attachment":[{"href":"https:\/\/www.elcol-legi.org\/w\/wp-json\/wp\/v2\/media?parent=21010"}],"wp:term":[{"taxonomy":"category","embeddable":true,"href":"https:\/\/www.elcol-legi.org\/w\/wp-json\/wp\/v2\/categories?post=21010"},{"taxonomy":"post_tag","embeddable":true,"href":"https:\/\/www.elcol-legi.org\/w\/wp-json\/wp\/v2\/tags?post=21010"}],"curies":[{"name":"wp","href":"https:\/\/api.w.org\/{rel}","templated":true}]}}