{"id":24057,"date":"2025-07-03T03:44:59","date_gmt":"2025-07-03T01:44:59","guid":{"rendered":"https:\/\/www.elcol-legi.org\/w\/?p=24057"},"modified":"2025-07-03T03:44:59","modified_gmt":"2025-07-03T01:44:59","slug":"asseguranca-arag-carnet-per-punts-una-solucio-integral-per-als-conductors","status":"publish","type":"post","link":"https:\/\/www.elcol-legi.org\/w\/asseguranca-arag-carnet-per-punts-una-solucio-integral-per-als-conductors\/","title":{"rendered":"Asseguran\u00e7a ARAG Carnet per Punts: una soluci\u00f3 integral per als conductors"},"content":{"rendered":"<div class=\"wpb-content-wrapper\"><p>[vc_row][vc_column width=&#8221;3\/4&#8243;][vc_column_text css=&#8221;&#8221;]<\/p>\n<pre>UN CONTINGUT D'ARAG<\/pre>\n<h2>Asseguran\u00e7a ARAG Carnet per Punts: una soluci\u00f3 integral per als conductors<\/h2>\n<p>[\/vc_column_text][vc_column_text css=&#8221;&#8221;]<img decoding=\"async\" class=\"alignnone wp-image-23210 lazyload\" data-src=\"https:\/\/www.elcol-legi.org\/w\/wp-content\/uploads\/2025\/05\/Arag_logo_hos-1024x400-1-300x168-1.png\" alt=\"\" width=\"86\" height=\"48\" src=\"data:image\/svg+xml;base64,PHN2ZyB3aWR0aD0iMSIgaGVpZ2h0PSIxIiB4bWxucz0iaHR0cDovL3d3dy53My5vcmcvMjAwMC9zdmciPjwvc3ZnPg==\" style=\"--smush-placeholder-width: 86px; --smush-placeholder-aspect-ratio: 86\/48;\" \/><strong>Combina suport econ\u00f2mic, assessoria legal i serveis addicionals<\/strong>[\/vc_column_text][vc_single_image source=&#8221;featured_image&#8221; img_size=&#8221;850&#215;350&#8243;][vc_column_text css=&#8221;.vc_custom_1751506924325{margin-bottom: 20px !important;}&#8221;]La p\u00e8rdua de punts en el carnet de conduir pot representar un desafiament significatiu per als conductors i, en conseq\u00fc\u00e8ncia, per a la mobilitat i la qualitat de vida. ARAG Carn\u00e9 per Puntos combina suport econ\u00f2mic, assessoria legal i serveis addicionals, amb l&#8217;objectiu d&#8217;oferir tranquil\u00b7litat i seguretat als assegurats.<\/p>\n<p>Suport financer davant la suspensi\u00f3 del perm\u00eds<\/p>\n<p>L&#8217;asseguran\u00e7a ARAG Carn\u00e9 per Punts preveu un subsidi mensual en cas de suspensi\u00f3 temporal del perm\u00eds de conduir, a m\u00e9s d&#8217;un suport econ\u00f2mic per als assegurats que hagin perdut la totalitat dels punts. Aquesta cobertura permet que els conductors afectats es concentrin a solucionar la situaci\u00f3 sense preocupacions financeres.<\/p>\n<p>Cobertura de cursos de recuperaci\u00f3 de punts<\/p>\n<p>Recuperar punts del carnet despr\u00e9s d&#8217;una infracci\u00f3 pot implicar costos elevats. Per aquesta ra\u00f3, ARAG assumeix les despeses relacionades amb els cursos de sensibilitzaci\u00f3 i recuperaci\u00f3 de punts, incloent-hi taxes administratives i el reconeixement m\u00e8dic, fins a un l\u00edmit de 500 euros. Aquest benefici assegura que els conductors puguin complir els requisits necessaris per tornar a la carretera sense que els costos siguin una barrera.<\/p>\n<p>Assist\u00e8ncia davant imprevistos relacionats amb el vehicle<\/p>\n<p>En cas d&#8217;immobilitzaci\u00f3 del vehicle a causa d&#8217;una infracci\u00f3, l&#8217;asseguran\u00e7a ofereix un servei de trasllat de l&#8217;autom\u00f2bil mitjan\u00e7ant grua, aix\u00ed com la cobertura de transport alternatiu mitjan\u00e7ant taxi, garantint que l&#8217;assegurat pugui arribar a destinaci\u00f3 sense interrupcions innecess\u00e0ries.<\/p>\n<p>Gesti\u00f3 eficient d&#8217;infraccions de tr\u00e0nsit<\/p>\n<p>Quan els assegurats reben una multa de tr\u00e0nsit, ARAG posa a la seva disposici\u00f3 advocats especialitzats que els brinden assessorament per rec\u00f3rrer les sancions, si escau. Aquest servei assegura que els clients compten amb un suport legal professional, adaptat a cada cas particular.<\/p>\n<p>Recurs per errors en l&#8217;assignaci\u00f3 de punts<\/p>\n<p>De vegades, els assegurats poden enfrontar errors en la variaci\u00f3 dels seus punts per infraccions de tr\u00e0nsit. Davant d&#8217;aquesta situaci\u00f3, ARAG ofereix assist\u00e8ncia per rec\u00f3rrer decisions incorrectes i garantir que els drets dels conductors siguin respectats.<\/p>\n<p>Servei d&#8217;alerta de multes<\/p>\n<p>ARAG inclou un sistema d&#8217;alertes sobre multes publicades a butlletins oficials. Els assegurats rebran notificacions via SMS o correu electr\u00f2nic, cosa que els permetr\u00e0 actuar amb rapidesa i avaluar opcions de recurs en cas que sigui necessari.<\/p>\n<p>L&#8217;asseguran\u00e7a ARAG Carn\u00e9 per Punts es posiciona com una eina integral per a la protecci\u00f3 del perm\u00eds de conduir, dissenyada per satisfer les necessitats tant dels conductors com dels mediadors d&#8217;assegurances. El seu enfocament multidimensional no nom\u00e9s proporciona suport econ\u00f2mic i legal, sin\u00f3 que tamb\u00e9 refor\u00e7a la confian\u00e7a i la continu\u00eftat en la mobilitat dels assegurats.[\/vc_column_text][vc_row_inner][vc_column_inner width=&#8221;1\/6&#8243;][\/vc_column_inner][vc_column_inner width=&#8221;1\/6&#8243;][\/vc_column_inner][vc_column_inner width=&#8221;1\/6&#8243;][\/vc_column_inner][vc_column_inner width=&#8221;1\/6&#8243;][\/vc_column_inner][\/vc_row_inner][\/vc_column][vc_column width=&#8221;1\/4&#8243;][stm_spacing lg_spacing=&#8221;50&#8243; md_spacing=&#8221;50&#8243; sm_spacing=&#8221;50&#8243; xs_spacing=&#8221;50&#8243;][vc_column_text]<\/p>\n<h2>\u00daltimes not\u00edcies<\/h2>\n<p>[\/vc_column_text][stm_news loop=&#8221;size:4|order_by:date|order:DESC|post_type:post|categories:8&#8243; posts_per_row=&#8221;2&#8243;][\/vc_column][\/vc_row]<\/p>\n<\/div>","protected":false},"excerpt":{"rendered":"<p>[vc_row][vc_column width=&#8221;3\/4&#8243;][vc_column_text css=&#8221;&#8221;] UN CONTINGUT D&#8217;ARAG Asseguran\u00e7a ARAG Carnet per Punts: una soluci\u00f3 integral per als conductors [\/vc_column_text][vc_column_text css=&#8221;&#8221;]Combina suport econ\u00f2mic, assessoria legal i serveis addicionals[\/vc_column_text][vc_single_image source=&#8221;featured_image&#8221; img_size=&#8221;850&#215;350&#8243;][vc_column_text css=&#8221;.vc_custom_1751506924325{margin-bottom: 20px !important;}&#8221;]La p\u00e8rdua de punts en el carnet de conduir pot representar un desafiament significatiu per als conductors i, en conseq\u00fc\u00e8ncia, per a la mobilitat i<\/p>\n","protected":false},"author":562,"featured_media":24058,"comment_status":"closed","ping_status":"open","sticky":false,"template":"","format":"standard","meta":{"footnotes":""},"categories":[8],"tags":[160,1868,2074],"class_list":["post-24057","post","type-post","status-publish","format-standard","has-post-thumbnail","hentry","category-noticies","tag-mediarionews","tag-mn-2","tag-mn277"],"yoast_head":"<!-- This site is optimized with the Yoast SEO plugin v27.5 - https:\/\/yoast.com\/product\/yoast-seo-wordpress\/ -->\n<title>Asseguran\u00e7a ARAG Carnet per Punts: una soluci\u00f3 integral per als conductors - Col-legi de Mediadors d&#039;Assegurances de Barcelona<\/title>\n<meta name=\"robots\" content=\"index, follow, max-snippet:-1, max-image-preview:large, max-video-preview:-1\" \/>\n<link rel=\"canonical\" href=\"https:\/\/www.elcol-legi.org\/w\/asseguranca-arag-carnet-per-punts-una-solucio-integral-per-als-conductors\/\" \/>\n<meta property=\"og:locale\" content=\"ca_ES\" \/>\n<meta property=\"og:type\" content=\"article\" \/>\n<meta property=\"og:title\" content=\"Asseguran\u00e7a ARAG Carnet per Punts: una soluci\u00f3 integral per als conductors - Col-legi de Mediadors d&#039;Assegurances de Barcelona\" \/>\n<meta property=\"og:description\" content=\"[vc_row][vc_column width=&#8221;3\/4&#8243;][vc_column_text css=&#8221;&#8221;] UN CONTINGUT D&#039;ARAG Asseguran\u00e7a ARAG Carnet per Punts: una soluci\u00f3 integral per als conductors [\/vc_column_text][vc_column_text css=&#8221;&#8221;]Combina suport econ\u00f2mic, assessoria legal i serveis addicionals[\/vc_column_text][vc_single_image source=&#8221;featured_image&#8221; img_size=&#8221;850&#215;350&#8243;][vc_column_text css=&#8221;.vc_custom_1751506924325{margin-bottom: 20px !important;}&#8221;]La p\u00e8rdua de punts en el carnet de conduir pot representar un desafiament significatiu per als conductors i, en conseq\u00fc\u00e8ncia, per a la mobilitat i\" \/>\n<meta property=\"og:url\" content=\"https:\/\/www.elcol-legi.org\/w\/asseguranca-arag-carnet-per-punts-una-solucio-integral-per-als-conductors\/\" \/>\n<meta property=\"og:site_name\" content=\"Col-legi de Mediadors d&#039;Assegurances de Barcelona\" \/>\n<meta property=\"article:published_time\" content=\"2025-07-03T01:44:59+00:00\" \/>\n<meta property=\"og:image\" content=\"https:\/\/www.elcol-legi.org\/w\/wp-content\/uploads\/2025\/07\/martins-zemlickis-7f-s7JVjwr0-unsplash-scaled.jpg\" \/>\n\t<meta property=\"og:image:width\" content=\"2560\" \/>\n\t<meta property=\"og:image:height\" content=\"1700\" \/>\n\t<meta property=\"og:image:type\" content=\"image\/jpeg\" \/>\n<meta name=\"author\" content=\"Marc Alcaraz\" \/>\n<meta name=\"twitter:card\" content=\"summary_large_image\" \/>\n<meta name=\"twitter:label1\" content=\"Escrit per\" \/>\n\t<meta name=\"twitter:data1\" content=\"Marc Alcaraz\" \/>\n\t<meta name=\"twitter:label2\" content=\"Temps estimat de lectura\" \/>\n\t<meta name=\"twitter:data2\" content=\"3 minuts\" \/>\n<script type=\"application\/ld+json\" class=\"yoast-schema-graph\">{\"@context\":\"https:\\\/\\\/schema.org\",\"@graph\":[{\"@type\":\"Article\",\"@id\":\"https:\\\/\\\/www.elcol-legi.org\\\/w\\\/asseguranca-arag-carnet-per-punts-una-solucio-integral-per-als-conductors\\\/#article\",\"isPartOf\":{\"@id\":\"https:\\\/\\\/www.elcol-legi.org\\\/w\\\/asseguranca-arag-carnet-per-punts-una-solucio-integral-per-als-conductors\\\/\"},\"author\":{\"name\":\"Marc Alcaraz\",\"@id\":\"https:\\\/\\\/www.elcol-legi.org\\\/w\\\/#\\\/schema\\\/person\\\/4283d40fbd72a940d5fff484fe5ec410\"},\"headline\":\"Asseguran\u00e7a ARAG Carnet per Punts: una soluci\u00f3 integral per als conductors\",\"datePublished\":\"2025-07-03T01:44:59+00:00\",\"mainEntityOfPage\":{\"@id\":\"https:\\\/\\\/www.elcol-legi.org\\\/w\\\/asseguranca-arag-carnet-per-punts-una-solucio-integral-per-als-conductors\\\/\"},\"wordCount\":609,\"image\":{\"@id\":\"https:\\\/\\\/www.elcol-legi.org\\\/w\\\/asseguranca-arag-carnet-per-punts-una-solucio-integral-per-als-conductors\\\/#primaryimage\"},\"thumbnailUrl\":\"https:\\\/\\\/www.elcol-legi.org\\\/w\\\/wp-content\\\/uploads\\\/2025\\\/07\\\/martins-zemlickis-7f-s7JVjwr0-unsplash-scaled.jpg\",\"keywords\":[\"MediarioNews\",\"MN\",\"MN277\"],\"articleSection\":[\"Not\u00edcies\"],\"inLanguage\":\"ca\"},{\"@type\":\"WebPage\",\"@id\":\"https:\\\/\\\/www.elcol-legi.org\\\/w\\\/asseguranca-arag-carnet-per-punts-una-solucio-integral-per-als-conductors\\\/\",\"url\":\"https:\\\/\\\/www.elcol-legi.org\\\/w\\\/asseguranca-arag-carnet-per-punts-una-solucio-integral-per-als-conductors\\\/\",\"name\":\"Asseguran\u00e7a ARAG Carnet per Punts: una soluci\u00f3 integral per als conductors - Col-legi de Mediadors d&#039;Assegurances de Barcelona\",\"isPartOf\":{\"@id\":\"https:\\\/\\\/www.elcol-legi.org\\\/w\\\/#website\"},\"primaryImageOfPage\":{\"@id\":\"https:\\\/\\\/www.elcol-legi.org\\\/w\\\/asseguranca-arag-carnet-per-punts-una-solucio-integral-per-als-conductors\\\/#primaryimage\"},\"image\":{\"@id\":\"https:\\\/\\\/www.elcol-legi.org\\\/w\\\/asseguranca-arag-carnet-per-punts-una-solucio-integral-per-als-conductors\\\/#primaryimage\"},\"thumbnailUrl\":\"https:\\\/\\\/www.elcol-legi.org\\\/w\\\/wp-content\\\/uploads\\\/2025\\\/07\\\/martins-zemlickis-7f-s7JVjwr0-unsplash-scaled.jpg\",\"datePublished\":\"2025-07-03T01:44:59+00:00\",\"author\":{\"@id\":\"https:\\\/\\\/www.elcol-legi.org\\\/w\\\/#\\\/schema\\\/person\\\/4283d40fbd72a940d5fff484fe5ec410\"},\"breadcrumb\":{\"@id\":\"https:\\\/\\\/www.elcol-legi.org\\\/w\\\/asseguranca-arag-carnet-per-punts-una-solucio-integral-per-als-conductors\\\/#breadcrumb\"},\"inLanguage\":\"ca\",\"potentialAction\":[{\"@type\":\"ReadAction\",\"target\":[\"https:\\\/\\\/www.elcol-legi.org\\\/w\\\/asseguranca-arag-carnet-per-punts-una-solucio-integral-per-als-conductors\\\/\"]}]},{\"@type\":\"ImageObject\",\"inLanguage\":\"ca\",\"@id\":\"https:\\\/\\\/www.elcol-legi.org\\\/w\\\/asseguranca-arag-carnet-per-punts-una-solucio-integral-per-als-conductors\\\/#primaryimage\",\"url\":\"https:\\\/\\\/www.elcol-legi.org\\\/w\\\/wp-content\\\/uploads\\\/2025\\\/07\\\/martins-zemlickis-7f-s7JVjwr0-unsplash-scaled.jpg\",\"contentUrl\":\"https:\\\/\\\/www.elcol-legi.org\\\/w\\\/wp-content\\\/uploads\\\/2025\\\/07\\\/martins-zemlickis-7f-s7JVjwr0-unsplash-scaled.jpg\",\"width\":2560,\"height\":1700},{\"@type\":\"BreadcrumbList\",\"@id\":\"https:\\\/\\\/www.elcol-legi.org\\\/w\\\/asseguranca-arag-carnet-per-punts-una-solucio-integral-per-als-conductors\\\/#breadcrumb\",\"itemListElement\":[{\"@type\":\"ListItem\",\"position\":1,\"name\":\"Inici\",\"item\":\"https:\\\/\\\/www.elcol-legi.org\\\/w\\\/\"},{\"@type\":\"ListItem\",\"position\":2,\"name\":\"Asseguran\u00e7a ARAG Carnet per Punts: una soluci\u00f3 integral per als conductors\"}]},{\"@type\":\"WebSite\",\"@id\":\"https:\\\/\\\/www.elcol-legi.org\\\/w\\\/#website\",\"url\":\"https:\\\/\\\/www.elcol-legi.org\\\/w\\\/\",\"name\":\"Col-legi de Mediadors d&#039;Assegurances de Barcelona\",\"description\":\"Support al mediador d&#039;assegurances\",\"potentialAction\":[{\"@type\":\"SearchAction\",\"target\":{\"@type\":\"EntryPoint\",\"urlTemplate\":\"https:\\\/\\\/www.elcol-legi.org\\\/w\\\/?s={search_term_string}\"},\"query-input\":{\"@type\":\"PropertyValueSpecification\",\"valueRequired\":true,\"valueName\":\"search_term_string\"}}],\"inLanguage\":\"ca\"},{\"@type\":\"Person\",\"@id\":\"https:\\\/\\\/www.elcol-legi.org\\\/w\\\/#\\\/schema\\\/person\\\/4283d40fbd72a940d5fff484fe5ec410\",\"name\":\"Marc Alcaraz\",\"image\":{\"@type\":\"ImageObject\",\"inLanguage\":\"ca\",\"@id\":\"https:\\\/\\\/secure.gravatar.com\\\/avatar\\\/e5dee642a130a369f4e8f5fe2d78526e99d5506f34de2f80b7994e63dc58d1b0?s=96&d=mm&r=g\",\"url\":\"https:\\\/\\\/secure.gravatar.com\\\/avatar\\\/e5dee642a130a369f4e8f5fe2d78526e99d5506f34de2f80b7994e63dc58d1b0?s=96&d=mm&r=g\",\"contentUrl\":\"https:\\\/\\\/secure.gravatar.com\\\/avatar\\\/e5dee642a130a369f4e8f5fe2d78526e99d5506f34de2f80b7994e63dc58d1b0?s=96&d=mm&r=g\",\"caption\":\"Marc Alcaraz\"},\"url\":\"https:\\\/\\\/www.elcol-legi.org\\\/w\\\/author\\\/efreire\\\/\"}]}<\/script>\n<!-- \/ Yoast SEO plugin. -->","yoast_head_json":{"title":"Asseguran\u00e7a ARAG Carnet per Punts: una soluci\u00f3 integral per als conductors - Col-legi de Mediadors d&#039;Assegurances de Barcelona","robots":{"index":"index","follow":"follow","max-snippet":"max-snippet:-1","max-image-preview":"max-image-preview:large","max-video-preview":"max-video-preview:-1"},"canonical":"https:\/\/www.elcol-legi.org\/w\/asseguranca-arag-carnet-per-punts-una-solucio-integral-per-als-conductors\/","og_locale":"ca_ES","og_type":"article","og_title":"Asseguran\u00e7a ARAG Carnet per Punts: una soluci\u00f3 integral per als conductors - Col-legi de Mediadors d&#039;Assegurances de Barcelona","og_description":"[vc_row][vc_column width=&#8221;3\/4&#8243;][vc_column_text css=&#8221;&#8221;] UN CONTINGUT D'ARAG Asseguran\u00e7a ARAG Carnet per Punts: una soluci\u00f3 integral per als conductors [\/vc_column_text][vc_column_text css=&#8221;&#8221;]Combina suport econ\u00f2mic, assessoria legal i serveis addicionals[\/vc_column_text][vc_single_image source=&#8221;featured_image&#8221; img_size=&#8221;850&#215;350&#8243;][vc_column_text css=&#8221;.vc_custom_1751506924325{margin-bottom: 20px !important;}&#8221;]La p\u00e8rdua de punts en el carnet de conduir pot representar un desafiament significatiu per als conductors i, en conseq\u00fc\u00e8ncia, per a la mobilitat i","og_url":"https:\/\/www.elcol-legi.org\/w\/asseguranca-arag-carnet-per-punts-una-solucio-integral-per-als-conductors\/","og_site_name":"Col-legi de Mediadors d&#039;Assegurances de Barcelona","article_published_time":"2025-07-03T01:44:59+00:00","og_image":[{"width":2560,"height":1700,"url":"https:\/\/www.elcol-legi.org\/w\/wp-content\/uploads\/2025\/07\/martins-zemlickis-7f-s7JVjwr0-unsplash-scaled.jpg","type":"image\/jpeg"}],"author":"Marc Alcaraz","twitter_card":"summary_large_image","twitter_misc":{"Escrit per":"Marc Alcaraz","Temps estimat de lectura":"3 minuts"},"schema":{"@context":"https:\/\/schema.org","@graph":[{"@type":"Article","@id":"https:\/\/www.elcol-legi.org\/w\/asseguranca-arag-carnet-per-punts-una-solucio-integral-per-als-conductors\/#article","isPartOf":{"@id":"https:\/\/www.elcol-legi.org\/w\/asseguranca-arag-carnet-per-punts-una-solucio-integral-per-als-conductors\/"},"author":{"name":"Marc Alcaraz","@id":"https:\/\/www.elcol-legi.org\/w\/#\/schema\/person\/4283d40fbd72a940d5fff484fe5ec410"},"headline":"Asseguran\u00e7a ARAG Carnet per Punts: una soluci\u00f3 integral per als conductors","datePublished":"2025-07-03T01:44:59+00:00","mainEntityOfPage":{"@id":"https:\/\/www.elcol-legi.org\/w\/asseguranca-arag-carnet-per-punts-una-solucio-integral-per-als-conductors\/"},"wordCount":609,"image":{"@id":"https:\/\/www.elcol-legi.org\/w\/asseguranca-arag-carnet-per-punts-una-solucio-integral-per-als-conductors\/#primaryimage"},"thumbnailUrl":"https:\/\/www.elcol-legi.org\/w\/wp-content\/uploads\/2025\/07\/martins-zemlickis-7f-s7JVjwr0-unsplash-scaled.jpg","keywords":["MediarioNews","MN","MN277"],"articleSection":["Not\u00edcies"],"inLanguage":"ca"},{"@type":"WebPage","@id":"https:\/\/www.elcol-legi.org\/w\/asseguranca-arag-carnet-per-punts-una-solucio-integral-per-als-conductors\/","url":"https:\/\/www.elcol-legi.org\/w\/asseguranca-arag-carnet-per-punts-una-solucio-integral-per-als-conductors\/","name":"Asseguran\u00e7a ARAG Carnet per Punts: una soluci\u00f3 integral per als conductors - Col-legi de Mediadors d&#039;Assegurances de Barcelona","isPartOf":{"@id":"https:\/\/www.elcol-legi.org\/w\/#website"},"primaryImageOfPage":{"@id":"https:\/\/www.elcol-legi.org\/w\/asseguranca-arag-carnet-per-punts-una-solucio-integral-per-als-conductors\/#primaryimage"},"image":{"@id":"https:\/\/www.elcol-legi.org\/w\/asseguranca-arag-carnet-per-punts-una-solucio-integral-per-als-conductors\/#primaryimage"},"thumbnailUrl":"https:\/\/www.elcol-legi.org\/w\/wp-content\/uploads\/2025\/07\/martins-zemlickis-7f-s7JVjwr0-unsplash-scaled.jpg","datePublished":"2025-07-03T01:44:59+00:00","author":{"@id":"https:\/\/www.elcol-legi.org\/w\/#\/schema\/person\/4283d40fbd72a940d5fff484fe5ec410"},"breadcrumb":{"@id":"https:\/\/www.elcol-legi.org\/w\/asseguranca-arag-carnet-per-punts-una-solucio-integral-per-als-conductors\/#breadcrumb"},"inLanguage":"ca","potentialAction":[{"@type":"ReadAction","target":["https:\/\/www.elcol-legi.org\/w\/asseguranca-arag-carnet-per-punts-una-solucio-integral-per-als-conductors\/"]}]},{"@type":"ImageObject","inLanguage":"ca","@id":"https:\/\/www.elcol-legi.org\/w\/asseguranca-arag-carnet-per-punts-una-solucio-integral-per-als-conductors\/#primaryimage","url":"https:\/\/www.elcol-legi.org\/w\/wp-content\/uploads\/2025\/07\/martins-zemlickis-7f-s7JVjwr0-unsplash-scaled.jpg","contentUrl":"https:\/\/www.elcol-legi.org\/w\/wp-content\/uploads\/2025\/07\/martins-zemlickis-7f-s7JVjwr0-unsplash-scaled.jpg","width":2560,"height":1700},{"@type":"BreadcrumbList","@id":"https:\/\/www.elcol-legi.org\/w\/asseguranca-arag-carnet-per-punts-una-solucio-integral-per-als-conductors\/#breadcrumb","itemListElement":[{"@type":"ListItem","position":1,"name":"Inici","item":"https:\/\/www.elcol-legi.org\/w\/"},{"@type":"ListItem","position":2,"name":"Asseguran\u00e7a ARAG Carnet per Punts: una soluci\u00f3 integral per als conductors"}]},{"@type":"WebSite","@id":"https:\/\/www.elcol-legi.org\/w\/#website","url":"https:\/\/www.elcol-legi.org\/w\/","name":"Col-legi de Mediadors d&#039;Assegurances de Barcelona","description":"Support al mediador d&#039;assegurances","potentialAction":[{"@type":"SearchAction","target":{"@type":"EntryPoint","urlTemplate":"https:\/\/www.elcol-legi.org\/w\/?s={search_term_string}"},"query-input":{"@type":"PropertyValueSpecification","valueRequired":true,"valueName":"search_term_string"}}],"inLanguage":"ca"},{"@type":"Person","@id":"https:\/\/www.elcol-legi.org\/w\/#\/schema\/person\/4283d40fbd72a940d5fff484fe5ec410","name":"Marc Alcaraz","image":{"@type":"ImageObject","inLanguage":"ca","@id":"https:\/\/secure.gravatar.com\/avatar\/e5dee642a130a369f4e8f5fe2d78526e99d5506f34de2f80b7994e63dc58d1b0?s=96&d=mm&r=g","url":"https:\/\/secure.gravatar.com\/avatar\/e5dee642a130a369f4e8f5fe2d78526e99d5506f34de2f80b7994e63dc58d1b0?s=96&d=mm&r=g","contentUrl":"https:\/\/secure.gravatar.com\/avatar\/e5dee642a130a369f4e8f5fe2d78526e99d5506f34de2f80b7994e63dc58d1b0?s=96&d=mm&r=g","caption":"Marc Alcaraz"},"url":"https:\/\/www.elcol-legi.org\/w\/author\/efreire\/"}]}},"_links":{"self":[{"href":"https:\/\/www.elcol-legi.org\/w\/wp-json\/wp\/v2\/posts\/24057","targetHints":{"allow":["GET"]}}],"collection":[{"href":"https:\/\/www.elcol-legi.org\/w\/wp-json\/wp\/v2\/posts"}],"about":[{"href":"https:\/\/www.elcol-legi.org\/w\/wp-json\/wp\/v2\/types\/post"}],"author":[{"embeddable":true,"href":"https:\/\/www.elcol-legi.org\/w\/wp-json\/wp\/v2\/users\/562"}],"replies":[{"embeddable":true,"href":"https:\/\/www.elcol-legi.org\/w\/wp-json\/wp\/v2\/comments?post=24057"}],"version-history":[{"count":2,"href":"https:\/\/www.elcol-legi.org\/w\/wp-json\/wp\/v2\/posts\/24057\/revisions"}],"predecessor-version":[{"id":24826,"href":"https:\/\/www.elcol-legi.org\/w\/wp-json\/wp\/v2\/posts\/24057\/revisions\/24826"}],"wp:featuredmedia":[{"embeddable":true,"href":"https:\/\/www.elcol-legi.org\/w\/wp-json\/wp\/v2\/media\/24058"}],"wp:attachment":[{"href":"https:\/\/www.elcol-legi.org\/w\/wp-json\/wp\/v2\/media?parent=24057"}],"wp:term":[{"taxonomy":"category","embeddable":true,"href":"https:\/\/www.elcol-legi.org\/w\/wp-json\/wp\/v2\/categories?post=24057"},{"taxonomy":"post_tag","embeddable":true,"href":"https:\/\/www.elcol-legi.org\/w\/wp-json\/wp\/v2\/tags?post=24057"}],"curies":[{"name":"wp","href":"https:\/\/api.w.org\/{rel}","templated":true}]}}