{"id":24712,"date":"2025-09-03T13:07:10","date_gmt":"2025-09-03T11:07:10","guid":{"rendered":"https:\/\/www.elcol-legi.org\/w\/?p=24712"},"modified":"2025-09-03T13:07:10","modified_gmt":"2025-09-03T11:07:10","slug":"tempesta-en-la-mar","status":"publish","type":"post","link":"https:\/\/www.elcol-legi.org\/w\/tempesta-en-la-mar\/","title":{"rendered":"Tempesta en la mar"},"content":{"rendered":"<div class=\"wpb-content-wrapper\"><p>[vc_row][vc_column width=&#8221;3\/4&#8243;][vc_column_text css=&#8221;&#8221;]<\/p>\n<h2>Tempesta en la mar<\/h2>\n<p>[\/vc_column_text][stm_spacing lg_spacing=&#8221;6&#8243; md_spacing=&#8221;6&#8243; sm_spacing=&#8221;6&#8243; xs_spacing=&#8221;6&#8243;][vc_column_text css=&#8221;&#8221;]<\/p>\n<p class=\"p1\"><em>El sector d&#8217;embarcacions recreatives afronta grans canvis<\/em><\/p>\n<p>&nbsp;<\/p>\n<p>[\/vc_column_text][vc_single_image source=&#8221;featured_image&#8221; img_size=&#8221;850&#215;350&#8243;][vc_column_text css=&#8221;.vc_custom_1756897507737{margin-bottom: 20px !important;}&#8221;]<\/p>\n<p class=\"p1\">La propietat de iots i d&#8217;embarcacions recreatives en general ha afrontat canvis sense precedents en els \u00faltims anys, la qual cosa ha afectat les assegurances que protegeixen aquest tipus de vehicles de transport. Pel que respecta als iots, en els \u00faltims cinc anys, el mercat d&#8217;assegurances ha experimentat importants disrupcions.<\/p>\n<p>Aquest \u00e9s un dels temes inclosos en l&#8217;\u00faltim n\u00famero d&#8217;estiu de Mediario Dossier. Les cat\u00e0strofes naturals i l&#8217;augment dels costos de la reasseguran\u00e7a han endurit les directrius i els est\u00e0ndards de subscripci\u00f3 de les asseguradores, la qual cosa ha impactat en les primes per als propietaris de iots a escala mundial. Un informe de <span class=\"s2\">Marsh<\/span> <span class=\"s2\">McLennan<\/span> <span class=\"s2\">Agency<\/span> <span class=\"s2\">Private<\/span> <span class=\"s2\">Client<\/span> <span class=\"s2\">Services<\/span> (<span class=\"s2\">MMA<\/span> <span class=\"s2\">PCS)<\/span> aborda aquests desenvolupaments, destacant que la protecci\u00f3 dels iots de luxe avui dia requereix un enfocament m\u00e9s estrat\u00e8gic que mai.<\/p>\n<p class=\"p3\">Anar a l\u2019article<\/p>\n<p class=\"p3\"><span class=\"s3\"><a href=\"https:\/\/issuu.com\/cmab\/docs\/mediario_dossier_digital_19_junio_2025\/s\/98697541\">https:\/\/issuu.com\/cmab\/docs\/mediario_dossier_digital_19_junio_2025\/s\/98697541<\/a><\/span><\/p>\n<p>[\/vc_column_text][vc_row_inner][vc_column_inner width=&#8221;1\/6&#8243;][\/vc_column_inner][vc_column_inner width=&#8221;1\/6&#8243;][\/vc_column_inner][vc_column_inner width=&#8221;1\/6&#8243;][\/vc_column_inner][vc_column_inner width=&#8221;1\/6&#8243;][\/vc_column_inner][\/vc_row_inner][\/vc_column][vc_column width=&#8221;1\/4&#8243;][stm_spacing lg_spacing=&#8221;50&#8243; md_spacing=&#8221;50&#8243; sm_spacing=&#8221;50&#8243; xs_spacing=&#8221;50&#8243;][vc_column_text]<\/p>\n<h2>\u00daltimes not\u00edcies<\/h2>\n<p>[\/vc_column_text][stm_news loop=&#8221;size:4|order_by:date|order:DESC|post_type:post|categories:8&#8243; posts_per_row=&#8221;2&#8243;][\/vc_column][\/vc_row]<\/p>\n<\/div>","protected":false},"excerpt":{"rendered":"<p>[vc_row][vc_column width=&#8221;3\/4&#8243;][vc_column_text css=&#8221;&#8221;] Tempesta en la mar [\/vc_column_text][stm_spacing lg_spacing=&#8221;6&#8243; md_spacing=&#8221;6&#8243; sm_spacing=&#8221;6&#8243; xs_spacing=&#8221;6&#8243;][vc_column_text css=&#8221;&#8221;] El sector d&#8217;embarcacions recreatives afronta grans canvis &nbsp; [\/vc_column_text][vc_single_image source=&#8221;featured_image&#8221; img_size=&#8221;850&#215;350&#8243;][vc_column_text css=&#8221;.vc_custom_1756897507737{margin-bottom: 20px !important;}&#8221;] La propietat de iots i d&#8217;embarcacions recreatives en general ha afrontat canvis sense precedents en els \u00faltims anys, la qual cosa ha afectat les assegurances que protegeixen aquest<\/p>\n","protected":false},"author":562,"featured_media":24713,"comment_status":"closed","ping_status":"open","sticky":false,"template":"","format":"standard","meta":{"footnotes":""},"categories":[8],"tags":[160,1868,2084],"class_list":["post-24712","post","type-post","status-publish","format-standard","has-post-thumbnail","hentry","category-noticies","tag-mediarionews","tag-mn-2","tag-mn281"],"yoast_head":"<!-- This site is optimized with the Yoast SEO plugin v27.5 - https:\/\/yoast.com\/product\/yoast-seo-wordpress\/ -->\n<title>Tempesta en la mar - Col-legi de Mediadors d&#039;Assegurances de Barcelona<\/title>\n<meta name=\"robots\" content=\"index, follow, max-snippet:-1, max-image-preview:large, max-video-preview:-1\" \/>\n<link rel=\"canonical\" href=\"https:\/\/www.elcol-legi.org\/w\/tempesta-en-la-mar\/\" \/>\n<meta property=\"og:locale\" content=\"ca_ES\" \/>\n<meta property=\"og:type\" content=\"article\" \/>\n<meta property=\"og:title\" content=\"Tempesta en la mar - Col-legi de Mediadors d&#039;Assegurances de Barcelona\" \/>\n<meta property=\"og:description\" content=\"[vc_row][vc_column width=&#8221;3\/4&#8243;][vc_column_text css=&#8221;&#8221;] Tempesta en la mar [\/vc_column_text][stm_spacing lg_spacing=&#8221;6&#8243; md_spacing=&#8221;6&#8243; sm_spacing=&#8221;6&#8243; xs_spacing=&#8221;6&#8243;][vc_column_text css=&#8221;&#8221;] El sector d&#8217;embarcacions recreatives afronta grans canvis &nbsp; [\/vc_column_text][vc_single_image source=&#8221;featured_image&#8221; img_size=&#8221;850&#215;350&#8243;][vc_column_text css=&#8221;.vc_custom_1756897507737{margin-bottom: 20px !important;}&#8221;] La propietat de iots i d&#8217;embarcacions recreatives en general ha afrontat canvis sense precedents en els \u00faltims anys, la qual cosa ha afectat les assegurances que protegeixen aquest\" \/>\n<meta property=\"og:url\" content=\"https:\/\/www.elcol-legi.org\/w\/tempesta-en-la-mar\/\" \/>\n<meta property=\"og:site_name\" content=\"Col-legi de Mediadors d&#039;Assegurances de Barcelona\" \/>\n<meta property=\"article:published_time\" content=\"2025-09-03T11:07:10+00:00\" \/>\n<meta property=\"og:image\" content=\"https:\/\/www.elcol-legi.org\/w\/wp-content\/uploads\/2025\/09\/yacht-luke-moss-gjT-kQbUK5I-unsplash-scaled.jpg\" \/>\n\t<meta property=\"og:image:width\" content=\"2560\" \/>\n\t<meta property=\"og:image:height\" content=\"1688\" \/>\n\t<meta property=\"og:image:type\" content=\"image\/jpeg\" \/>\n<meta name=\"author\" content=\"Marc Alcaraz\" \/>\n<meta name=\"twitter:card\" content=\"summary_large_image\" \/>\n<meta name=\"twitter:label1\" content=\"Escrit per\" \/>\n\t<meta name=\"twitter:data1\" content=\"Marc Alcaraz\" \/>\n\t<meta name=\"twitter:label2\" content=\"Temps estimat de lectura\" \/>\n\t<meta name=\"twitter:data2\" content=\"2 minuts\" \/>\n<script type=\"application\/ld+json\" class=\"yoast-schema-graph\">{\"@context\":\"https:\\\/\\\/schema.org\",\"@graph\":[{\"@type\":\"Article\",\"@id\":\"https:\\\/\\\/www.elcol-legi.org\\\/w\\\/tempesta-en-la-mar\\\/#article\",\"isPartOf\":{\"@id\":\"https:\\\/\\\/www.elcol-legi.org\\\/w\\\/tempesta-en-la-mar\\\/\"},\"author\":{\"name\":\"Marc Alcaraz\",\"@id\":\"https:\\\/\\\/www.elcol-legi.org\\\/w\\\/#\\\/schema\\\/person\\\/4283d40fbd72a940d5fff484fe5ec410\"},\"headline\":\"Tempesta en la mar\",\"datePublished\":\"2025-09-03T11:07:10+00:00\",\"mainEntityOfPage\":{\"@id\":\"https:\\\/\\\/www.elcol-legi.org\\\/w\\\/tempesta-en-la-mar\\\/\"},\"wordCount\":302,\"image\":{\"@id\":\"https:\\\/\\\/www.elcol-legi.org\\\/w\\\/tempesta-en-la-mar\\\/#primaryimage\"},\"thumbnailUrl\":\"https:\\\/\\\/www.elcol-legi.org\\\/w\\\/wp-content\\\/uploads\\\/2025\\\/09\\\/yacht-luke-moss-gjT-kQbUK5I-unsplash-scaled.jpg\",\"keywords\":[\"MediarioNews\",\"MN\",\"MN281\"],\"articleSection\":[\"Not\u00edcies\"],\"inLanguage\":\"ca\"},{\"@type\":\"WebPage\",\"@id\":\"https:\\\/\\\/www.elcol-legi.org\\\/w\\\/tempesta-en-la-mar\\\/\",\"url\":\"https:\\\/\\\/www.elcol-legi.org\\\/w\\\/tempesta-en-la-mar\\\/\",\"name\":\"Tempesta en la mar - Col-legi de Mediadors d&#039;Assegurances de Barcelona\",\"isPartOf\":{\"@id\":\"https:\\\/\\\/www.elcol-legi.org\\\/w\\\/#website\"},\"primaryImageOfPage\":{\"@id\":\"https:\\\/\\\/www.elcol-legi.org\\\/w\\\/tempesta-en-la-mar\\\/#primaryimage\"},\"image\":{\"@id\":\"https:\\\/\\\/www.elcol-legi.org\\\/w\\\/tempesta-en-la-mar\\\/#primaryimage\"},\"thumbnailUrl\":\"https:\\\/\\\/www.elcol-legi.org\\\/w\\\/wp-content\\\/uploads\\\/2025\\\/09\\\/yacht-luke-moss-gjT-kQbUK5I-unsplash-scaled.jpg\",\"datePublished\":\"2025-09-03T11:07:10+00:00\",\"author\":{\"@id\":\"https:\\\/\\\/www.elcol-legi.org\\\/w\\\/#\\\/schema\\\/person\\\/4283d40fbd72a940d5fff484fe5ec410\"},\"breadcrumb\":{\"@id\":\"https:\\\/\\\/www.elcol-legi.org\\\/w\\\/tempesta-en-la-mar\\\/#breadcrumb\"},\"inLanguage\":\"ca\",\"potentialAction\":[{\"@type\":\"ReadAction\",\"target\":[\"https:\\\/\\\/www.elcol-legi.org\\\/w\\\/tempesta-en-la-mar\\\/\"]}]},{\"@type\":\"ImageObject\",\"inLanguage\":\"ca\",\"@id\":\"https:\\\/\\\/www.elcol-legi.org\\\/w\\\/tempesta-en-la-mar\\\/#primaryimage\",\"url\":\"https:\\\/\\\/www.elcol-legi.org\\\/w\\\/wp-content\\\/uploads\\\/2025\\\/09\\\/yacht-luke-moss-gjT-kQbUK5I-unsplash-scaled.jpg\",\"contentUrl\":\"https:\\\/\\\/www.elcol-legi.org\\\/w\\\/wp-content\\\/uploads\\\/2025\\\/09\\\/yacht-luke-moss-gjT-kQbUK5I-unsplash-scaled.jpg\",\"width\":2560,\"height\":1688},{\"@type\":\"BreadcrumbList\",\"@id\":\"https:\\\/\\\/www.elcol-legi.org\\\/w\\\/tempesta-en-la-mar\\\/#breadcrumb\",\"itemListElement\":[{\"@type\":\"ListItem\",\"position\":1,\"name\":\"Inici\",\"item\":\"https:\\\/\\\/www.elcol-legi.org\\\/w\\\/\"},{\"@type\":\"ListItem\",\"position\":2,\"name\":\"Tempesta en la mar\"}]},{\"@type\":\"WebSite\",\"@id\":\"https:\\\/\\\/www.elcol-legi.org\\\/w\\\/#website\",\"url\":\"https:\\\/\\\/www.elcol-legi.org\\\/w\\\/\",\"name\":\"Col-legi de Mediadors d&#039;Assegurances de Barcelona\",\"description\":\"Support al mediador d&#039;assegurances\",\"potentialAction\":[{\"@type\":\"SearchAction\",\"target\":{\"@type\":\"EntryPoint\",\"urlTemplate\":\"https:\\\/\\\/www.elcol-legi.org\\\/w\\\/?s={search_term_string}\"},\"query-input\":{\"@type\":\"PropertyValueSpecification\",\"valueRequired\":true,\"valueName\":\"search_term_string\"}}],\"inLanguage\":\"ca\"},{\"@type\":\"Person\",\"@id\":\"https:\\\/\\\/www.elcol-legi.org\\\/w\\\/#\\\/schema\\\/person\\\/4283d40fbd72a940d5fff484fe5ec410\",\"name\":\"Marc Alcaraz\",\"image\":{\"@type\":\"ImageObject\",\"inLanguage\":\"ca\",\"@id\":\"https:\\\/\\\/secure.gravatar.com\\\/avatar\\\/e5dee642a130a369f4e8f5fe2d78526e99d5506f34de2f80b7994e63dc58d1b0?s=96&d=mm&r=g\",\"url\":\"https:\\\/\\\/secure.gravatar.com\\\/avatar\\\/e5dee642a130a369f4e8f5fe2d78526e99d5506f34de2f80b7994e63dc58d1b0?s=96&d=mm&r=g\",\"contentUrl\":\"https:\\\/\\\/secure.gravatar.com\\\/avatar\\\/e5dee642a130a369f4e8f5fe2d78526e99d5506f34de2f80b7994e63dc58d1b0?s=96&d=mm&r=g\",\"caption\":\"Marc Alcaraz\"},\"url\":\"https:\\\/\\\/www.elcol-legi.org\\\/w\\\/author\\\/efreire\\\/\"}]}<\/script>\n<!-- \/ Yoast SEO plugin. -->","yoast_head_json":{"title":"Tempesta en la mar - Col-legi de Mediadors d&#039;Assegurances de Barcelona","robots":{"index":"index","follow":"follow","max-snippet":"max-snippet:-1","max-image-preview":"max-image-preview:large","max-video-preview":"max-video-preview:-1"},"canonical":"https:\/\/www.elcol-legi.org\/w\/tempesta-en-la-mar\/","og_locale":"ca_ES","og_type":"article","og_title":"Tempesta en la mar - Col-legi de Mediadors d&#039;Assegurances de Barcelona","og_description":"[vc_row][vc_column width=&#8221;3\/4&#8243;][vc_column_text css=&#8221;&#8221;] Tempesta en la mar [\/vc_column_text][stm_spacing lg_spacing=&#8221;6&#8243; md_spacing=&#8221;6&#8243; sm_spacing=&#8221;6&#8243; xs_spacing=&#8221;6&#8243;][vc_column_text css=&#8221;&#8221;] El sector d&#8217;embarcacions recreatives afronta grans canvis &nbsp; [\/vc_column_text][vc_single_image source=&#8221;featured_image&#8221; img_size=&#8221;850&#215;350&#8243;][vc_column_text css=&#8221;.vc_custom_1756897507737{margin-bottom: 20px !important;}&#8221;] La propietat de iots i d&#8217;embarcacions recreatives en general ha afrontat canvis sense precedents en els \u00faltims anys, la qual cosa ha afectat les assegurances que protegeixen aquest","og_url":"https:\/\/www.elcol-legi.org\/w\/tempesta-en-la-mar\/","og_site_name":"Col-legi de Mediadors d&#039;Assegurances de Barcelona","article_published_time":"2025-09-03T11:07:10+00:00","og_image":[{"width":2560,"height":1688,"url":"https:\/\/www.elcol-legi.org\/w\/wp-content\/uploads\/2025\/09\/yacht-luke-moss-gjT-kQbUK5I-unsplash-scaled.jpg","type":"image\/jpeg"}],"author":"Marc Alcaraz","twitter_card":"summary_large_image","twitter_misc":{"Escrit per":"Marc Alcaraz","Temps estimat de lectura":"2 minuts"},"schema":{"@context":"https:\/\/schema.org","@graph":[{"@type":"Article","@id":"https:\/\/www.elcol-legi.org\/w\/tempesta-en-la-mar\/#article","isPartOf":{"@id":"https:\/\/www.elcol-legi.org\/w\/tempesta-en-la-mar\/"},"author":{"name":"Marc Alcaraz","@id":"https:\/\/www.elcol-legi.org\/w\/#\/schema\/person\/4283d40fbd72a940d5fff484fe5ec410"},"headline":"Tempesta en la mar","datePublished":"2025-09-03T11:07:10+00:00","mainEntityOfPage":{"@id":"https:\/\/www.elcol-legi.org\/w\/tempesta-en-la-mar\/"},"wordCount":302,"image":{"@id":"https:\/\/www.elcol-legi.org\/w\/tempesta-en-la-mar\/#primaryimage"},"thumbnailUrl":"https:\/\/www.elcol-legi.org\/w\/wp-content\/uploads\/2025\/09\/yacht-luke-moss-gjT-kQbUK5I-unsplash-scaled.jpg","keywords":["MediarioNews","MN","MN281"],"articleSection":["Not\u00edcies"],"inLanguage":"ca"},{"@type":"WebPage","@id":"https:\/\/www.elcol-legi.org\/w\/tempesta-en-la-mar\/","url":"https:\/\/www.elcol-legi.org\/w\/tempesta-en-la-mar\/","name":"Tempesta en la mar - Col-legi de Mediadors d&#039;Assegurances de Barcelona","isPartOf":{"@id":"https:\/\/www.elcol-legi.org\/w\/#website"},"primaryImageOfPage":{"@id":"https:\/\/www.elcol-legi.org\/w\/tempesta-en-la-mar\/#primaryimage"},"image":{"@id":"https:\/\/www.elcol-legi.org\/w\/tempesta-en-la-mar\/#primaryimage"},"thumbnailUrl":"https:\/\/www.elcol-legi.org\/w\/wp-content\/uploads\/2025\/09\/yacht-luke-moss-gjT-kQbUK5I-unsplash-scaled.jpg","datePublished":"2025-09-03T11:07:10+00:00","author":{"@id":"https:\/\/www.elcol-legi.org\/w\/#\/schema\/person\/4283d40fbd72a940d5fff484fe5ec410"},"breadcrumb":{"@id":"https:\/\/www.elcol-legi.org\/w\/tempesta-en-la-mar\/#breadcrumb"},"inLanguage":"ca","potentialAction":[{"@type":"ReadAction","target":["https:\/\/www.elcol-legi.org\/w\/tempesta-en-la-mar\/"]}]},{"@type":"ImageObject","inLanguage":"ca","@id":"https:\/\/www.elcol-legi.org\/w\/tempesta-en-la-mar\/#primaryimage","url":"https:\/\/www.elcol-legi.org\/w\/wp-content\/uploads\/2025\/09\/yacht-luke-moss-gjT-kQbUK5I-unsplash-scaled.jpg","contentUrl":"https:\/\/www.elcol-legi.org\/w\/wp-content\/uploads\/2025\/09\/yacht-luke-moss-gjT-kQbUK5I-unsplash-scaled.jpg","width":2560,"height":1688},{"@type":"BreadcrumbList","@id":"https:\/\/www.elcol-legi.org\/w\/tempesta-en-la-mar\/#breadcrumb","itemListElement":[{"@type":"ListItem","position":1,"name":"Inici","item":"https:\/\/www.elcol-legi.org\/w\/"},{"@type":"ListItem","position":2,"name":"Tempesta en la mar"}]},{"@type":"WebSite","@id":"https:\/\/www.elcol-legi.org\/w\/#website","url":"https:\/\/www.elcol-legi.org\/w\/","name":"Col-legi de Mediadors d&#039;Assegurances de Barcelona","description":"Support al mediador d&#039;assegurances","potentialAction":[{"@type":"SearchAction","target":{"@type":"EntryPoint","urlTemplate":"https:\/\/www.elcol-legi.org\/w\/?s={search_term_string}"},"query-input":{"@type":"PropertyValueSpecification","valueRequired":true,"valueName":"search_term_string"}}],"inLanguage":"ca"},{"@type":"Person","@id":"https:\/\/www.elcol-legi.org\/w\/#\/schema\/person\/4283d40fbd72a940d5fff484fe5ec410","name":"Marc Alcaraz","image":{"@type":"ImageObject","inLanguage":"ca","@id":"https:\/\/secure.gravatar.com\/avatar\/e5dee642a130a369f4e8f5fe2d78526e99d5506f34de2f80b7994e63dc58d1b0?s=96&d=mm&r=g","url":"https:\/\/secure.gravatar.com\/avatar\/e5dee642a130a369f4e8f5fe2d78526e99d5506f34de2f80b7994e63dc58d1b0?s=96&d=mm&r=g","contentUrl":"https:\/\/secure.gravatar.com\/avatar\/e5dee642a130a369f4e8f5fe2d78526e99d5506f34de2f80b7994e63dc58d1b0?s=96&d=mm&r=g","caption":"Marc Alcaraz"},"url":"https:\/\/www.elcol-legi.org\/w\/author\/efreire\/"}]}},"_links":{"self":[{"href":"https:\/\/www.elcol-legi.org\/w\/wp-json\/wp\/v2\/posts\/24712","targetHints":{"allow":["GET"]}}],"collection":[{"href":"https:\/\/www.elcol-legi.org\/w\/wp-json\/wp\/v2\/posts"}],"about":[{"href":"https:\/\/www.elcol-legi.org\/w\/wp-json\/wp\/v2\/types\/post"}],"author":[{"embeddable":true,"href":"https:\/\/www.elcol-legi.org\/w\/wp-json\/wp\/v2\/users\/562"}],"replies":[{"embeddable":true,"href":"https:\/\/www.elcol-legi.org\/w\/wp-json\/wp\/v2\/comments?post=24712"}],"version-history":[{"count":1,"href":"https:\/\/www.elcol-legi.org\/w\/wp-json\/wp\/v2\/posts\/24712\/revisions"}],"predecessor-version":[{"id":24716,"href":"https:\/\/www.elcol-legi.org\/w\/wp-json\/wp\/v2\/posts\/24712\/revisions\/24716"}],"wp:featuredmedia":[{"embeddable":true,"href":"https:\/\/www.elcol-legi.org\/w\/wp-json\/wp\/v2\/media\/24713"}],"wp:attachment":[{"href":"https:\/\/www.elcol-legi.org\/w\/wp-json\/wp\/v2\/media?parent=24712"}],"wp:term":[{"taxonomy":"category","embeddable":true,"href":"https:\/\/www.elcol-legi.org\/w\/wp-json\/wp\/v2\/categories?post=24712"},{"taxonomy":"post_tag","embeddable":true,"href":"https:\/\/www.elcol-legi.org\/w\/wp-json\/wp\/v2\/tags?post=24712"}],"curies":[{"name":"wp","href":"https:\/\/api.w.org\/{rel}","templated":true}]}}