{"id":24965,"date":"2025-10-01T13:05:25","date_gmt":"2025-10-01T11:05:25","guid":{"rendered":"https:\/\/www.elcol-legi.org\/w\/?p=24965"},"modified":"2025-10-01T13:09:57","modified_gmt":"2025-10-01T11:09:57","slug":"no-ho-deixis-escapar-i-fes-que-la-teva-carrera-enlairi","status":"publish","type":"post","link":"https:\/\/www.elcol-legi.org\/w\/no-ho-deixis-escapar-i-fes-que-la-teva-carrera-enlairi\/","title":{"rendered":"No ho deixis escapar i fes que la teva carrera enlairi!"},"content":{"rendered":"<div class=\"wpb-content-wrapper\"><p>[vc_row][vc_column width=&#8221;3\/4&#8243;][vc_column_text css=&#8221;&#8221;]<\/p>\n<h2><strong>No ho deixis escapar i fes que la teva carrera enlairi!<\/strong><\/h2>\n<p>[\/vc_column_text][stm_spacing lg_spacing=&#8221;6&#8243; md_spacing=&#8221;6&#8243; sm_spacing=&#8221;6&#8243; xs_spacing=&#8221;6&#8243;][vc_column_text css=&#8221;&#8221;]<em>L\u2019\u00fanic M\u00e0ster que et garanteix tres t\u00edtols, a la recta final del per\u00edode d\u2019inscripci\u00f3<\/em>[\/vc_column_text][vc_single_image source=&#8221;featured_image&#8221; img_size=&#8221;850&#215;350&#8243;][vc_column_text css=&#8221;.vc_custom_1759316655288{margin-bottom: 20px !important;}&#8221;]Queden pocs dies perqu\u00e8 comencin les classes d\u2019un curs que far\u00e0 que la teva carrera professional pugi de nivell i enlairi definitivament. Si vols fer un salt en la teva traject\u00f2ria i convertir-te en un referent del sector assegurador, el cam\u00ed adequat \u00e9s fer el <strong>M\u00e0ster en Gesti\u00f3 d\u2019Empreses de Mediaci\u00f3 d\u2019Assegurances<\/strong>. \u00c9s l\u2019\u00fanic programa educatiu del sector que et garanteix <strong>tres t\u00edtols en un!<\/strong>:<\/p>\n<ul>\n<li>M\u00e0ster en Gesti\u00f3 d\u2019Empreses de Mediaci\u00f3<\/li>\n<li>Nivell 1 oficial per distribuir assegurances<\/li>\n<li>Ger\u00e8ncia de riscos<\/li>\n<\/ul>\n<p>Seran nou mesos en qu\u00e8 aprendr\u00e0s moltes mat\u00e8ries. D\u2019octubre de 2025 a juliol de 2026 viur\u00e0s una experi\u00e8ncia formativa \u00fanica: seran nou mesos que transformaran el teu perfil professional i et prepararan per als grans reptes del sector: digitalitzaci\u00f3, compet\u00e8ncia creixent i clients cada vegada m\u00e9s exigents.<\/p>\n<p><strong>Per qu\u00e8 \u00e9s un curs diferent?<\/strong><\/p>\n<ul>\n<li><strong>Continguts de gran valor:<\/strong> estrat\u00e8gia, gesti\u00f3 empresarial, digitalitzaci\u00f3 i ger\u00e8ncia de riscos.<\/li>\n<li><strong>Metodologia comprovada:<\/strong> combinaci\u00f3 de classes presencials i en l\u00ednia, perqu\u00e8 s\u2019adapti a les teves necessitats.<\/li>\n<li><strong>Networking garantit:<\/strong> connecta amb altres professionals i multiplica les teves oportunitats.<\/li>\n<li><strong>Formaci\u00f3 integral:<\/strong> inclou la millora de les habilitats directives i potencia la visi\u00f3 estrat\u00e8gica per anticipar-te al futur.<\/li>\n<\/ul>\n<p>A m\u00e9s, l\u2019especialitzaci\u00f3 en <strong>ger\u00e8ncia de riscos<\/strong> et capacitar\u00e0 per identificar, valorar i tractar riscos en qualsevol organitzaci\u00f3. Un avantatge competitiu molt demandat.<\/p>\n<p><strong>Places limitades. No deixis escapar aquesta gran oportunitat!<\/strong><\/p>\n<p>M\u00e9s informaci\u00f3 i inscripcions: <a href=\"http:\/\/www.mastercmab.com\/\">www.mastercmab.com<\/a><br \/>\n<a href=\"mailto:gemma.rodriguez@elcol-legi.org\">gemma.rodriguez@elcol-legi.org<\/a> | \ud83d\udcde 932 153 223<\/p>\n<p>Fes el salt i converteix-te en un mediador preparat per al futur.[\/vc_column_text][vc_row_inner][vc_column_inner width=&#8221;1\/6&#8243;][\/vc_column_inner][vc_column_inner width=&#8221;1\/6&#8243;][\/vc_column_inner][vc_column_inner width=&#8221;1\/6&#8243;][\/vc_column_inner][vc_column_inner width=&#8221;1\/6&#8243;][\/vc_column_inner][\/vc_row_inner][\/vc_column][vc_column width=&#8221;1\/4&#8243;][stm_spacing lg_spacing=&#8221;50&#8243; md_spacing=&#8221;50&#8243; sm_spacing=&#8221;50&#8243; xs_spacing=&#8221;50&#8243;][vc_column_text]<\/p>\n<h2>\u00daltimes not\u00edcies<\/h2>\n<p>[\/vc_column_text][stm_news loop=&#8221;size:4|order_by:date|order:DESC|post_type:post|categories:8&#8243; posts_per_row=&#8221;2&#8243;][\/vc_column][\/vc_row]<\/p>\n<\/div>","protected":false},"excerpt":{"rendered":"<p>[vc_row][vc_column width=&#8221;3\/4&#8243;][vc_column_text css=&#8221;&#8221;] No ho deixis escapar i fes que la teva carrera enlairi! [\/vc_column_text][stm_spacing lg_spacing=&#8221;6&#8243; md_spacing=&#8221;6&#8243; sm_spacing=&#8221;6&#8243; xs_spacing=&#8221;6&#8243;][vc_column_text css=&#8221;&#8221;]L\u2019\u00fanic M\u00e0ster que et garanteix tres t\u00edtols, a la recta final del per\u00edode d\u2019inscripci\u00f3[\/vc_column_text][vc_single_image source=&#8221;featured_image&#8221; img_size=&#8221;850&#215;350&#8243;][vc_column_text css=&#8221;.vc_custom_1759316655288{margin-bottom: 20px !important;}&#8221;]Queden pocs dies perqu\u00e8 comencin les classes d\u2019un curs que far\u00e0 que la teva carrera professional pugi de<\/p>\n","protected":false},"author":4,"featured_media":24966,"comment_status":"closed","ping_status":"open","sticky":false,"template":"","format":"standard","meta":{"footnotes":""},"categories":[8],"tags":[160,1868,2088],"class_list":["post-24965","post","type-post","status-publish","format-standard","has-post-thumbnail","hentry","category-noticies","tag-mediarionews","tag-mn-2","tag-mn283"],"yoast_head":"<!-- This site is optimized with the Yoast SEO plugin v27.5 - https:\/\/yoast.com\/product\/yoast-seo-wordpress\/ -->\n<title>No ho deixis escapar i fes que la teva carrera enlairi! - Col-legi de Mediadors d&#039;Assegurances de Barcelona<\/title>\n<meta name=\"robots\" content=\"index, follow, max-snippet:-1, max-image-preview:large, max-video-preview:-1\" \/>\n<link rel=\"canonical\" href=\"https:\/\/www.elcol-legi.org\/w\/no-ho-deixis-escapar-i-fes-que-la-teva-carrera-enlairi\/\" \/>\n<meta property=\"og:locale\" content=\"ca_ES\" \/>\n<meta property=\"og:type\" content=\"article\" \/>\n<meta property=\"og:title\" content=\"No ho deixis escapar i fes que la teva carrera enlairi! - Col-legi de Mediadors d&#039;Assegurances de Barcelona\" \/>\n<meta property=\"og:description\" content=\"[vc_row][vc_column width=&#8221;3\/4&#8243;][vc_column_text css=&#8221;&#8221;] No ho deixis escapar i fes que la teva carrera enlairi! [\/vc_column_text][stm_spacing lg_spacing=&#8221;6&#8243; md_spacing=&#8221;6&#8243; sm_spacing=&#8221;6&#8243; xs_spacing=&#8221;6&#8243;][vc_column_text css=&#8221;&#8221;]L\u2019\u00fanic M\u00e0ster que et garanteix tres t\u00edtols, a la recta final del per\u00edode d\u2019inscripci\u00f3[\/vc_column_text][vc_single_image source=&#8221;featured_image&#8221; img_size=&#8221;850&#215;350&#8243;][vc_column_text css=&#8221;.vc_custom_1759316655288{margin-bottom: 20px !important;}&#8221;]Queden pocs dies perqu\u00e8 comencin les classes d\u2019un curs que far\u00e0 que la teva carrera professional pugi de\" \/>\n<meta property=\"og:url\" content=\"https:\/\/www.elcol-legi.org\/w\/no-ho-deixis-escapar-i-fes-que-la-teva-carrera-enlairi\/\" \/>\n<meta property=\"og:site_name\" content=\"Col-legi de Mediadors d&#039;Assegurances de Barcelona\" \/>\n<meta property=\"article:published_time\" content=\"2025-10-01T11:05:25+00:00\" \/>\n<meta property=\"article:modified_time\" content=\"2025-10-01T11:09:57+00:00\" \/>\n<meta property=\"og:image\" content=\"https:\/\/www.elcol-legi.org\/w\/wp-content\/uploads\/2025\/10\/formacio-aaron-burden-QJDzYT_K8Xg-unsplash-scaled.jpg\" \/>\n\t<meta property=\"og:image:width\" content=\"2560\" \/>\n\t<meta property=\"og:image:height\" content=\"1922\" \/>\n\t<meta property=\"og:image:type\" content=\"image\/jpeg\" \/>\n<meta name=\"author\" content=\"elcol-legi\" \/>\n<meta name=\"twitter:card\" content=\"summary_large_image\" \/>\n<meta name=\"twitter:label1\" content=\"Escrit per\" \/>\n\t<meta name=\"twitter:data1\" content=\"elcol-legi\" \/>\n\t<meta name=\"twitter:label2\" content=\"Temps estimat de lectura\" \/>\n\t<meta name=\"twitter:data2\" content=\"2 minuts\" \/>\n<script type=\"application\/ld+json\" class=\"yoast-schema-graph\">{\"@context\":\"https:\\\/\\\/schema.org\",\"@graph\":[{\"@type\":\"Article\",\"@id\":\"https:\\\/\\\/www.elcol-legi.org\\\/w\\\/no-ho-deixis-escapar-i-fes-que-la-teva-carrera-enlairi\\\/#article\",\"isPartOf\":{\"@id\":\"https:\\\/\\\/www.elcol-legi.org\\\/w\\\/no-ho-deixis-escapar-i-fes-que-la-teva-carrera-enlairi\\\/\"},\"author\":{\"name\":\"elcol-legi\",\"@id\":\"https:\\\/\\\/www.elcol-legi.org\\\/w\\\/#\\\/schema\\\/person\\\/3343cfd033c3a8d7e0c36456d010b6f1\"},\"headline\":\"No ho deixis escapar i fes que la teva carrera enlairi!\",\"datePublished\":\"2025-10-01T11:05:25+00:00\",\"dateModified\":\"2025-10-01T11:09:57+00:00\",\"mainEntityOfPage\":{\"@id\":\"https:\\\/\\\/www.elcol-legi.org\\\/w\\\/no-ho-deixis-escapar-i-fes-que-la-teva-carrera-enlairi\\\/\"},\"wordCount\":435,\"image\":{\"@id\":\"https:\\\/\\\/www.elcol-legi.org\\\/w\\\/no-ho-deixis-escapar-i-fes-que-la-teva-carrera-enlairi\\\/#primaryimage\"},\"thumbnailUrl\":\"https:\\\/\\\/www.elcol-legi.org\\\/w\\\/wp-content\\\/uploads\\\/2025\\\/10\\\/formacio-aaron-burden-QJDzYT_K8Xg-unsplash-scaled.jpg\",\"keywords\":[\"MediarioNews\",\"MN\",\"MN283\"],\"articleSection\":[\"Not\u00edcies\"],\"inLanguage\":\"ca\"},{\"@type\":\"WebPage\",\"@id\":\"https:\\\/\\\/www.elcol-legi.org\\\/w\\\/no-ho-deixis-escapar-i-fes-que-la-teva-carrera-enlairi\\\/\",\"url\":\"https:\\\/\\\/www.elcol-legi.org\\\/w\\\/no-ho-deixis-escapar-i-fes-que-la-teva-carrera-enlairi\\\/\",\"name\":\"No ho deixis escapar i fes que la teva carrera enlairi! - Col-legi de Mediadors d&#039;Assegurances de Barcelona\",\"isPartOf\":{\"@id\":\"https:\\\/\\\/www.elcol-legi.org\\\/w\\\/#website\"},\"primaryImageOfPage\":{\"@id\":\"https:\\\/\\\/www.elcol-legi.org\\\/w\\\/no-ho-deixis-escapar-i-fes-que-la-teva-carrera-enlairi\\\/#primaryimage\"},\"image\":{\"@id\":\"https:\\\/\\\/www.elcol-legi.org\\\/w\\\/no-ho-deixis-escapar-i-fes-que-la-teva-carrera-enlairi\\\/#primaryimage\"},\"thumbnailUrl\":\"https:\\\/\\\/www.elcol-legi.org\\\/w\\\/wp-content\\\/uploads\\\/2025\\\/10\\\/formacio-aaron-burden-QJDzYT_K8Xg-unsplash-scaled.jpg\",\"datePublished\":\"2025-10-01T11:05:25+00:00\",\"dateModified\":\"2025-10-01T11:09:57+00:00\",\"author\":{\"@id\":\"https:\\\/\\\/www.elcol-legi.org\\\/w\\\/#\\\/schema\\\/person\\\/3343cfd033c3a8d7e0c36456d010b6f1\"},\"breadcrumb\":{\"@id\":\"https:\\\/\\\/www.elcol-legi.org\\\/w\\\/no-ho-deixis-escapar-i-fes-que-la-teva-carrera-enlairi\\\/#breadcrumb\"},\"inLanguage\":\"ca\",\"potentialAction\":[{\"@type\":\"ReadAction\",\"target\":[\"https:\\\/\\\/www.elcol-legi.org\\\/w\\\/no-ho-deixis-escapar-i-fes-que-la-teva-carrera-enlairi\\\/\"]}]},{\"@type\":\"ImageObject\",\"inLanguage\":\"ca\",\"@id\":\"https:\\\/\\\/www.elcol-legi.org\\\/w\\\/no-ho-deixis-escapar-i-fes-que-la-teva-carrera-enlairi\\\/#primaryimage\",\"url\":\"https:\\\/\\\/www.elcol-legi.org\\\/w\\\/wp-content\\\/uploads\\\/2025\\\/10\\\/formacio-aaron-burden-QJDzYT_K8Xg-unsplash-scaled.jpg\",\"contentUrl\":\"https:\\\/\\\/www.elcol-legi.org\\\/w\\\/wp-content\\\/uploads\\\/2025\\\/10\\\/formacio-aaron-burden-QJDzYT_K8Xg-unsplash-scaled.jpg\",\"width\":2560,\"height\":1922},{\"@type\":\"BreadcrumbList\",\"@id\":\"https:\\\/\\\/www.elcol-legi.org\\\/w\\\/no-ho-deixis-escapar-i-fes-que-la-teva-carrera-enlairi\\\/#breadcrumb\",\"itemListElement\":[{\"@type\":\"ListItem\",\"position\":1,\"name\":\"Inici\",\"item\":\"https:\\\/\\\/www.elcol-legi.org\\\/w\\\/\"},{\"@type\":\"ListItem\",\"position\":2,\"name\":\"No ho deixis escapar i fes que la teva carrera enlairi!\"}]},{\"@type\":\"WebSite\",\"@id\":\"https:\\\/\\\/www.elcol-legi.org\\\/w\\\/#website\",\"url\":\"https:\\\/\\\/www.elcol-legi.org\\\/w\\\/\",\"name\":\"Col-legi de Mediadors d&#039;Assegurances de Barcelona\",\"description\":\"Support al mediador d&#039;assegurances\",\"potentialAction\":[{\"@type\":\"SearchAction\",\"target\":{\"@type\":\"EntryPoint\",\"urlTemplate\":\"https:\\\/\\\/www.elcol-legi.org\\\/w\\\/?s={search_term_string}\"},\"query-input\":{\"@type\":\"PropertyValueSpecification\",\"valueRequired\":true,\"valueName\":\"search_term_string\"}}],\"inLanguage\":\"ca\"},{\"@type\":\"Person\",\"@id\":\"https:\\\/\\\/www.elcol-legi.org\\\/w\\\/#\\\/schema\\\/person\\\/3343cfd033c3a8d7e0c36456d010b6f1\",\"name\":\"elcol-legi\",\"image\":{\"@type\":\"ImageObject\",\"inLanguage\":\"ca\",\"@id\":\"https:\\\/\\\/secure.gravatar.com\\\/avatar\\\/c758b9fc3184253ca85702410660c40d503490c6329d11d16edf77528b999c3d?s=96&d=mm&r=g\",\"url\":\"https:\\\/\\\/secure.gravatar.com\\\/avatar\\\/c758b9fc3184253ca85702410660c40d503490c6329d11d16edf77528b999c3d?s=96&d=mm&r=g\",\"contentUrl\":\"https:\\\/\\\/secure.gravatar.com\\\/avatar\\\/c758b9fc3184253ca85702410660c40d503490c6329d11d16edf77528b999c3d?s=96&d=mm&r=g\",\"caption\":\"elcol-legi\"},\"url\":\"https:\\\/\\\/www.elcol-legi.org\\\/w\\\/author\\\/elcol-legi\\\/\"}]}<\/script>\n<!-- \/ Yoast SEO plugin. -->","yoast_head_json":{"title":"No ho deixis escapar i fes que la teva carrera enlairi! - Col-legi de Mediadors d&#039;Assegurances de Barcelona","robots":{"index":"index","follow":"follow","max-snippet":"max-snippet:-1","max-image-preview":"max-image-preview:large","max-video-preview":"max-video-preview:-1"},"canonical":"https:\/\/www.elcol-legi.org\/w\/no-ho-deixis-escapar-i-fes-que-la-teva-carrera-enlairi\/","og_locale":"ca_ES","og_type":"article","og_title":"No ho deixis escapar i fes que la teva carrera enlairi! - Col-legi de Mediadors d&#039;Assegurances de Barcelona","og_description":"[vc_row][vc_column width=&#8221;3\/4&#8243;][vc_column_text css=&#8221;&#8221;] No ho deixis escapar i fes que la teva carrera enlairi! [\/vc_column_text][stm_spacing lg_spacing=&#8221;6&#8243; md_spacing=&#8221;6&#8243; sm_spacing=&#8221;6&#8243; xs_spacing=&#8221;6&#8243;][vc_column_text css=&#8221;&#8221;]L\u2019\u00fanic M\u00e0ster que et garanteix tres t\u00edtols, a la recta final del per\u00edode d\u2019inscripci\u00f3[\/vc_column_text][vc_single_image source=&#8221;featured_image&#8221; img_size=&#8221;850&#215;350&#8243;][vc_column_text css=&#8221;.vc_custom_1759316655288{margin-bottom: 20px !important;}&#8221;]Queden pocs dies perqu\u00e8 comencin les classes d\u2019un curs que far\u00e0 que la teva carrera professional pugi de","og_url":"https:\/\/www.elcol-legi.org\/w\/no-ho-deixis-escapar-i-fes-que-la-teva-carrera-enlairi\/","og_site_name":"Col-legi de Mediadors d&#039;Assegurances de Barcelona","article_published_time":"2025-10-01T11:05:25+00:00","article_modified_time":"2025-10-01T11:09:57+00:00","og_image":[{"width":2560,"height":1922,"url":"https:\/\/www.elcol-legi.org\/w\/wp-content\/uploads\/2025\/10\/formacio-aaron-burden-QJDzYT_K8Xg-unsplash-scaled.jpg","type":"image\/jpeg"}],"author":"elcol-legi","twitter_card":"summary_large_image","twitter_misc":{"Escrit per":"elcol-legi","Temps estimat de lectura":"2 minuts"},"schema":{"@context":"https:\/\/schema.org","@graph":[{"@type":"Article","@id":"https:\/\/www.elcol-legi.org\/w\/no-ho-deixis-escapar-i-fes-que-la-teva-carrera-enlairi\/#article","isPartOf":{"@id":"https:\/\/www.elcol-legi.org\/w\/no-ho-deixis-escapar-i-fes-que-la-teva-carrera-enlairi\/"},"author":{"name":"elcol-legi","@id":"https:\/\/www.elcol-legi.org\/w\/#\/schema\/person\/3343cfd033c3a8d7e0c36456d010b6f1"},"headline":"No ho deixis escapar i fes que la teva carrera enlairi!","datePublished":"2025-10-01T11:05:25+00:00","dateModified":"2025-10-01T11:09:57+00:00","mainEntityOfPage":{"@id":"https:\/\/www.elcol-legi.org\/w\/no-ho-deixis-escapar-i-fes-que-la-teva-carrera-enlairi\/"},"wordCount":435,"image":{"@id":"https:\/\/www.elcol-legi.org\/w\/no-ho-deixis-escapar-i-fes-que-la-teva-carrera-enlairi\/#primaryimage"},"thumbnailUrl":"https:\/\/www.elcol-legi.org\/w\/wp-content\/uploads\/2025\/10\/formacio-aaron-burden-QJDzYT_K8Xg-unsplash-scaled.jpg","keywords":["MediarioNews","MN","MN283"],"articleSection":["Not\u00edcies"],"inLanguage":"ca"},{"@type":"WebPage","@id":"https:\/\/www.elcol-legi.org\/w\/no-ho-deixis-escapar-i-fes-que-la-teva-carrera-enlairi\/","url":"https:\/\/www.elcol-legi.org\/w\/no-ho-deixis-escapar-i-fes-que-la-teva-carrera-enlairi\/","name":"No ho deixis escapar i fes que la teva carrera enlairi! - Col-legi de Mediadors d&#039;Assegurances de Barcelona","isPartOf":{"@id":"https:\/\/www.elcol-legi.org\/w\/#website"},"primaryImageOfPage":{"@id":"https:\/\/www.elcol-legi.org\/w\/no-ho-deixis-escapar-i-fes-que-la-teva-carrera-enlairi\/#primaryimage"},"image":{"@id":"https:\/\/www.elcol-legi.org\/w\/no-ho-deixis-escapar-i-fes-que-la-teva-carrera-enlairi\/#primaryimage"},"thumbnailUrl":"https:\/\/www.elcol-legi.org\/w\/wp-content\/uploads\/2025\/10\/formacio-aaron-burden-QJDzYT_K8Xg-unsplash-scaled.jpg","datePublished":"2025-10-01T11:05:25+00:00","dateModified":"2025-10-01T11:09:57+00:00","author":{"@id":"https:\/\/www.elcol-legi.org\/w\/#\/schema\/person\/3343cfd033c3a8d7e0c36456d010b6f1"},"breadcrumb":{"@id":"https:\/\/www.elcol-legi.org\/w\/no-ho-deixis-escapar-i-fes-que-la-teva-carrera-enlairi\/#breadcrumb"},"inLanguage":"ca","potentialAction":[{"@type":"ReadAction","target":["https:\/\/www.elcol-legi.org\/w\/no-ho-deixis-escapar-i-fes-que-la-teva-carrera-enlairi\/"]}]},{"@type":"ImageObject","inLanguage":"ca","@id":"https:\/\/www.elcol-legi.org\/w\/no-ho-deixis-escapar-i-fes-que-la-teva-carrera-enlairi\/#primaryimage","url":"https:\/\/www.elcol-legi.org\/w\/wp-content\/uploads\/2025\/10\/formacio-aaron-burden-QJDzYT_K8Xg-unsplash-scaled.jpg","contentUrl":"https:\/\/www.elcol-legi.org\/w\/wp-content\/uploads\/2025\/10\/formacio-aaron-burden-QJDzYT_K8Xg-unsplash-scaled.jpg","width":2560,"height":1922},{"@type":"BreadcrumbList","@id":"https:\/\/www.elcol-legi.org\/w\/no-ho-deixis-escapar-i-fes-que-la-teva-carrera-enlairi\/#breadcrumb","itemListElement":[{"@type":"ListItem","position":1,"name":"Inici","item":"https:\/\/www.elcol-legi.org\/w\/"},{"@type":"ListItem","position":2,"name":"No ho deixis escapar i fes que la teva carrera enlairi!"}]},{"@type":"WebSite","@id":"https:\/\/www.elcol-legi.org\/w\/#website","url":"https:\/\/www.elcol-legi.org\/w\/","name":"Col-legi de Mediadors d&#039;Assegurances de Barcelona","description":"Support al mediador d&#039;assegurances","potentialAction":[{"@type":"SearchAction","target":{"@type":"EntryPoint","urlTemplate":"https:\/\/www.elcol-legi.org\/w\/?s={search_term_string}"},"query-input":{"@type":"PropertyValueSpecification","valueRequired":true,"valueName":"search_term_string"}}],"inLanguage":"ca"},{"@type":"Person","@id":"https:\/\/www.elcol-legi.org\/w\/#\/schema\/person\/3343cfd033c3a8d7e0c36456d010b6f1","name":"elcol-legi","image":{"@type":"ImageObject","inLanguage":"ca","@id":"https:\/\/secure.gravatar.com\/avatar\/c758b9fc3184253ca85702410660c40d503490c6329d11d16edf77528b999c3d?s=96&d=mm&r=g","url":"https:\/\/secure.gravatar.com\/avatar\/c758b9fc3184253ca85702410660c40d503490c6329d11d16edf77528b999c3d?s=96&d=mm&r=g","contentUrl":"https:\/\/secure.gravatar.com\/avatar\/c758b9fc3184253ca85702410660c40d503490c6329d11d16edf77528b999c3d?s=96&d=mm&r=g","caption":"elcol-legi"},"url":"https:\/\/www.elcol-legi.org\/w\/author\/elcol-legi\/"}]}},"_links":{"self":[{"href":"https:\/\/www.elcol-legi.org\/w\/wp-json\/wp\/v2\/posts\/24965","targetHints":{"allow":["GET"]}}],"collection":[{"href":"https:\/\/www.elcol-legi.org\/w\/wp-json\/wp\/v2\/posts"}],"about":[{"href":"https:\/\/www.elcol-legi.org\/w\/wp-json\/wp\/v2\/types\/post"}],"author":[{"embeddable":true,"href":"https:\/\/www.elcol-legi.org\/w\/wp-json\/wp\/v2\/users\/4"}],"replies":[{"embeddable":true,"href":"https:\/\/www.elcol-legi.org\/w\/wp-json\/wp\/v2\/comments?post=24965"}],"version-history":[{"count":1,"href":"https:\/\/www.elcol-legi.org\/w\/wp-json\/wp\/v2\/posts\/24965\/revisions"}],"predecessor-version":[{"id":24969,"href":"https:\/\/www.elcol-legi.org\/w\/wp-json\/wp\/v2\/posts\/24965\/revisions\/24969"}],"wp:featuredmedia":[{"embeddable":true,"href":"https:\/\/www.elcol-legi.org\/w\/wp-json\/wp\/v2\/media\/24966"}],"wp:attachment":[{"href":"https:\/\/www.elcol-legi.org\/w\/wp-json\/wp\/v2\/media?parent=24965"}],"wp:term":[{"taxonomy":"category","embeddable":true,"href":"https:\/\/www.elcol-legi.org\/w\/wp-json\/wp\/v2\/categories?post=24965"},{"taxonomy":"post_tag","embeddable":true,"href":"https:\/\/www.elcol-legi.org\/w\/wp-json\/wp\/v2\/tags?post=24965"}],"curies":[{"name":"wp","href":"https:\/\/api.w.org\/{rel}","templated":true}]}}