{"id":25284,"date":"2025-10-29T17:29:59","date_gmt":"2025-10-29T15:29:59","guid":{"rendered":"https:\/\/www.elcol-legi.org\/w\/?p=25284"},"modified":"2025-10-30T10:56:43","modified_gmt":"2025-10-30T08:56:43","slug":"la-importancia-del-cmr","status":"publish","type":"post","link":"https:\/\/www.elcol-legi.org\/w\/la-importancia-del-cmr\/","title":{"rendered":"LA IMPORTANCIA DEL CMR"},"content":{"rendered":"<div class=\"wpb-content-wrapper\"><p>[vc_row][vc_column width=&#8221;3\/4&#8243;][vc_column_text css=&#8221;&#8221;]<\/p>\n<h2>La import\u00e0ncia del CMR<\/h2>\n<p>[\/vc_column_text][stm_spacing lg_spacing=&#8221;6&#8243; md_spacing=&#8221;6&#8243; sm_spacing=&#8221;6&#8243; xs_spacing=&#8221;6&#8243;][vc_column_text css=&#8221;&#8221;]<\/p>\n<p class=\"p1\"><em>\u00c9s l\u2019acord internacional que regula el transport de mercaderies per diversos pa\u00efsos<\/em><\/p>\n<p>[\/vc_column_text][vc_single_image source=&#8221;featured_image&#8221; img_size=&#8221;850&#215;350&#8243;][vc_column_text css=&#8221;.vc_custom_1761814591721{margin-bottom: 20px !important;}&#8221;]<\/p>\n<p class=\"p1\">El Conveni CMR regula el transport internacional de mercaderies per carretera entre pa\u00efsos signants, establint els drets i obligacions de l\u2019expedidor i del transportista, aix\u00ed com les condicions per a la p\u00e8rdua o el dany de la c\u00e0rrega. Formalitza el contracte mitjan\u00e7ant la carta de port CMR, que serveix com a rebut i prova de l\u2019acord, i estableix que el transportista \u00e9s responsable de les incid\u00e8ncies. El conveni tamb\u00e9 preval en els transports multimodals si no s\u2019identifica el punt exacte on s\u2019ha produ\u00eft la incid\u00e8ncia.<\/p>\n<p class=\"p1\">El Conveni CMR, anomenat aix\u00ed per la seva denominaci\u00f3 en angl\u00e8s <i>Contract for the International Carriage of Goods by Road<\/i>, va entrar en vigor a Ginebra el 19 de maig de 1956, tot i que Espanya no s\u2019hi va adherir fins a l\u2019any 1974, amb correccions d\u2019errors el 1995.<\/p>\n<p class=\"p3\"><b>Qu\u00e8 cont\u00e9 el Conveni CMR:<\/b><\/p>\n<p class=\"p1\"><b>Contracte de transport:<\/b><br \/>\nDefineix les condicions del contracte de transport internacional per carretera.<\/p>\n<p class=\"p1\"><b>Drets i obligacions:<\/b><br \/>\nEstableix els drets i deures de l\u2019expedidor (remitent) i del transportista.<\/p>\n<p class=\"p1\"><b>Carta de port CMR:<\/b><br \/>\nFormalitza el contracte a trav\u00e9s d\u2019un document que actua com a rebut de la mercaderia i prova del contracte.<\/p>\n<p class=\"p1\"><b>Responsabilitat del transportista:<\/b><br \/>\nEl transportista \u00e9s responsable de la p\u00e8rdua, el dany o el retard de la mercaderia, i ha de verificar la c\u00e0rrega i la documentaci\u00f3.<\/p>\n<p class=\"p1\"><b>L\u00edmits d\u2019indemnitzaci\u00f3:<\/b><br \/>\nEn cas de p\u00e8rdua o dany, hi ha un l\u00edmit de responsabilitat que pot augmentar-se mitjan\u00e7ant una declaraci\u00f3 de valor a la carta de port.<\/p>\n<p class=\"p1\"><b>Prevalen\u00e7a en el transport multimodal:<\/b><br \/>\nEn cas d\u2019incid\u00e8ncies durant un transport que impliqui diversos mitjans de transport, el CMR preval si no se sap en quina etapa s\u2019ha produ\u00eft el dany o la p\u00e8rdua.<\/p>\n<p class=\"p1\"><b>Excepcions:<\/b><br \/>\nEl Conveni CMR no s\u2019aplica en els casos seg\u00fcents:<\/p>\n<ul class=\"ul1\">\n<li class=\"li1\">Transport de correu postal<\/li>\n<li class=\"li1\">Transport funerari<\/li>\n<li class=\"li1\">Mudances internacionals<\/li>\n<\/ul>\n<p class=\"p5\">Un article de Josep Calvo, assessor T\u00e8cnic del Col\u00b7legi<\/p>\n<p>[\/vc_column_text][vc_btn title=&#8221;Consulta aqu\u00ed la nota exclusiva per col\u00b7legiats\/des&#8221; color=&#8221;primary&#8221; align=&#8221;center&#8221; css=&#8221;&#8221; link=&#8221;url:https%3A%2F%2Fwww.elcol-legi.org%2Fw%2Fdownload%2Fnota-ass-tecnica-06-2025-que-estableix-el-conveni-cmr%2F|title:LA%20IMPORTANCIA%20DEL%20CMR&#8221;][vc_row_inner][vc_column_inner width=&#8221;1\/6&#8243;][\/vc_column_inner][vc_column_inner width=&#8221;1\/6&#8243;][\/vc_column_inner][vc_column_inner width=&#8221;1\/6&#8243;][\/vc_column_inner][vc_column_inner width=&#8221;1\/6&#8243;][\/vc_column_inner][\/vc_row_inner][\/vc_column][vc_column width=&#8221;1\/4&#8243;][stm_spacing lg_spacing=&#8221;50&#8243; md_spacing=&#8221;50&#8243; sm_spacing=&#8221;50&#8243; xs_spacing=&#8221;50&#8243;][vc_column_text]<\/p>\n<h2>\u00daltimes not\u00edcies<\/h2>\n<p>[\/vc_column_text][stm_news loop=&#8221;size:4|order_by:date|order:DESC|post_type:post|categories:8&#8243; posts_per_row=&#8221;2&#8243;][\/vc_column][\/vc_row]<\/p>\n<\/div>","protected":false},"excerpt":{"rendered":"<p>[vc_row][vc_column width=&#8221;3\/4&#8243;][vc_column_text css=&#8221;&#8221;] La import\u00e0ncia del CMR [\/vc_column_text][stm_spacing lg_spacing=&#8221;6&#8243; md_spacing=&#8221;6&#8243; sm_spacing=&#8221;6&#8243; xs_spacing=&#8221;6&#8243;][vc_column_text css=&#8221;&#8221;] \u00c9s l\u2019acord internacional que regula el transport de mercaderies per diversos pa\u00efsos [\/vc_column_text][vc_single_image source=&#8221;featured_image&#8221; img_size=&#8221;850&#215;350&#8243;][vc_column_text css=&#8221;.vc_custom_1761814591721{margin-bottom: 20px !important;}&#8221;] El Conveni CMR regula el transport internacional de mercaderies per carretera entre pa\u00efsos signants, establint els drets i obligacions de l\u2019expedidor i del transportista,<\/p>\n","protected":false},"author":562,"featured_media":25285,"comment_status":"closed","ping_status":"open","sticky":false,"template":"","format":"standard","meta":{"footnotes":""},"categories":[8],"tags":[435,1868,2104],"class_list":["post-25284","post","type-post","status-publish","format-standard","has-post-thumbnail","hentry","category-noticies","tag-mediario-news","tag-mn-2","tag-mn285"],"yoast_head":"<!-- This site is optimized with the Yoast SEO plugin v27.5 - https:\/\/yoast.com\/product\/yoast-seo-wordpress\/ -->\n<title>LA IMPORTANCIA DEL CMR - Col-legi de Mediadors d&#039;Assegurances de Barcelona<\/title>\n<meta name=\"robots\" content=\"index, follow, max-snippet:-1, max-image-preview:large, max-video-preview:-1\" \/>\n<link rel=\"canonical\" href=\"https:\/\/www.elcol-legi.org\/w\/la-importancia-del-cmr\/\" \/>\n<meta property=\"og:locale\" content=\"ca_ES\" \/>\n<meta property=\"og:type\" content=\"article\" \/>\n<meta property=\"og:title\" content=\"LA IMPORTANCIA DEL CMR - Col-legi de Mediadors d&#039;Assegurances de Barcelona\" \/>\n<meta property=\"og:description\" content=\"[vc_row][vc_column width=&#8221;3\/4&#8243;][vc_column_text css=&#8221;&#8221;] La import\u00e0ncia del CMR [\/vc_column_text][stm_spacing lg_spacing=&#8221;6&#8243; md_spacing=&#8221;6&#8243; sm_spacing=&#8221;6&#8243; xs_spacing=&#8221;6&#8243;][vc_column_text css=&#8221;&#8221;] \u00c9s l\u2019acord internacional que regula el transport de mercaderies per diversos pa\u00efsos [\/vc_column_text][vc_single_image source=&#8221;featured_image&#8221; img_size=&#8221;850&#215;350&#8243;][vc_column_text css=&#8221;.vc_custom_1761814591721{margin-bottom: 20px !important;}&#8221;] El Conveni CMR regula el transport internacional de mercaderies per carretera entre pa\u00efsos signants, establint els drets i obligacions de l\u2019expedidor i del transportista,\" \/>\n<meta property=\"og:url\" content=\"https:\/\/www.elcol-legi.org\/w\/la-importancia-del-cmr\/\" \/>\n<meta property=\"og:site_name\" content=\"Col-legi de Mediadors d&#039;Assegurances de Barcelona\" \/>\n<meta property=\"article:published_time\" content=\"2025-10-29T15:29:59+00:00\" \/>\n<meta property=\"article:modified_time\" content=\"2025-10-30T08:56:43+00:00\" \/>\n<meta property=\"og:image\" content=\"https:\/\/www.elcol-legi.org\/w\/wp-content\/uploads\/2025\/10\/gabriel-santos-GBVDilE8yvI-unsplash-scaled.jpg\" \/>\n\t<meta property=\"og:image:width\" content=\"2560\" \/>\n\t<meta property=\"og:image:height\" content=\"1707\" \/>\n\t<meta property=\"og:image:type\" content=\"image\/jpeg\" \/>\n<meta name=\"author\" content=\"Marc Alcaraz\" \/>\n<meta name=\"twitter:card\" content=\"summary_large_image\" \/>\n<meta name=\"twitter:label1\" content=\"Escrit per\" \/>\n\t<meta name=\"twitter:data1\" content=\"Marc Alcaraz\" \/>\n\t<meta name=\"twitter:label2\" content=\"Temps estimat de lectura\" \/>\n\t<meta name=\"twitter:data2\" content=\"3 minuts\" \/>\n<script type=\"application\/ld+json\" class=\"yoast-schema-graph\">{\"@context\":\"https:\\\/\\\/schema.org\",\"@graph\":[{\"@type\":\"Article\",\"@id\":\"https:\\\/\\\/www.elcol-legi.org\\\/w\\\/la-importancia-del-cmr\\\/#article\",\"isPartOf\":{\"@id\":\"https:\\\/\\\/www.elcol-legi.org\\\/w\\\/la-importancia-del-cmr\\\/\"},\"author\":{\"name\":\"Marc Alcaraz\",\"@id\":\"https:\\\/\\\/www.elcol-legi.org\\\/w\\\/#\\\/schema\\\/person\\\/4283d40fbd72a940d5fff484fe5ec410\"},\"headline\":\"LA IMPORTANCIA DEL CMR\",\"datePublished\":\"2025-10-29T15:29:59+00:00\",\"dateModified\":\"2025-10-30T08:56:43+00:00\",\"mainEntityOfPage\":{\"@id\":\"https:\\\/\\\/www.elcol-legi.org\\\/w\\\/la-importancia-del-cmr\\\/\"},\"wordCount\":522,\"image\":{\"@id\":\"https:\\\/\\\/www.elcol-legi.org\\\/w\\\/la-importancia-del-cmr\\\/#primaryimage\"},\"thumbnailUrl\":\"https:\\\/\\\/www.elcol-legi.org\\\/w\\\/wp-content\\\/uploads\\\/2025\\\/10\\\/gabriel-santos-GBVDilE8yvI-unsplash-scaled.jpg\",\"keywords\":[\"Mediario News\",\"MN\",\"MN285\"],\"articleSection\":[\"Not\u00edcies\"],\"inLanguage\":\"ca\"},{\"@type\":\"WebPage\",\"@id\":\"https:\\\/\\\/www.elcol-legi.org\\\/w\\\/la-importancia-del-cmr\\\/\",\"url\":\"https:\\\/\\\/www.elcol-legi.org\\\/w\\\/la-importancia-del-cmr\\\/\",\"name\":\"LA IMPORTANCIA DEL CMR - Col-legi de Mediadors d&#039;Assegurances de Barcelona\",\"isPartOf\":{\"@id\":\"https:\\\/\\\/www.elcol-legi.org\\\/w\\\/#website\"},\"primaryImageOfPage\":{\"@id\":\"https:\\\/\\\/www.elcol-legi.org\\\/w\\\/la-importancia-del-cmr\\\/#primaryimage\"},\"image\":{\"@id\":\"https:\\\/\\\/www.elcol-legi.org\\\/w\\\/la-importancia-del-cmr\\\/#primaryimage\"},\"thumbnailUrl\":\"https:\\\/\\\/www.elcol-legi.org\\\/w\\\/wp-content\\\/uploads\\\/2025\\\/10\\\/gabriel-santos-GBVDilE8yvI-unsplash-scaled.jpg\",\"datePublished\":\"2025-10-29T15:29:59+00:00\",\"dateModified\":\"2025-10-30T08:56:43+00:00\",\"author\":{\"@id\":\"https:\\\/\\\/www.elcol-legi.org\\\/w\\\/#\\\/schema\\\/person\\\/4283d40fbd72a940d5fff484fe5ec410\"},\"breadcrumb\":{\"@id\":\"https:\\\/\\\/www.elcol-legi.org\\\/w\\\/la-importancia-del-cmr\\\/#breadcrumb\"},\"inLanguage\":\"ca\",\"potentialAction\":[{\"@type\":\"ReadAction\",\"target\":[\"https:\\\/\\\/www.elcol-legi.org\\\/w\\\/la-importancia-del-cmr\\\/\"]}]},{\"@type\":\"ImageObject\",\"inLanguage\":\"ca\",\"@id\":\"https:\\\/\\\/www.elcol-legi.org\\\/w\\\/la-importancia-del-cmr\\\/#primaryimage\",\"url\":\"https:\\\/\\\/www.elcol-legi.org\\\/w\\\/wp-content\\\/uploads\\\/2025\\\/10\\\/gabriel-santos-GBVDilE8yvI-unsplash-scaled.jpg\",\"contentUrl\":\"https:\\\/\\\/www.elcol-legi.org\\\/w\\\/wp-content\\\/uploads\\\/2025\\\/10\\\/gabriel-santos-GBVDilE8yvI-unsplash-scaled.jpg\",\"width\":2560,\"height\":1707},{\"@type\":\"BreadcrumbList\",\"@id\":\"https:\\\/\\\/www.elcol-legi.org\\\/w\\\/la-importancia-del-cmr\\\/#breadcrumb\",\"itemListElement\":[{\"@type\":\"ListItem\",\"position\":1,\"name\":\"Inici\",\"item\":\"https:\\\/\\\/www.elcol-legi.org\\\/w\\\/\"},{\"@type\":\"ListItem\",\"position\":2,\"name\":\"LA IMPORTANCIA DEL CMR\"}]},{\"@type\":\"WebSite\",\"@id\":\"https:\\\/\\\/www.elcol-legi.org\\\/w\\\/#website\",\"url\":\"https:\\\/\\\/www.elcol-legi.org\\\/w\\\/\",\"name\":\"Col-legi de Mediadors d&#039;Assegurances de Barcelona\",\"description\":\"Support al mediador d&#039;assegurances\",\"potentialAction\":[{\"@type\":\"SearchAction\",\"target\":{\"@type\":\"EntryPoint\",\"urlTemplate\":\"https:\\\/\\\/www.elcol-legi.org\\\/w\\\/?s={search_term_string}\"},\"query-input\":{\"@type\":\"PropertyValueSpecification\",\"valueRequired\":true,\"valueName\":\"search_term_string\"}}],\"inLanguage\":\"ca\"},{\"@type\":\"Person\",\"@id\":\"https:\\\/\\\/www.elcol-legi.org\\\/w\\\/#\\\/schema\\\/person\\\/4283d40fbd72a940d5fff484fe5ec410\",\"name\":\"Marc Alcaraz\",\"image\":{\"@type\":\"ImageObject\",\"inLanguage\":\"ca\",\"@id\":\"https:\\\/\\\/secure.gravatar.com\\\/avatar\\\/e5dee642a130a369f4e8f5fe2d78526e99d5506f34de2f80b7994e63dc58d1b0?s=96&d=mm&r=g\",\"url\":\"https:\\\/\\\/secure.gravatar.com\\\/avatar\\\/e5dee642a130a369f4e8f5fe2d78526e99d5506f34de2f80b7994e63dc58d1b0?s=96&d=mm&r=g\",\"contentUrl\":\"https:\\\/\\\/secure.gravatar.com\\\/avatar\\\/e5dee642a130a369f4e8f5fe2d78526e99d5506f34de2f80b7994e63dc58d1b0?s=96&d=mm&r=g\",\"caption\":\"Marc Alcaraz\"},\"url\":\"https:\\\/\\\/www.elcol-legi.org\\\/w\\\/author\\\/efreire\\\/\"}]}<\/script>\n<!-- \/ Yoast SEO plugin. -->","yoast_head_json":{"title":"LA IMPORTANCIA DEL CMR - Col-legi de Mediadors d&#039;Assegurances de Barcelona","robots":{"index":"index","follow":"follow","max-snippet":"max-snippet:-1","max-image-preview":"max-image-preview:large","max-video-preview":"max-video-preview:-1"},"canonical":"https:\/\/www.elcol-legi.org\/w\/la-importancia-del-cmr\/","og_locale":"ca_ES","og_type":"article","og_title":"LA IMPORTANCIA DEL CMR - Col-legi de Mediadors d&#039;Assegurances de Barcelona","og_description":"[vc_row][vc_column width=&#8221;3\/4&#8243;][vc_column_text css=&#8221;&#8221;] La import\u00e0ncia del CMR [\/vc_column_text][stm_spacing lg_spacing=&#8221;6&#8243; md_spacing=&#8221;6&#8243; sm_spacing=&#8221;6&#8243; xs_spacing=&#8221;6&#8243;][vc_column_text css=&#8221;&#8221;] \u00c9s l\u2019acord internacional que regula el transport de mercaderies per diversos pa\u00efsos [\/vc_column_text][vc_single_image source=&#8221;featured_image&#8221; img_size=&#8221;850&#215;350&#8243;][vc_column_text css=&#8221;.vc_custom_1761814591721{margin-bottom: 20px !important;}&#8221;] El Conveni CMR regula el transport internacional de mercaderies per carretera entre pa\u00efsos signants, establint els drets i obligacions de l\u2019expedidor i del transportista,","og_url":"https:\/\/www.elcol-legi.org\/w\/la-importancia-del-cmr\/","og_site_name":"Col-legi de Mediadors d&#039;Assegurances de Barcelona","article_published_time":"2025-10-29T15:29:59+00:00","article_modified_time":"2025-10-30T08:56:43+00:00","og_image":[{"width":2560,"height":1707,"url":"https:\/\/www.elcol-legi.org\/w\/wp-content\/uploads\/2025\/10\/gabriel-santos-GBVDilE8yvI-unsplash-scaled.jpg","type":"image\/jpeg"}],"author":"Marc Alcaraz","twitter_card":"summary_large_image","twitter_misc":{"Escrit per":"Marc Alcaraz","Temps estimat de lectura":"3 minuts"},"schema":{"@context":"https:\/\/schema.org","@graph":[{"@type":"Article","@id":"https:\/\/www.elcol-legi.org\/w\/la-importancia-del-cmr\/#article","isPartOf":{"@id":"https:\/\/www.elcol-legi.org\/w\/la-importancia-del-cmr\/"},"author":{"name":"Marc Alcaraz","@id":"https:\/\/www.elcol-legi.org\/w\/#\/schema\/person\/4283d40fbd72a940d5fff484fe5ec410"},"headline":"LA IMPORTANCIA DEL CMR","datePublished":"2025-10-29T15:29:59+00:00","dateModified":"2025-10-30T08:56:43+00:00","mainEntityOfPage":{"@id":"https:\/\/www.elcol-legi.org\/w\/la-importancia-del-cmr\/"},"wordCount":522,"image":{"@id":"https:\/\/www.elcol-legi.org\/w\/la-importancia-del-cmr\/#primaryimage"},"thumbnailUrl":"https:\/\/www.elcol-legi.org\/w\/wp-content\/uploads\/2025\/10\/gabriel-santos-GBVDilE8yvI-unsplash-scaled.jpg","keywords":["Mediario News","MN","MN285"],"articleSection":["Not\u00edcies"],"inLanguage":"ca"},{"@type":"WebPage","@id":"https:\/\/www.elcol-legi.org\/w\/la-importancia-del-cmr\/","url":"https:\/\/www.elcol-legi.org\/w\/la-importancia-del-cmr\/","name":"LA IMPORTANCIA DEL CMR - Col-legi de Mediadors d&#039;Assegurances de Barcelona","isPartOf":{"@id":"https:\/\/www.elcol-legi.org\/w\/#website"},"primaryImageOfPage":{"@id":"https:\/\/www.elcol-legi.org\/w\/la-importancia-del-cmr\/#primaryimage"},"image":{"@id":"https:\/\/www.elcol-legi.org\/w\/la-importancia-del-cmr\/#primaryimage"},"thumbnailUrl":"https:\/\/www.elcol-legi.org\/w\/wp-content\/uploads\/2025\/10\/gabriel-santos-GBVDilE8yvI-unsplash-scaled.jpg","datePublished":"2025-10-29T15:29:59+00:00","dateModified":"2025-10-30T08:56:43+00:00","author":{"@id":"https:\/\/www.elcol-legi.org\/w\/#\/schema\/person\/4283d40fbd72a940d5fff484fe5ec410"},"breadcrumb":{"@id":"https:\/\/www.elcol-legi.org\/w\/la-importancia-del-cmr\/#breadcrumb"},"inLanguage":"ca","potentialAction":[{"@type":"ReadAction","target":["https:\/\/www.elcol-legi.org\/w\/la-importancia-del-cmr\/"]}]},{"@type":"ImageObject","inLanguage":"ca","@id":"https:\/\/www.elcol-legi.org\/w\/la-importancia-del-cmr\/#primaryimage","url":"https:\/\/www.elcol-legi.org\/w\/wp-content\/uploads\/2025\/10\/gabriel-santos-GBVDilE8yvI-unsplash-scaled.jpg","contentUrl":"https:\/\/www.elcol-legi.org\/w\/wp-content\/uploads\/2025\/10\/gabriel-santos-GBVDilE8yvI-unsplash-scaled.jpg","width":2560,"height":1707},{"@type":"BreadcrumbList","@id":"https:\/\/www.elcol-legi.org\/w\/la-importancia-del-cmr\/#breadcrumb","itemListElement":[{"@type":"ListItem","position":1,"name":"Inici","item":"https:\/\/www.elcol-legi.org\/w\/"},{"@type":"ListItem","position":2,"name":"LA IMPORTANCIA DEL CMR"}]},{"@type":"WebSite","@id":"https:\/\/www.elcol-legi.org\/w\/#website","url":"https:\/\/www.elcol-legi.org\/w\/","name":"Col-legi de Mediadors d&#039;Assegurances de Barcelona","description":"Support al mediador d&#039;assegurances","potentialAction":[{"@type":"SearchAction","target":{"@type":"EntryPoint","urlTemplate":"https:\/\/www.elcol-legi.org\/w\/?s={search_term_string}"},"query-input":{"@type":"PropertyValueSpecification","valueRequired":true,"valueName":"search_term_string"}}],"inLanguage":"ca"},{"@type":"Person","@id":"https:\/\/www.elcol-legi.org\/w\/#\/schema\/person\/4283d40fbd72a940d5fff484fe5ec410","name":"Marc Alcaraz","image":{"@type":"ImageObject","inLanguage":"ca","@id":"https:\/\/secure.gravatar.com\/avatar\/e5dee642a130a369f4e8f5fe2d78526e99d5506f34de2f80b7994e63dc58d1b0?s=96&d=mm&r=g","url":"https:\/\/secure.gravatar.com\/avatar\/e5dee642a130a369f4e8f5fe2d78526e99d5506f34de2f80b7994e63dc58d1b0?s=96&d=mm&r=g","contentUrl":"https:\/\/secure.gravatar.com\/avatar\/e5dee642a130a369f4e8f5fe2d78526e99d5506f34de2f80b7994e63dc58d1b0?s=96&d=mm&r=g","caption":"Marc Alcaraz"},"url":"https:\/\/www.elcol-legi.org\/w\/author\/efreire\/"}]}},"_links":{"self":[{"href":"https:\/\/www.elcol-legi.org\/w\/wp-json\/wp\/v2\/posts\/25284","targetHints":{"allow":["GET"]}}],"collection":[{"href":"https:\/\/www.elcol-legi.org\/w\/wp-json\/wp\/v2\/posts"}],"about":[{"href":"https:\/\/www.elcol-legi.org\/w\/wp-json\/wp\/v2\/types\/post"}],"author":[{"embeddable":true,"href":"https:\/\/www.elcol-legi.org\/w\/wp-json\/wp\/v2\/users\/562"}],"replies":[{"embeddable":true,"href":"https:\/\/www.elcol-legi.org\/w\/wp-json\/wp\/v2\/comments?post=25284"}],"version-history":[{"count":4,"href":"https:\/\/www.elcol-legi.org\/w\/wp-json\/wp\/v2\/posts\/25284\/revisions"}],"predecessor-version":[{"id":25334,"href":"https:\/\/www.elcol-legi.org\/w\/wp-json\/wp\/v2\/posts\/25284\/revisions\/25334"}],"wp:featuredmedia":[{"embeddable":true,"href":"https:\/\/www.elcol-legi.org\/w\/wp-json\/wp\/v2\/media\/25285"}],"wp:attachment":[{"href":"https:\/\/www.elcol-legi.org\/w\/wp-json\/wp\/v2\/media?parent=25284"}],"wp:term":[{"taxonomy":"category","embeddable":true,"href":"https:\/\/www.elcol-legi.org\/w\/wp-json\/wp\/v2\/categories?post=25284"},{"taxonomy":"post_tag","embeddable":true,"href":"https:\/\/www.elcol-legi.org\/w\/wp-json\/wp\/v2\/tags?post=25284"}],"curies":[{"name":"wp","href":"https:\/\/api.w.org\/{rel}","templated":true}]}}