{"id":26881,"date":"2026-03-03T17:20:37","date_gmt":"2026-03-03T15:20:37","guid":{"rendered":"https:\/\/www.elcol-legi.org\/w\/?p=26881"},"modified":"2026-03-03T17:20:37","modified_gmt":"2026-03-03T15:20:37","slug":"les-insurtech-alianca-o-competencia","status":"publish","type":"post","link":"https:\/\/www.elcol-legi.org\/w\/les-insurtech-alianca-o-competencia\/","title":{"rendered":"Les insurtech: alian\u00e7a o compet\u00e8ncia?"},"content":{"rendered":"<div class=\"wpb-content-wrapper\"><p>[vc_row][vc_column width=&#8221;3\/4&#8243;][vc_column_text css=&#8221;&#8221;]<\/p>\n<h2>Les insurtech: alian\u00e7a o compet\u00e8ncia?<\/h2>\n<p>[\/vc_column_text][stm_spacing lg_spacing=&#8221;6&#8243; md_spacing=&#8221;6&#8243; sm_spacing=&#8221;6&#8243; xs_spacing=&#8221;6&#8243;][vc_column_text css=&#8221;&#8221;]<em>05\/03\/2026<\/em>[\/vc_column_text][vc_column_text css=&#8221;&#8221;]<\/p>\n<p class=\"mcePastedContent\" data-pm-slice=\"1 1 []\"><em>Amb el pas del temps apareixen noves preguntes al voltant de les start up<\/em><\/p>\n<p>[\/vc_column_text][vc_single_image source=&#8221;featured_image&#8221; img_size=&#8221;850&#215;350&#8243;][vc_column_text css=&#8221;.vc_custom_1772536066730{margin-bottom: 20px !important;}&#8221;]<\/p>\n<p class=\"p1\">El sector est\u00e0 canviant la percepci\u00f3 sobre les <i>insurtech<\/i>. Fins ara eren vistes com a companyies joves que aportaven innovaci\u00f3 a la ind\u00fastria asseguradora, per\u00f2 ara es comen\u00e7a a entendre que algunes d\u2019aquestes empreses poden convertir-se en un dels principals focus de pressi\u00f3 competitiva per al sector. Aix\u00ed ho reflecteix una enquesta recent elaborada per GlobalData, en qu\u00e8 prop d\u2019un ter\u00e7 dels professionals consultats identifica aquestes <i>startups<\/i> tecnol\u00f2giques com el repte m\u00e9s gran per a les asseguradores en els pr\u00f2xims anys. La dada \u00e9s significativa: les <i>insurtech<\/i> se situen per davant de competidors tradicionals, grans companyies tecnol\u00f2giques, entitats banc\u00e0ries i altres nous actors emergents.<\/p>\n<p class=\"p1\">Durant anys, moltes <i>insurtech<\/i> han exercit el paper de socis estrat\u00e8gics del sector, aportant innovaci\u00f3 en \u00e0mbits com l\u2019Internet de les Coses (IoT), l\u2019anal\u00edtica avan\u00e7ada o la intel\u00b7lig\u00e8ncia artificial. Tanmateix, l\u2019estudi apunta a un canvi de percepci\u00f3. La creixent especialitzaci\u00f3 tecnol\u00f2gica, l\u2019agilitat operativa i els models digitals centrats en l\u2019experi\u00e8ncia d\u2019usuari estan refor\u00e7ant el seu posicionament competitiu i ampliant la seva capacitat per capturar valor dins de la cadena asseguradora.<\/p>\n<p class=\"p1\">Tot i que el sector assegurador presenta importants barreres d\u2019entrada \u2014una regulaci\u00f3 exigent, fortes necessitats de capital i la construcci\u00f3 de marca\u2014, algunes <i>insurtech<\/i> han demostrat que \u00e9s possible competir directament en determinats segments. El cas de Lemonade \u00e9s citat com a exemple de com un model 100% digital pot guanyar visibilitat i quota en mercats espec\u00edfics.<\/p>\n<p class=\"p1\">L\u2019informe conclou que les <i>insurtech<\/i> dif\u00edcilment substituiran les asseguradores tradicionals en el conjunt de la seva activitat. No obstant aix\u00f2, s\u00ed que poden erosionar quota en n\u00ednxols concrets com les assegurances vinculades al lloguer, les p\u00f2lisses sota demanda o els productes basats en l\u2019\u00fas. En aquests segments, la seva proposta flexible i digitalitzada respon amb m\u00e9s rapidesa a les noves pautes de consum.<\/p>\n<p class=\"p1\">En definitiva, m\u00e9s que una amena\u00e7a global, les <i>insurtech<\/i> representen un repte selectiu que obliga el sector tradicional a accelerar la seva transformaci\u00f3, refor\u00e7ar la proposta de valor i redefinir la relaci\u00f3 amb el client en un entorn cada cop m\u00e9s digital i competitiu.<\/p>\n<p>[\/vc_column_text][vc_row_inner][vc_column_inner width=&#8221;1\/6&#8243;][\/vc_column_inner][vc_column_inner width=&#8221;1\/6&#8243;][\/vc_column_inner][vc_column_inner width=&#8221;1\/6&#8243;][\/vc_column_inner][vc_column_inner width=&#8221;1\/6&#8243;][\/vc_column_inner][\/vc_row_inner][\/vc_column][vc_column width=&#8221;1\/4&#8243;][stm_spacing lg_spacing=&#8221;50&#8243; md_spacing=&#8221;50&#8243; sm_spacing=&#8221;50&#8243; xs_spacing=&#8221;50&#8243;][vc_column_text]<\/p>\n<h2>\u00daltimes not\u00edcies<\/h2>\n<p>[\/vc_column_text][stm_news loop=&#8221;size:4|order_by:date|order:DESC|post_type:post|categories:8&#8243; posts_per_row=&#8221;2&#8243;][\/vc_column][\/vc_row]<\/p>\n<\/div>","protected":false},"excerpt":{"rendered":"<p>[vc_row][vc_column width=&#8221;3\/4&#8243;][vc_column_text css=&#8221;&#8221;] Les insurtech: alian\u00e7a o compet\u00e8ncia? [\/vc_column_text][stm_spacing lg_spacing=&#8221;6&#8243; md_spacing=&#8221;6&#8243; sm_spacing=&#8221;6&#8243; xs_spacing=&#8221;6&#8243;][vc_column_text css=&#8221;&#8221;]05\/03\/2026[\/vc_column_text][vc_column_text css=&#8221;&#8221;] Amb el pas del temps apareixen noves preguntes al voltant de les start up [\/vc_column_text][vc_single_image source=&#8221;featured_image&#8221; img_size=&#8221;850&#215;350&#8243;][vc_column_text css=&#8221;.vc_custom_1772536066730{margin-bottom: 20px !important;}&#8221;] El sector est\u00e0 canviant la percepci\u00f3 sobre les insurtech. Fins ara eren vistes com a companyies joves que aportaven innovaci\u00f3<\/p>\n","protected":false},"author":562,"featured_media":26899,"comment_status":"closed","ping_status":"open","sticky":false,"template":"","format":"standard","meta":{"footnotes":""},"categories":[8],"tags":[2158,1868],"class_list":["post-26881","post","type-post","status-publish","format-standard","has-post-thumbnail","hentry","category-noticies","tag-mednews-293","tag-mn-2"],"yoast_head":"<!-- This site is optimized with the Yoast SEO plugin v27.5 - https:\/\/yoast.com\/product\/yoast-seo-wordpress\/ -->\n<title>Les insurtech: alian\u00e7a o compet\u00e8ncia? - Col-legi de Mediadors d&#039;Assegurances de Barcelona<\/title>\n<meta name=\"robots\" content=\"index, follow, max-snippet:-1, max-image-preview:large, max-video-preview:-1\" \/>\n<link rel=\"canonical\" href=\"https:\/\/www.elcol-legi.org\/w\/les-insurtech-alianca-o-competencia\/\" \/>\n<meta property=\"og:locale\" content=\"ca_ES\" \/>\n<meta property=\"og:type\" content=\"article\" \/>\n<meta property=\"og:title\" content=\"Les insurtech: alian\u00e7a o compet\u00e8ncia? - Col-legi de Mediadors d&#039;Assegurances de Barcelona\" \/>\n<meta property=\"og:description\" content=\"[vc_row][vc_column width=&#8221;3\/4&#8243;][vc_column_text css=&#8221;&#8221;] Les insurtech: alian\u00e7a o compet\u00e8ncia? [\/vc_column_text][stm_spacing lg_spacing=&#8221;6&#8243; md_spacing=&#8221;6&#8243; sm_spacing=&#8221;6&#8243; xs_spacing=&#8221;6&#8243;][vc_column_text css=&#8221;&#8221;]05\/03\/2026[\/vc_column_text][vc_column_text css=&#8221;&#8221;] Amb el pas del temps apareixen noves preguntes al voltant de les start up [\/vc_column_text][vc_single_image source=&#8221;featured_image&#8221; img_size=&#8221;850&#215;350&#8243;][vc_column_text css=&#8221;.vc_custom_1772536066730{margin-bottom: 20px !important;}&#8221;] El sector est\u00e0 canviant la percepci\u00f3 sobre les insurtech. Fins ara eren vistes com a companyies joves que aportaven innovaci\u00f3\" \/>\n<meta property=\"og:url\" content=\"https:\/\/www.elcol-legi.org\/w\/les-insurtech-alianca-o-competencia\/\" \/>\n<meta property=\"og:site_name\" content=\"Col-legi de Mediadors d&#039;Assegurances de Barcelona\" \/>\n<meta property=\"article:published_time\" content=\"2026-03-03T15:20:37+00:00\" \/>\n<meta property=\"og:image\" content=\"https:\/\/www.elcol-legi.org\/w\/wp-content\/uploads\/2026\/03\/tech-marvin-meyer-SYTO3xs06fU-unsplash-scaled.jpg\" \/>\n\t<meta property=\"og:image:width\" content=\"2560\" \/>\n\t<meta property=\"og:image:height\" content=\"1707\" \/>\n\t<meta property=\"og:image:type\" content=\"image\/jpeg\" \/>\n<meta name=\"author\" content=\"Marc Alcaraz\" \/>\n<meta name=\"twitter:card\" content=\"summary_large_image\" \/>\n<meta name=\"twitter:label1\" content=\"Escrit per\" \/>\n\t<meta name=\"twitter:data1\" content=\"Marc Alcaraz\" \/>\n\t<meta name=\"twitter:label2\" content=\"Temps estimat de lectura\" \/>\n\t<meta name=\"twitter:data2\" content=\"3 minuts\" \/>\n<script type=\"application\/ld+json\" class=\"yoast-schema-graph\">{\"@context\":\"https:\\\/\\\/schema.org\",\"@graph\":[{\"@type\":\"Article\",\"@id\":\"https:\\\/\\\/www.elcol-legi.org\\\/w\\\/les-insurtech-alianca-o-competencia\\\/#article\",\"isPartOf\":{\"@id\":\"https:\\\/\\\/www.elcol-legi.org\\\/w\\\/les-insurtech-alianca-o-competencia\\\/\"},\"author\":{\"name\":\"Marc Alcaraz\",\"@id\":\"https:\\\/\\\/www.elcol-legi.org\\\/w\\\/#\\\/schema\\\/person\\\/4283d40fbd72a940d5fff484fe5ec410\"},\"headline\":\"Les insurtech: alian\u00e7a o compet\u00e8ncia?\",\"datePublished\":\"2026-03-03T15:20:37+00:00\",\"mainEntityOfPage\":{\"@id\":\"https:\\\/\\\/www.elcol-legi.org\\\/w\\\/les-insurtech-alianca-o-competencia\\\/\"},\"wordCount\":535,\"image\":{\"@id\":\"https:\\\/\\\/www.elcol-legi.org\\\/w\\\/les-insurtech-alianca-o-competencia\\\/#primaryimage\"},\"thumbnailUrl\":\"https:\\\/\\\/www.elcol-legi.org\\\/w\\\/wp-content\\\/uploads\\\/2026\\\/03\\\/tech-marvin-meyer-SYTO3xs06fU-unsplash-scaled.jpg\",\"keywords\":[\". MedNews 293\",\"MN\"],\"articleSection\":[\"Not\u00edcies\"],\"inLanguage\":\"ca\"},{\"@type\":\"WebPage\",\"@id\":\"https:\\\/\\\/www.elcol-legi.org\\\/w\\\/les-insurtech-alianca-o-competencia\\\/\",\"url\":\"https:\\\/\\\/www.elcol-legi.org\\\/w\\\/les-insurtech-alianca-o-competencia\\\/\",\"name\":\"Les insurtech: alian\u00e7a o compet\u00e8ncia? - Col-legi de Mediadors d&#039;Assegurances de Barcelona\",\"isPartOf\":{\"@id\":\"https:\\\/\\\/www.elcol-legi.org\\\/w\\\/#website\"},\"primaryImageOfPage\":{\"@id\":\"https:\\\/\\\/www.elcol-legi.org\\\/w\\\/les-insurtech-alianca-o-competencia\\\/#primaryimage\"},\"image\":{\"@id\":\"https:\\\/\\\/www.elcol-legi.org\\\/w\\\/les-insurtech-alianca-o-competencia\\\/#primaryimage\"},\"thumbnailUrl\":\"https:\\\/\\\/www.elcol-legi.org\\\/w\\\/wp-content\\\/uploads\\\/2026\\\/03\\\/tech-marvin-meyer-SYTO3xs06fU-unsplash-scaled.jpg\",\"datePublished\":\"2026-03-03T15:20:37+00:00\",\"author\":{\"@id\":\"https:\\\/\\\/www.elcol-legi.org\\\/w\\\/#\\\/schema\\\/person\\\/4283d40fbd72a940d5fff484fe5ec410\"},\"breadcrumb\":{\"@id\":\"https:\\\/\\\/www.elcol-legi.org\\\/w\\\/les-insurtech-alianca-o-competencia\\\/#breadcrumb\"},\"inLanguage\":\"ca\",\"potentialAction\":[{\"@type\":\"ReadAction\",\"target\":[\"https:\\\/\\\/www.elcol-legi.org\\\/w\\\/les-insurtech-alianca-o-competencia\\\/\"]}]},{\"@type\":\"ImageObject\",\"inLanguage\":\"ca\",\"@id\":\"https:\\\/\\\/www.elcol-legi.org\\\/w\\\/les-insurtech-alianca-o-competencia\\\/#primaryimage\",\"url\":\"https:\\\/\\\/www.elcol-legi.org\\\/w\\\/wp-content\\\/uploads\\\/2026\\\/03\\\/tech-marvin-meyer-SYTO3xs06fU-unsplash-scaled.jpg\",\"contentUrl\":\"https:\\\/\\\/www.elcol-legi.org\\\/w\\\/wp-content\\\/uploads\\\/2026\\\/03\\\/tech-marvin-meyer-SYTO3xs06fU-unsplash-scaled.jpg\",\"width\":2560,\"height\":1707},{\"@type\":\"BreadcrumbList\",\"@id\":\"https:\\\/\\\/www.elcol-legi.org\\\/w\\\/les-insurtech-alianca-o-competencia\\\/#breadcrumb\",\"itemListElement\":[{\"@type\":\"ListItem\",\"position\":1,\"name\":\"Inici\",\"item\":\"https:\\\/\\\/www.elcol-legi.org\\\/w\\\/\"},{\"@type\":\"ListItem\",\"position\":2,\"name\":\"Les insurtech: alian\u00e7a o compet\u00e8ncia?\"}]},{\"@type\":\"WebSite\",\"@id\":\"https:\\\/\\\/www.elcol-legi.org\\\/w\\\/#website\",\"url\":\"https:\\\/\\\/www.elcol-legi.org\\\/w\\\/\",\"name\":\"Col-legi de Mediadors d&#039;Assegurances de Barcelona\",\"description\":\"Support al mediador d&#039;assegurances\",\"potentialAction\":[{\"@type\":\"SearchAction\",\"target\":{\"@type\":\"EntryPoint\",\"urlTemplate\":\"https:\\\/\\\/www.elcol-legi.org\\\/w\\\/?s={search_term_string}\"},\"query-input\":{\"@type\":\"PropertyValueSpecification\",\"valueRequired\":true,\"valueName\":\"search_term_string\"}}],\"inLanguage\":\"ca\"},{\"@type\":\"Person\",\"@id\":\"https:\\\/\\\/www.elcol-legi.org\\\/w\\\/#\\\/schema\\\/person\\\/4283d40fbd72a940d5fff484fe5ec410\",\"name\":\"Marc Alcaraz\",\"image\":{\"@type\":\"ImageObject\",\"inLanguage\":\"ca\",\"@id\":\"https:\\\/\\\/secure.gravatar.com\\\/avatar\\\/e5dee642a130a369f4e8f5fe2d78526e99d5506f34de2f80b7994e63dc58d1b0?s=96&d=mm&r=g\",\"url\":\"https:\\\/\\\/secure.gravatar.com\\\/avatar\\\/e5dee642a130a369f4e8f5fe2d78526e99d5506f34de2f80b7994e63dc58d1b0?s=96&d=mm&r=g\",\"contentUrl\":\"https:\\\/\\\/secure.gravatar.com\\\/avatar\\\/e5dee642a130a369f4e8f5fe2d78526e99d5506f34de2f80b7994e63dc58d1b0?s=96&d=mm&r=g\",\"caption\":\"Marc Alcaraz\"},\"url\":\"https:\\\/\\\/www.elcol-legi.org\\\/w\\\/author\\\/efreire\\\/\"}]}<\/script>\n<!-- \/ Yoast SEO plugin. -->","yoast_head_json":{"title":"Les insurtech: alian\u00e7a o compet\u00e8ncia? - Col-legi de Mediadors d&#039;Assegurances de Barcelona","robots":{"index":"index","follow":"follow","max-snippet":"max-snippet:-1","max-image-preview":"max-image-preview:large","max-video-preview":"max-video-preview:-1"},"canonical":"https:\/\/www.elcol-legi.org\/w\/les-insurtech-alianca-o-competencia\/","og_locale":"ca_ES","og_type":"article","og_title":"Les insurtech: alian\u00e7a o compet\u00e8ncia? - Col-legi de Mediadors d&#039;Assegurances de Barcelona","og_description":"[vc_row][vc_column width=&#8221;3\/4&#8243;][vc_column_text css=&#8221;&#8221;] Les insurtech: alian\u00e7a o compet\u00e8ncia? [\/vc_column_text][stm_spacing lg_spacing=&#8221;6&#8243; md_spacing=&#8221;6&#8243; sm_spacing=&#8221;6&#8243; xs_spacing=&#8221;6&#8243;][vc_column_text css=&#8221;&#8221;]05\/03\/2026[\/vc_column_text][vc_column_text css=&#8221;&#8221;] Amb el pas del temps apareixen noves preguntes al voltant de les start up [\/vc_column_text][vc_single_image source=&#8221;featured_image&#8221; img_size=&#8221;850&#215;350&#8243;][vc_column_text css=&#8221;.vc_custom_1772536066730{margin-bottom: 20px !important;}&#8221;] El sector est\u00e0 canviant la percepci\u00f3 sobre les insurtech. Fins ara eren vistes com a companyies joves que aportaven innovaci\u00f3","og_url":"https:\/\/www.elcol-legi.org\/w\/les-insurtech-alianca-o-competencia\/","og_site_name":"Col-legi de Mediadors d&#039;Assegurances de Barcelona","article_published_time":"2026-03-03T15:20:37+00:00","og_image":[{"width":2560,"height":1707,"url":"https:\/\/www.elcol-legi.org\/w\/wp-content\/uploads\/2026\/03\/tech-marvin-meyer-SYTO3xs06fU-unsplash-scaled.jpg","type":"image\/jpeg"}],"author":"Marc Alcaraz","twitter_card":"summary_large_image","twitter_misc":{"Escrit per":"Marc Alcaraz","Temps estimat de lectura":"3 minuts"},"schema":{"@context":"https:\/\/schema.org","@graph":[{"@type":"Article","@id":"https:\/\/www.elcol-legi.org\/w\/les-insurtech-alianca-o-competencia\/#article","isPartOf":{"@id":"https:\/\/www.elcol-legi.org\/w\/les-insurtech-alianca-o-competencia\/"},"author":{"name":"Marc Alcaraz","@id":"https:\/\/www.elcol-legi.org\/w\/#\/schema\/person\/4283d40fbd72a940d5fff484fe5ec410"},"headline":"Les insurtech: alian\u00e7a o compet\u00e8ncia?","datePublished":"2026-03-03T15:20:37+00:00","mainEntityOfPage":{"@id":"https:\/\/www.elcol-legi.org\/w\/les-insurtech-alianca-o-competencia\/"},"wordCount":535,"image":{"@id":"https:\/\/www.elcol-legi.org\/w\/les-insurtech-alianca-o-competencia\/#primaryimage"},"thumbnailUrl":"https:\/\/www.elcol-legi.org\/w\/wp-content\/uploads\/2026\/03\/tech-marvin-meyer-SYTO3xs06fU-unsplash-scaled.jpg","keywords":[". MedNews 293","MN"],"articleSection":["Not\u00edcies"],"inLanguage":"ca"},{"@type":"WebPage","@id":"https:\/\/www.elcol-legi.org\/w\/les-insurtech-alianca-o-competencia\/","url":"https:\/\/www.elcol-legi.org\/w\/les-insurtech-alianca-o-competencia\/","name":"Les insurtech: alian\u00e7a o compet\u00e8ncia? - Col-legi de Mediadors d&#039;Assegurances de Barcelona","isPartOf":{"@id":"https:\/\/www.elcol-legi.org\/w\/#website"},"primaryImageOfPage":{"@id":"https:\/\/www.elcol-legi.org\/w\/les-insurtech-alianca-o-competencia\/#primaryimage"},"image":{"@id":"https:\/\/www.elcol-legi.org\/w\/les-insurtech-alianca-o-competencia\/#primaryimage"},"thumbnailUrl":"https:\/\/www.elcol-legi.org\/w\/wp-content\/uploads\/2026\/03\/tech-marvin-meyer-SYTO3xs06fU-unsplash-scaled.jpg","datePublished":"2026-03-03T15:20:37+00:00","author":{"@id":"https:\/\/www.elcol-legi.org\/w\/#\/schema\/person\/4283d40fbd72a940d5fff484fe5ec410"},"breadcrumb":{"@id":"https:\/\/www.elcol-legi.org\/w\/les-insurtech-alianca-o-competencia\/#breadcrumb"},"inLanguage":"ca","potentialAction":[{"@type":"ReadAction","target":["https:\/\/www.elcol-legi.org\/w\/les-insurtech-alianca-o-competencia\/"]}]},{"@type":"ImageObject","inLanguage":"ca","@id":"https:\/\/www.elcol-legi.org\/w\/les-insurtech-alianca-o-competencia\/#primaryimage","url":"https:\/\/www.elcol-legi.org\/w\/wp-content\/uploads\/2026\/03\/tech-marvin-meyer-SYTO3xs06fU-unsplash-scaled.jpg","contentUrl":"https:\/\/www.elcol-legi.org\/w\/wp-content\/uploads\/2026\/03\/tech-marvin-meyer-SYTO3xs06fU-unsplash-scaled.jpg","width":2560,"height":1707},{"@type":"BreadcrumbList","@id":"https:\/\/www.elcol-legi.org\/w\/les-insurtech-alianca-o-competencia\/#breadcrumb","itemListElement":[{"@type":"ListItem","position":1,"name":"Inici","item":"https:\/\/www.elcol-legi.org\/w\/"},{"@type":"ListItem","position":2,"name":"Les insurtech: alian\u00e7a o compet\u00e8ncia?"}]},{"@type":"WebSite","@id":"https:\/\/www.elcol-legi.org\/w\/#website","url":"https:\/\/www.elcol-legi.org\/w\/","name":"Col-legi de Mediadors d&#039;Assegurances de Barcelona","description":"Support al mediador d&#039;assegurances","potentialAction":[{"@type":"SearchAction","target":{"@type":"EntryPoint","urlTemplate":"https:\/\/www.elcol-legi.org\/w\/?s={search_term_string}"},"query-input":{"@type":"PropertyValueSpecification","valueRequired":true,"valueName":"search_term_string"}}],"inLanguage":"ca"},{"@type":"Person","@id":"https:\/\/www.elcol-legi.org\/w\/#\/schema\/person\/4283d40fbd72a940d5fff484fe5ec410","name":"Marc Alcaraz","image":{"@type":"ImageObject","inLanguage":"ca","@id":"https:\/\/secure.gravatar.com\/avatar\/e5dee642a130a369f4e8f5fe2d78526e99d5506f34de2f80b7994e63dc58d1b0?s=96&d=mm&r=g","url":"https:\/\/secure.gravatar.com\/avatar\/e5dee642a130a369f4e8f5fe2d78526e99d5506f34de2f80b7994e63dc58d1b0?s=96&d=mm&r=g","contentUrl":"https:\/\/secure.gravatar.com\/avatar\/e5dee642a130a369f4e8f5fe2d78526e99d5506f34de2f80b7994e63dc58d1b0?s=96&d=mm&r=g","caption":"Marc Alcaraz"},"url":"https:\/\/www.elcol-legi.org\/w\/author\/efreire\/"}]}},"_links":{"self":[{"href":"https:\/\/www.elcol-legi.org\/w\/wp-json\/wp\/v2\/posts\/26881","targetHints":{"allow":["GET"]}}],"collection":[{"href":"https:\/\/www.elcol-legi.org\/w\/wp-json\/wp\/v2\/posts"}],"about":[{"href":"https:\/\/www.elcol-legi.org\/w\/wp-json\/wp\/v2\/types\/post"}],"author":[{"embeddable":true,"href":"https:\/\/www.elcol-legi.org\/w\/wp-json\/wp\/v2\/users\/562"}],"replies":[{"embeddable":true,"href":"https:\/\/www.elcol-legi.org\/w\/wp-json\/wp\/v2\/comments?post=26881"}],"version-history":[{"count":1,"href":"https:\/\/www.elcol-legi.org\/w\/wp-json\/wp\/v2\/posts\/26881\/revisions"}],"predecessor-version":[{"id":26902,"href":"https:\/\/www.elcol-legi.org\/w\/wp-json\/wp\/v2\/posts\/26881\/revisions\/26902"}],"wp:featuredmedia":[{"embeddable":true,"href":"https:\/\/www.elcol-legi.org\/w\/wp-json\/wp\/v2\/media\/26899"}],"wp:attachment":[{"href":"https:\/\/www.elcol-legi.org\/w\/wp-json\/wp\/v2\/media?parent=26881"}],"wp:term":[{"taxonomy":"category","embeddable":true,"href":"https:\/\/www.elcol-legi.org\/w\/wp-json\/wp\/v2\/categories?post=26881"},{"taxonomy":"post_tag","embeddable":true,"href":"https:\/\/www.elcol-legi.org\/w\/wp-json\/wp\/v2\/tags?post=26881"}],"curies":[{"name":"wp","href":"https:\/\/api.w.org\/{rel}","templated":true}]}}