{"id":26941,"date":"2026-03-04T12:44:03","date_gmt":"2026-03-04T10:44:03","guid":{"rendered":"https:\/\/www.elcol-legi.org\/w\/?p=26941"},"modified":"2026-03-04T12:44:03","modified_gmt":"2026-03-04T10:44:03","slug":"presenta-ja-la-dec-davant-la-generalitat","status":"publish","type":"post","link":"https:\/\/www.elcol-legi.org\/w\/presenta-ja-la-dec-davant-la-generalitat\/","title":{"rendered":"Presenta ja la DEC davant la Generalitat"},"content":{"rendered":"<div class=\"wpb-content-wrapper\"><p>[vc_row][vc_column width=&#8221;3\/4&#8243;][vc_column_text css=&#8221;&#8221;]<\/p>\n<h2 class=\"p1\"><em>Obert el termini per presentar la DEC davant la Generalitat<\/em><b><\/b><\/h2>\n<p>[\/vc_column_text][stm_spacing lg_spacing=&#8221;6&#8243; md_spacing=&#8221;6&#8243; sm_spacing=&#8221;6&#8243; xs_spacing=&#8221;6&#8243;][vc_column_text css=&#8221;&#8221;]<em>05\/03\/26<\/em>[\/vc_column_text][vc_column_text css=&#8221;&#8221;]<\/p>\n<p class=\"p2\"><em>El Col\u00b7legi ajuda els corredors i agents amb els tr\u00e0mits necessaris<\/em><\/p>\n<p>[\/vc_column_text][vc_single_image source=&#8221;featured_image&#8221; img_size=&#8221;850&#215;350&#8243;][vc_column_text css=&#8221;.vc_custom_1772620881700{margin-bottom: 20px !important;}&#8221;]<\/p>\n<p class=\"p4\">Tots aquells corredors i agents vinculats que figurin inscrits en el Registre Especial de la Direcci\u00f3 General de Pol\u00edtica Financera, Assegurances i Tresor del Departament d\u2019Economia i Hisenda de la\u00a0<b>Generalitat de Catalunya (DGPFAT),\u00a0<\/b>ja poden accedir a tramitar la\u00a0Documentaci\u00f3 Estad\u00edstica Comptable (DEC) de l\u2019exercici 2025. Com cada any, el termini per fer la presentaci\u00f3\u00a0<b>finalitzar\u00e0 el 30 d\u2019abril de 2026.<\/b><b><\/b><\/p>\n<p class=\"p4\"><b>Dates clau i requisits per a la tramitaci\u00f3:<\/b><b><\/b><\/p>\n<ul class=\"ul1\">\n<li class=\"li6\"><b><\/b><span class=\"s1\"><b>Data l\u00edmit:<\/b>\u00a0Finalitzar\u00e0 el pr\u00f2xim dia\u00a0<b>30 d\u2019abril de 2026.<\/b><b><\/b><\/span><\/li>\n<li class=\"li7\"><b><\/b><span class=\"s1\"><b>Acc\u00e9s:<\/b>\u00a0Tramitaci\u00f3 disponible a trav\u00e9s\u00a0<a href=\"https:\/\/fundacionauditorium.us21.list-manage.com\/track\/click?u=a4c9e968c3d14e4a4dd0491a2&amp;id=24407b4b63&amp;e=5af2773421\"><span class=\"s2\"><b>d\u2019aquest link<\/b><\/span><\/a><\/span><span class=\"s3\">.<\/span><\/li>\n<\/ul>\n<p class=\"p4\"><b>Documentaci\u00f3 necess\u00e0ria:<\/b><b><\/b><\/p>\n<ol class=\"ol1\">\n<li class=\"li7\"><span class=\"s1\">Rebut de la p\u00f2lissa de Responsabilitat Civil 2026 o certificat em\u00e8s per la companyia, signat digitalment.<\/span><\/li>\n<li class=\"li7\"><span class=\"s1\">Rebut de la p\u00f2lissa de Cauci\u00f3 2026.<\/span><\/li>\n<li class=\"li7\"><span class=\"s1\">Informe anual 2025 del Departament o Servei d\u2019Atenci\u00f3 al Client. (Els col\u00b7legiats que ho tinguin contractat amb el Col\u00b7legi, ho heu rebut per correu electr\u00f2nic durant el mes de febrer.)<\/span><\/li>\n<\/ol>\n<p class=\"p4\"><i>* Els informes i certificats hauran d&#8217;estar signats digitalment.<\/i><i><\/i><\/p>\n<p class=\"p4\">Recordeu que teniu a la vostra disposici\u00f3 el servei gratu\u00eft de gesti\u00f3 de la representaci\u00f3. Aquesta funcionalitat, accessible des de l\u2019aplicaci\u00f3\u00a0<b>Medcat<\/b>, us permet designar el Col\u00b7legi perqu\u00e8 tramiti la vostra\u00a0DEC.<\/p>\n<p class=\"p4\"><b>Avantatges del servei:<\/b><b><\/b><\/p>\n<ul class=\"ul1\">\n<li class=\"li6\"><span class=\"s1\">Revisi\u00f3 de la informaci\u00f3 registrada a la DGPFAT per assegurar que sigui correcta i actualitzada.<\/span><\/li>\n<li class=\"li7\"><span class=\"s1\">Comunicaci\u00f3 a la Generalitat de possibles incid\u00e8ncies en les dades registrals.<\/span><\/li>\n<\/ul>\n<p class=\"p4\">Si voleu que el Col\u00b7legi us tramiti la\u00a0DEC, envieu-nos\u00a0<b>tota\u00a0<\/b>la documentaci\u00f3 abans del 16 d\u2019abril de 2026, en un sol correu electr\u00f2nic. La tramitaci\u00f3 es far\u00e0 per rigor\u00f3s ordre d\u2019arribada.<\/p>\n<p class=\"p4\">Per designar al Col\u00b7legi o qualsevol altre representant, podeu seguir una guia senzilla que trobareu\u00a0<a href=\"https:\/\/fundacionauditorium.us21.list-manage.com\/track\/click?u=a4c9e968c3d14e4a4dd0491a2&amp;id=1ca7978114&amp;e=5af2773421\"><span class=\"s2\"><b>aqu\u00ed<\/b><\/span><\/a>.<\/p>\n<p class=\"p4\">Si teniu dubtes, contacteu amb Montse Ferrer al tel\u00e8fon 932153223 o a l\u2019adre\u00e7a electr\u00f2nica:\u00a0<a href=\"mailto:montse.ferrer@elcol-legi.org?subject=Ajuda%20DEC%20Generalitat%202024&amp;body=\"><span class=\"s2\"><b>montse.ferrer@elcol-legi.org<\/b><b><\/b><\/span><\/a><\/p>\n<p class=\"p11\"><b>Necessites ajuda?<\/b><b><\/b><\/p>\n<ul class=\"ul1\">\n<li class=\"li7\"><span class=\"s1\">Consulta l\u2019apartat de Preguntes Freq\u00fcents (FAQ) a l\u2019Oficina Virtual de Mediadors d\u2019Assegurances MEDC@T.<\/span><\/li>\n<li class=\"li7\"><span class=\"s1\">Per incid\u00e8ncies amb l\u2019aplicaci\u00f3 MEDC@T, contacta amb el Centre d\u2019Atenci\u00f3 a l\u2019Usuari (CAU):<\/span>\n<ul class=\"ul2\">\n<li class=\"li7\"><span class=\"s1\">Correu electr\u00f2nic:\u00a0<a href=\"mailto:suport.negoinst.eco@gencat.cat?subject=&amp;body=\"><span class=\"s2\"><b>suport.negoinst.eco@gencat.cat<\/b><b><\/b><\/span><\/a><\/span><\/li>\n<li class=\"li7\"><span class=\"s1\">Tel\u00e8fon: 93 293 76 45<\/span><\/li>\n<\/ul>\n<\/li>\n<\/ul>\n<p class=\"p11\">No esperis m\u00e9s i gestiona la teva\u00a0DEC\u00a0de manera senzilla i eficient<\/p>\n<p>[\/vc_column_text][vc_row_inner][vc_column_inner width=&#8221;1\/6&#8243;][\/vc_column_inner][vc_column_inner width=&#8221;1\/6&#8243;][\/vc_column_inner][vc_column_inner width=&#8221;1\/6&#8243;][\/vc_column_inner][vc_column_inner width=&#8221;1\/6&#8243;][\/vc_column_inner][\/vc_row_inner][\/vc_column][vc_column width=&#8221;1\/4&#8243;][stm_spacing lg_spacing=&#8221;50&#8243; md_spacing=&#8221;50&#8243; sm_spacing=&#8221;50&#8243; xs_spacing=&#8221;50&#8243;][vc_column_text]<\/p>\n<h2>\u00daltimes not\u00edcies<\/h2>\n<p>[\/vc_column_text][stm_news loop=&#8221;size:4|order_by:date|order:DESC|post_type:post|categories:8&#8243; posts_per_row=&#8221;2&#8243;][\/vc_column][\/vc_row]<\/p>\n<\/div>","protected":false},"excerpt":{"rendered":"<p>[vc_row][vc_column width=&#8221;3\/4&#8243;][vc_column_text css=&#8221;&#8221;] Obert el termini per presentar la DEC davant la Generalitat [\/vc_column_text][stm_spacing lg_spacing=&#8221;6&#8243; md_spacing=&#8221;6&#8243; sm_spacing=&#8221;6&#8243; xs_spacing=&#8221;6&#8243;][vc_column_text css=&#8221;&#8221;]05\/03\/26[\/vc_column_text][vc_column_text css=&#8221;&#8221;] El Col\u00b7legi ajuda els corredors i agents amb els tr\u00e0mits necessaris [\/vc_column_text][vc_single_image source=&#8221;featured_image&#8221; img_size=&#8221;850&#215;350&#8243;][vc_column_text css=&#8221;.vc_custom_1772620881700{margin-bottom: 20px !important;}&#8221;] Tots aquells corredors i agents vinculats que figurin inscrits en el Registre Especial de la Direcci\u00f3 General de<\/p>\n","protected":false},"author":562,"featured_media":26942,"comment_status":"closed","ping_status":"open","sticky":false,"template":"","format":"standard","meta":{"footnotes":""},"categories":[8],"tags":[2158,1868],"class_list":["post-26941","post","type-post","status-publish","format-standard","has-post-thumbnail","hentry","category-noticies","tag-mednews-293","tag-mn-2"],"yoast_head":"<!-- This site is optimized with the Yoast SEO plugin v27.5 - https:\/\/yoast.com\/product\/yoast-seo-wordpress\/ -->\n<title>Presenta ja la DEC davant la Generalitat - Col-legi de Mediadors d&#039;Assegurances de Barcelona<\/title>\n<meta name=\"robots\" content=\"index, follow, max-snippet:-1, max-image-preview:large, max-video-preview:-1\" \/>\n<link rel=\"canonical\" href=\"https:\/\/www.elcol-legi.org\/w\/presenta-ja-la-dec-davant-la-generalitat\/\" \/>\n<meta property=\"og:locale\" content=\"ca_ES\" \/>\n<meta property=\"og:type\" content=\"article\" \/>\n<meta property=\"og:title\" content=\"Presenta ja la DEC davant la Generalitat - Col-legi de Mediadors d&#039;Assegurances de Barcelona\" \/>\n<meta property=\"og:description\" content=\"[vc_row][vc_column width=&#8221;3\/4&#8243;][vc_column_text css=&#8221;&#8221;] Obert el termini per presentar la DEC davant la Generalitat [\/vc_column_text][stm_spacing lg_spacing=&#8221;6&#8243; md_spacing=&#8221;6&#8243; sm_spacing=&#8221;6&#8243; xs_spacing=&#8221;6&#8243;][vc_column_text css=&#8221;&#8221;]05\/03\/26[\/vc_column_text][vc_column_text css=&#8221;&#8221;] El Col\u00b7legi ajuda els corredors i agents amb els tr\u00e0mits necessaris [\/vc_column_text][vc_single_image source=&#8221;featured_image&#8221; img_size=&#8221;850&#215;350&#8243;][vc_column_text css=&#8221;.vc_custom_1772620881700{margin-bottom: 20px !important;}&#8221;] Tots aquells corredors i agents vinculats que figurin inscrits en el Registre Especial de la Direcci\u00f3 General de\" \/>\n<meta property=\"og:url\" content=\"https:\/\/www.elcol-legi.org\/w\/presenta-ja-la-dec-davant-la-generalitat\/\" \/>\n<meta property=\"og:site_name\" content=\"Col-legi de Mediadors d&#039;Assegurances de Barcelona\" \/>\n<meta property=\"article:published_time\" content=\"2026-03-04T10:44:03+00:00\" \/>\n<meta property=\"og:image\" content=\"https:\/\/www.elcol-legi.org\/w\/wp-content\/uploads\/2026\/03\/DEC-giorgio-tomassetti-LtU_A0NHHtU-unsplash-scaled.jpg\" \/>\n\t<meta property=\"og:image:width\" content=\"2560\" \/>\n\t<meta property=\"og:image:height\" content=\"1707\" \/>\n\t<meta property=\"og:image:type\" content=\"image\/jpeg\" \/>\n<meta name=\"author\" content=\"Marc Alcaraz\" \/>\n<meta name=\"twitter:card\" content=\"summary_large_image\" \/>\n<meta name=\"twitter:label1\" content=\"Escrit per\" \/>\n\t<meta name=\"twitter:data1\" content=\"Marc Alcaraz\" \/>\n\t<meta name=\"twitter:label2\" content=\"Temps estimat de lectura\" \/>\n\t<meta name=\"twitter:data2\" content=\"3 minuts\" \/>\n<script type=\"application\/ld+json\" class=\"yoast-schema-graph\">{\"@context\":\"https:\\\/\\\/schema.org\",\"@graph\":[{\"@type\":\"Article\",\"@id\":\"https:\\\/\\\/www.elcol-legi.org\\\/w\\\/presenta-ja-la-dec-davant-la-generalitat\\\/#article\",\"isPartOf\":{\"@id\":\"https:\\\/\\\/www.elcol-legi.org\\\/w\\\/presenta-ja-la-dec-davant-la-generalitat\\\/\"},\"author\":{\"name\":\"Marc Alcaraz\",\"@id\":\"https:\\\/\\\/www.elcol-legi.org\\\/w\\\/#\\\/schema\\\/person\\\/4283d40fbd72a940d5fff484fe5ec410\"},\"headline\":\"Presenta ja la DEC davant la Generalitat\",\"datePublished\":\"2026-03-04T10:44:03+00:00\",\"mainEntityOfPage\":{\"@id\":\"https:\\\/\\\/www.elcol-legi.org\\\/w\\\/presenta-ja-la-dec-davant-la-generalitat\\\/\"},\"wordCount\":527,\"image\":{\"@id\":\"https:\\\/\\\/www.elcol-legi.org\\\/w\\\/presenta-ja-la-dec-davant-la-generalitat\\\/#primaryimage\"},\"thumbnailUrl\":\"https:\\\/\\\/www.elcol-legi.org\\\/w\\\/wp-content\\\/uploads\\\/2026\\\/03\\\/DEC-giorgio-tomassetti-LtU_A0NHHtU-unsplash-scaled.jpg\",\"keywords\":[\". MedNews 293\",\"MN\"],\"articleSection\":[\"Not\u00edcies\"],\"inLanguage\":\"ca\"},{\"@type\":\"WebPage\",\"@id\":\"https:\\\/\\\/www.elcol-legi.org\\\/w\\\/presenta-ja-la-dec-davant-la-generalitat\\\/\",\"url\":\"https:\\\/\\\/www.elcol-legi.org\\\/w\\\/presenta-ja-la-dec-davant-la-generalitat\\\/\",\"name\":\"Presenta ja la DEC davant la Generalitat - Col-legi de Mediadors d&#039;Assegurances de Barcelona\",\"isPartOf\":{\"@id\":\"https:\\\/\\\/www.elcol-legi.org\\\/w\\\/#website\"},\"primaryImageOfPage\":{\"@id\":\"https:\\\/\\\/www.elcol-legi.org\\\/w\\\/presenta-ja-la-dec-davant-la-generalitat\\\/#primaryimage\"},\"image\":{\"@id\":\"https:\\\/\\\/www.elcol-legi.org\\\/w\\\/presenta-ja-la-dec-davant-la-generalitat\\\/#primaryimage\"},\"thumbnailUrl\":\"https:\\\/\\\/www.elcol-legi.org\\\/w\\\/wp-content\\\/uploads\\\/2026\\\/03\\\/DEC-giorgio-tomassetti-LtU_A0NHHtU-unsplash-scaled.jpg\",\"datePublished\":\"2026-03-04T10:44:03+00:00\",\"author\":{\"@id\":\"https:\\\/\\\/www.elcol-legi.org\\\/w\\\/#\\\/schema\\\/person\\\/4283d40fbd72a940d5fff484fe5ec410\"},\"breadcrumb\":{\"@id\":\"https:\\\/\\\/www.elcol-legi.org\\\/w\\\/presenta-ja-la-dec-davant-la-generalitat\\\/#breadcrumb\"},\"inLanguage\":\"ca\",\"potentialAction\":[{\"@type\":\"ReadAction\",\"target\":[\"https:\\\/\\\/www.elcol-legi.org\\\/w\\\/presenta-ja-la-dec-davant-la-generalitat\\\/\"]}]},{\"@type\":\"ImageObject\",\"inLanguage\":\"ca\",\"@id\":\"https:\\\/\\\/www.elcol-legi.org\\\/w\\\/presenta-ja-la-dec-davant-la-generalitat\\\/#primaryimage\",\"url\":\"https:\\\/\\\/www.elcol-legi.org\\\/w\\\/wp-content\\\/uploads\\\/2026\\\/03\\\/DEC-giorgio-tomassetti-LtU_A0NHHtU-unsplash-scaled.jpg\",\"contentUrl\":\"https:\\\/\\\/www.elcol-legi.org\\\/w\\\/wp-content\\\/uploads\\\/2026\\\/03\\\/DEC-giorgio-tomassetti-LtU_A0NHHtU-unsplash-scaled.jpg\",\"width\":2560,\"height\":1707},{\"@type\":\"BreadcrumbList\",\"@id\":\"https:\\\/\\\/www.elcol-legi.org\\\/w\\\/presenta-ja-la-dec-davant-la-generalitat\\\/#breadcrumb\",\"itemListElement\":[{\"@type\":\"ListItem\",\"position\":1,\"name\":\"Inici\",\"item\":\"https:\\\/\\\/www.elcol-legi.org\\\/w\\\/\"},{\"@type\":\"ListItem\",\"position\":2,\"name\":\"Presenta ja la DEC davant la Generalitat\"}]},{\"@type\":\"WebSite\",\"@id\":\"https:\\\/\\\/www.elcol-legi.org\\\/w\\\/#website\",\"url\":\"https:\\\/\\\/www.elcol-legi.org\\\/w\\\/\",\"name\":\"Col-legi de Mediadors d&#039;Assegurances de Barcelona\",\"description\":\"Support al mediador d&#039;assegurances\",\"potentialAction\":[{\"@type\":\"SearchAction\",\"target\":{\"@type\":\"EntryPoint\",\"urlTemplate\":\"https:\\\/\\\/www.elcol-legi.org\\\/w\\\/?s={search_term_string}\"},\"query-input\":{\"@type\":\"PropertyValueSpecification\",\"valueRequired\":true,\"valueName\":\"search_term_string\"}}],\"inLanguage\":\"ca\"},{\"@type\":\"Person\",\"@id\":\"https:\\\/\\\/www.elcol-legi.org\\\/w\\\/#\\\/schema\\\/person\\\/4283d40fbd72a940d5fff484fe5ec410\",\"name\":\"Marc Alcaraz\",\"image\":{\"@type\":\"ImageObject\",\"inLanguage\":\"ca\",\"@id\":\"https:\\\/\\\/secure.gravatar.com\\\/avatar\\\/e5dee642a130a369f4e8f5fe2d78526e99d5506f34de2f80b7994e63dc58d1b0?s=96&d=mm&r=g\",\"url\":\"https:\\\/\\\/secure.gravatar.com\\\/avatar\\\/e5dee642a130a369f4e8f5fe2d78526e99d5506f34de2f80b7994e63dc58d1b0?s=96&d=mm&r=g\",\"contentUrl\":\"https:\\\/\\\/secure.gravatar.com\\\/avatar\\\/e5dee642a130a369f4e8f5fe2d78526e99d5506f34de2f80b7994e63dc58d1b0?s=96&d=mm&r=g\",\"caption\":\"Marc Alcaraz\"},\"url\":\"https:\\\/\\\/www.elcol-legi.org\\\/w\\\/author\\\/efreire\\\/\"}]}<\/script>\n<!-- \/ Yoast SEO plugin. -->","yoast_head_json":{"title":"Presenta ja la DEC davant la Generalitat - Col-legi de Mediadors d&#039;Assegurances de Barcelona","robots":{"index":"index","follow":"follow","max-snippet":"max-snippet:-1","max-image-preview":"max-image-preview:large","max-video-preview":"max-video-preview:-1"},"canonical":"https:\/\/www.elcol-legi.org\/w\/presenta-ja-la-dec-davant-la-generalitat\/","og_locale":"ca_ES","og_type":"article","og_title":"Presenta ja la DEC davant la Generalitat - Col-legi de Mediadors d&#039;Assegurances de Barcelona","og_description":"[vc_row][vc_column width=&#8221;3\/4&#8243;][vc_column_text css=&#8221;&#8221;] Obert el termini per presentar la DEC davant la Generalitat [\/vc_column_text][stm_spacing lg_spacing=&#8221;6&#8243; md_spacing=&#8221;6&#8243; sm_spacing=&#8221;6&#8243; xs_spacing=&#8221;6&#8243;][vc_column_text css=&#8221;&#8221;]05\/03\/26[\/vc_column_text][vc_column_text css=&#8221;&#8221;] El Col\u00b7legi ajuda els corredors i agents amb els tr\u00e0mits necessaris [\/vc_column_text][vc_single_image source=&#8221;featured_image&#8221; img_size=&#8221;850&#215;350&#8243;][vc_column_text css=&#8221;.vc_custom_1772620881700{margin-bottom: 20px !important;}&#8221;] Tots aquells corredors i agents vinculats que figurin inscrits en el Registre Especial de la Direcci\u00f3 General de","og_url":"https:\/\/www.elcol-legi.org\/w\/presenta-ja-la-dec-davant-la-generalitat\/","og_site_name":"Col-legi de Mediadors d&#039;Assegurances de Barcelona","article_published_time":"2026-03-04T10:44:03+00:00","og_image":[{"width":2560,"height":1707,"url":"https:\/\/www.elcol-legi.org\/w\/wp-content\/uploads\/2026\/03\/DEC-giorgio-tomassetti-LtU_A0NHHtU-unsplash-scaled.jpg","type":"image\/jpeg"}],"author":"Marc Alcaraz","twitter_card":"summary_large_image","twitter_misc":{"Escrit per":"Marc Alcaraz","Temps estimat de lectura":"3 minuts"},"schema":{"@context":"https:\/\/schema.org","@graph":[{"@type":"Article","@id":"https:\/\/www.elcol-legi.org\/w\/presenta-ja-la-dec-davant-la-generalitat\/#article","isPartOf":{"@id":"https:\/\/www.elcol-legi.org\/w\/presenta-ja-la-dec-davant-la-generalitat\/"},"author":{"name":"Marc Alcaraz","@id":"https:\/\/www.elcol-legi.org\/w\/#\/schema\/person\/4283d40fbd72a940d5fff484fe5ec410"},"headline":"Presenta ja la DEC davant la Generalitat","datePublished":"2026-03-04T10:44:03+00:00","mainEntityOfPage":{"@id":"https:\/\/www.elcol-legi.org\/w\/presenta-ja-la-dec-davant-la-generalitat\/"},"wordCount":527,"image":{"@id":"https:\/\/www.elcol-legi.org\/w\/presenta-ja-la-dec-davant-la-generalitat\/#primaryimage"},"thumbnailUrl":"https:\/\/www.elcol-legi.org\/w\/wp-content\/uploads\/2026\/03\/DEC-giorgio-tomassetti-LtU_A0NHHtU-unsplash-scaled.jpg","keywords":[". MedNews 293","MN"],"articleSection":["Not\u00edcies"],"inLanguage":"ca"},{"@type":"WebPage","@id":"https:\/\/www.elcol-legi.org\/w\/presenta-ja-la-dec-davant-la-generalitat\/","url":"https:\/\/www.elcol-legi.org\/w\/presenta-ja-la-dec-davant-la-generalitat\/","name":"Presenta ja la DEC davant la Generalitat - Col-legi de Mediadors d&#039;Assegurances de Barcelona","isPartOf":{"@id":"https:\/\/www.elcol-legi.org\/w\/#website"},"primaryImageOfPage":{"@id":"https:\/\/www.elcol-legi.org\/w\/presenta-ja-la-dec-davant-la-generalitat\/#primaryimage"},"image":{"@id":"https:\/\/www.elcol-legi.org\/w\/presenta-ja-la-dec-davant-la-generalitat\/#primaryimage"},"thumbnailUrl":"https:\/\/www.elcol-legi.org\/w\/wp-content\/uploads\/2026\/03\/DEC-giorgio-tomassetti-LtU_A0NHHtU-unsplash-scaled.jpg","datePublished":"2026-03-04T10:44:03+00:00","author":{"@id":"https:\/\/www.elcol-legi.org\/w\/#\/schema\/person\/4283d40fbd72a940d5fff484fe5ec410"},"breadcrumb":{"@id":"https:\/\/www.elcol-legi.org\/w\/presenta-ja-la-dec-davant-la-generalitat\/#breadcrumb"},"inLanguage":"ca","potentialAction":[{"@type":"ReadAction","target":["https:\/\/www.elcol-legi.org\/w\/presenta-ja-la-dec-davant-la-generalitat\/"]}]},{"@type":"ImageObject","inLanguage":"ca","@id":"https:\/\/www.elcol-legi.org\/w\/presenta-ja-la-dec-davant-la-generalitat\/#primaryimage","url":"https:\/\/www.elcol-legi.org\/w\/wp-content\/uploads\/2026\/03\/DEC-giorgio-tomassetti-LtU_A0NHHtU-unsplash-scaled.jpg","contentUrl":"https:\/\/www.elcol-legi.org\/w\/wp-content\/uploads\/2026\/03\/DEC-giorgio-tomassetti-LtU_A0NHHtU-unsplash-scaled.jpg","width":2560,"height":1707},{"@type":"BreadcrumbList","@id":"https:\/\/www.elcol-legi.org\/w\/presenta-ja-la-dec-davant-la-generalitat\/#breadcrumb","itemListElement":[{"@type":"ListItem","position":1,"name":"Inici","item":"https:\/\/www.elcol-legi.org\/w\/"},{"@type":"ListItem","position":2,"name":"Presenta ja la DEC davant la Generalitat"}]},{"@type":"WebSite","@id":"https:\/\/www.elcol-legi.org\/w\/#website","url":"https:\/\/www.elcol-legi.org\/w\/","name":"Col-legi de Mediadors d&#039;Assegurances de Barcelona","description":"Support al mediador d&#039;assegurances","potentialAction":[{"@type":"SearchAction","target":{"@type":"EntryPoint","urlTemplate":"https:\/\/www.elcol-legi.org\/w\/?s={search_term_string}"},"query-input":{"@type":"PropertyValueSpecification","valueRequired":true,"valueName":"search_term_string"}}],"inLanguage":"ca"},{"@type":"Person","@id":"https:\/\/www.elcol-legi.org\/w\/#\/schema\/person\/4283d40fbd72a940d5fff484fe5ec410","name":"Marc Alcaraz","image":{"@type":"ImageObject","inLanguage":"ca","@id":"https:\/\/secure.gravatar.com\/avatar\/e5dee642a130a369f4e8f5fe2d78526e99d5506f34de2f80b7994e63dc58d1b0?s=96&d=mm&r=g","url":"https:\/\/secure.gravatar.com\/avatar\/e5dee642a130a369f4e8f5fe2d78526e99d5506f34de2f80b7994e63dc58d1b0?s=96&d=mm&r=g","contentUrl":"https:\/\/secure.gravatar.com\/avatar\/e5dee642a130a369f4e8f5fe2d78526e99d5506f34de2f80b7994e63dc58d1b0?s=96&d=mm&r=g","caption":"Marc Alcaraz"},"url":"https:\/\/www.elcol-legi.org\/w\/author\/efreire\/"}]}},"_links":{"self":[{"href":"https:\/\/www.elcol-legi.org\/w\/wp-json\/wp\/v2\/posts\/26941","targetHints":{"allow":["GET"]}}],"collection":[{"href":"https:\/\/www.elcol-legi.org\/w\/wp-json\/wp\/v2\/posts"}],"about":[{"href":"https:\/\/www.elcol-legi.org\/w\/wp-json\/wp\/v2\/types\/post"}],"author":[{"embeddable":true,"href":"https:\/\/www.elcol-legi.org\/w\/wp-json\/wp\/v2\/users\/562"}],"replies":[{"embeddable":true,"href":"https:\/\/www.elcol-legi.org\/w\/wp-json\/wp\/v2\/comments?post=26941"}],"version-history":[{"count":1,"href":"https:\/\/www.elcol-legi.org\/w\/wp-json\/wp\/v2\/posts\/26941\/revisions"}],"predecessor-version":[{"id":26945,"href":"https:\/\/www.elcol-legi.org\/w\/wp-json\/wp\/v2\/posts\/26941\/revisions\/26945"}],"wp:featuredmedia":[{"embeddable":true,"href":"https:\/\/www.elcol-legi.org\/w\/wp-json\/wp\/v2\/media\/26942"}],"wp:attachment":[{"href":"https:\/\/www.elcol-legi.org\/w\/wp-json\/wp\/v2\/media?parent=26941"}],"wp:term":[{"taxonomy":"category","embeddable":true,"href":"https:\/\/www.elcol-legi.org\/w\/wp-json\/wp\/v2\/categories?post=26941"},{"taxonomy":"post_tag","embeddable":true,"href":"https:\/\/www.elcol-legi.org\/w\/wp-json\/wp\/v2\/tags?post=26941"}],"curies":[{"name":"wp","href":"https:\/\/api.w.org\/{rel}","templated":true}]}}