{"id":26963,"date":"2026-03-04T13:55:52","date_gmt":"2026-03-04T11:55:52","guid":{"rendered":"https:\/\/www.elcol-legi.org\/w\/?p=26963"},"modified":"2026-03-09T12:40:16","modified_gmt":"2026-03-09T10:40:16","slug":"conservant-la-memoria-historica","status":"publish","type":"post","link":"https:\/\/www.elcol-legi.org\/w\/conservant-la-memoria-historica\/","title":{"rendered":"Conservant la mem\u00f2ria hist\u00f2rica"},"content":{"rendered":"<div class=\"wpb-content-wrapper\"><p>[vc_row][vc_column width=&#8221;3\/4&#8243;][vc_column_text css=&#8221;&#8221;]<\/p>\n<p class=\"p1\"><b>Donaci\u00f3 de plaques hist\u00f2riques d\u2019assegurances<\/b><b><\/b><\/p>\n<p>[\/vc_column_text][stm_spacing lg_spacing=&#8221;6&#8243; md_spacing=&#8221;6&#8243; sm_spacing=&#8221;6&#8243; xs_spacing=&#8221;6&#8243;][vc_column_text css=&#8221;&#8221;]<em>05\/03\/2026<\/em>[\/vc_column_text][vc_column_text css=&#8221;&#8221;]<em>El Col\u00b7legi potencia el seu paper de dipositari de la mem\u00f2ria hist\u00f2rica del sector<\/em>[\/vc_column_text][vc_single_image image=&#8221;27002&#8243; img_size=&#8221;full&#8221; css=&#8221;&#8221;][vc_column_text css=&#8221;.vc_custom_1773052792967{margin-bottom: 20px !important;}&#8221;]<\/p>\n<p class=\"p1\">El Col\u00b7legi de Mediadors d\u2019Assegurances de Barcelona ha incorporat al seu patrimoni hist\u00f2ric una col\u00b7lecci\u00f3 singular: desenes de plaques met\u00e0l\u00b7liques de companyies asseguradores donades per <b>Mart\u00edn Navaz<\/b>, CEO de PIB Group Iberia i<strong>\u00a0Gabriel Cereto,<\/strong>\u00a0CEO en PIB Group Espa\u00f1a.\u00a0Cada una d\u2019aquestes plaques correspon a una companyia diferent i constitueix un testimoni tangible d\u2019una \u00e8poca en qu\u00e8 era habitual que les asseguradores lliressin als seus agents i corredors una placa corporativa per exhibir-la a les seves oficines com a s\u00edmbol de representaci\u00f3 i confian\u00e7a.<\/p>\n<p class=\"p1\">Durant d\u00e8cades, aquestes plaques van formar part del paisatge habitual de despatxos i corredories. Col\u00b7locades en llocs visibles, acreditaven la vinculaci\u00f3 professional amb cada entitat i transmetien al client solv\u00e8ncia, suport i pertinen\u00e7a a una xarxa asseguradora s\u00f2lida. Eren, en definitiva, una manifestaci\u00f3 f\u00edsica de la relaci\u00f3 entre companyies i mediadors.<\/p>\n<p class=\"p1\">Amb el pas del temps, i en un sector cada vegada m\u00e9s digitalitzat, moltes d\u2019aquestes peces van anar desapareixent de les oficines. Tanmateix, el seu valor simb\u00f2lic i documental es mant\u00e9 intacte. S\u00f3n petites peces met\u00e0l\u00b7liques que expliquen una gran hist\u00f2ria: l\u2019evoluci\u00f3 del sector assegurador, la transformaci\u00f3 de les marques, els canvis en la identitat corporativa i la consolidaci\u00f3 de la mediaci\u00f3 com a canal professional.<\/p>\n<p class=\"p2\"><b>El Col\u00b7legi com a dipositari de la tradici\u00f3<\/b><\/p>\n<p class=\"p1\">El Col\u00b7legi ja comptava amb una paret emblem\u00e0tica on s\u2019exposen nombroses plaques hist\u00f2riques de companyies, configurant un aut\u00e8ntic mural de mem\u00f2ria asseguradora. Amb la donaci\u00f3 de Mart\u00edn Navaz i Gabriel Cereto, aquest espai s\u2019amplia i s\u2019enriqueix, refor\u00e7ant el paper de la instituci\u00f3 com a <b>conservadora de la hist\u00f2ria i diposit\u00e0ria de la tradici\u00f3 de la mediaci\u00f3<\/b>.<\/p>\n<p class=\"p1\">M\u00e9s enll\u00e0 del gest material, la donaci\u00f3 t\u00e9 un profund significat: representa el reconeixement de la import\u00e0ncia de preservar els s\u00edmbols que han acompanyat generacions de professionals. Cada placa no nom\u00e9s identifica una companyia; evoca traject\u00f2ries, relacions comercials, confian\u00e7a constru\u00efda al llarg dels anys i l\u2019orgull de pertinen\u00e7a a una professi\u00f3 amb arrels s\u00f2lides.<\/p>\n<p class=\"p1\">El gest de Mart\u00edn Navaz i Gabriel Cereto posa en valor la mem\u00f2ria col\u00b7lectiva del sector i subratlla la responsabilitat de les institucions professionals en la conservaci\u00f3 d\u2019aquest llegat. En un entorn marcat per la innovaci\u00f3 i el canvi constant, mantenir viva la hist\u00f2ria \u00e9s tamb\u00e9 una manera de projectar el futur amb identitat.<\/p>\n<p class=\"p1\">L\u2019ampliaci\u00f3 del mural de plaques a la seu col\u00b7legial no \u00e9s \u00fanicament un acte est\u00e8tic o decoratiu. \u00c9s una declaraci\u00f3 de principis: la mediaci\u00f3 no nom\u00e9s evoluciona, sin\u00f3 que tamb\u00e9 honra la seva traject\u00f2ria. I el Col\u00b7legi, com a casa comuna dels mediadors, assumeix amb orgull aquest paper de custodi de la tradici\u00f3.<\/p>\n<p class=\"p1\">Perqu\u00e8 entendre d\u2019on venim \u00e9s essencial per saber cap a on volem anar.<\/p>\n<p>[\/vc_column_text][vc_row_inner][vc_column_inner width=&#8221;1\/6&#8243;][\/vc_column_inner][vc_column_inner width=&#8221;1\/6&#8243;][\/vc_column_inner][vc_column_inner width=&#8221;1\/6&#8243;][\/vc_column_inner][vc_column_inner width=&#8221;1\/6&#8243;][\/vc_column_inner][\/vc_row_inner][\/vc_column][vc_column width=&#8221;1\/4&#8243;][stm_spacing lg_spacing=&#8221;50&#8243; md_spacing=&#8221;50&#8243; sm_spacing=&#8221;50&#8243; xs_spacing=&#8221;50&#8243;][vc_column_text]<\/p>\n<h2>\u00daltimes not\u00edcies<\/h2>\n<p>[\/vc_column_text][stm_news loop=&#8221;size:4|order_by:date|order:DESC|post_type:post|categories:8&#8243; posts_per_row=&#8221;2&#8243;][\/vc_column][\/vc_row]<\/p>\n<\/div>","protected":false},"excerpt":{"rendered":"<p>[vc_row][vc_column width=&#8221;3\/4&#8243;][vc_column_text css=&#8221;&#8221;] Donaci\u00f3 de plaques hist\u00f2riques d\u2019assegurances [\/vc_column_text][stm_spacing lg_spacing=&#8221;6&#8243; md_spacing=&#8221;6&#8243; sm_spacing=&#8221;6&#8243; xs_spacing=&#8221;6&#8243;][vc_column_text css=&#8221;&#8221;]05\/03\/2026[\/vc_column_text][vc_column_text css=&#8221;&#8221;]El Col\u00b7legi potencia el seu paper de dipositari de la mem\u00f2ria hist\u00f2rica del sector[\/vc_column_text][vc_single_image image=&#8221;27002&#8243; img_size=&#8221;full&#8221; css=&#8221;&#8221;][vc_column_text css=&#8221;.vc_custom_1773052792967{margin-bottom: 20px !important;}&#8221;] El Col\u00b7legi de Mediadors d\u2019Assegurances de Barcelona ha incorporat al seu patrimoni hist\u00f2ric una col\u00b7lecci\u00f3 singular: desenes de plaques met\u00e0l\u00b7liques de<\/p>\n","protected":false},"author":562,"featured_media":26995,"comment_status":"closed","ping_status":"open","sticky":false,"template":"","format":"standard","meta":{"footnotes":""},"categories":[8],"tags":[2158,1868],"class_list":["post-26963","post","type-post","status-publish","format-standard","has-post-thumbnail","hentry","category-noticies","tag-mednews-293","tag-mn-2"],"yoast_head":"<!-- This site is optimized with the Yoast SEO plugin v27.5 - https:\/\/yoast.com\/product\/yoast-seo-wordpress\/ -->\n<title>Conservant la mem\u00f2ria hist\u00f2rica - Col-legi de Mediadors d&#039;Assegurances de Barcelona<\/title>\n<meta name=\"robots\" content=\"index, follow, max-snippet:-1, max-image-preview:large, max-video-preview:-1\" \/>\n<link rel=\"canonical\" href=\"https:\/\/www.elcol-legi.org\/w\/conservant-la-memoria-historica\/\" \/>\n<meta property=\"og:locale\" content=\"ca_ES\" \/>\n<meta property=\"og:type\" content=\"article\" \/>\n<meta property=\"og:title\" content=\"Conservant la mem\u00f2ria hist\u00f2rica - Col-legi de Mediadors d&#039;Assegurances de Barcelona\" \/>\n<meta property=\"og:description\" content=\"[vc_row][vc_column width=&#8221;3\/4&#8243;][vc_column_text css=&#8221;&#8221;] Donaci\u00f3 de plaques hist\u00f2riques d\u2019assegurances [\/vc_column_text][stm_spacing lg_spacing=&#8221;6&#8243; md_spacing=&#8221;6&#8243; sm_spacing=&#8221;6&#8243; xs_spacing=&#8221;6&#8243;][vc_column_text css=&#8221;&#8221;]05\/03\/2026[\/vc_column_text][vc_column_text css=&#8221;&#8221;]El Col\u00b7legi potencia el seu paper de dipositari de la mem\u00f2ria hist\u00f2rica del sector[\/vc_column_text][vc_single_image image=&#8221;27002&#8243; img_size=&#8221;full&#8221; css=&#8221;&#8221;][vc_column_text css=&#8221;.vc_custom_1773052792967{margin-bottom: 20px !important;}&#8221;] El Col\u00b7legi de Mediadors d\u2019Assegurances de Barcelona ha incorporat al seu patrimoni hist\u00f2ric una col\u00b7lecci\u00f3 singular: desenes de plaques met\u00e0l\u00b7liques de\" \/>\n<meta property=\"og:url\" content=\"https:\/\/www.elcol-legi.org\/w\/conservant-la-memoria-historica\/\" \/>\n<meta property=\"og:site_name\" content=\"Col-legi de Mediadors d&#039;Assegurances de Barcelona\" \/>\n<meta property=\"article:published_time\" content=\"2026-03-04T11:55:52+00:00\" \/>\n<meta property=\"article:modified_time\" content=\"2026-03-09T10:40:16+00:00\" \/>\n<meta property=\"og:image\" content=\"https:\/\/www.elcol-legi.org\/w\/wp-content\/uploads\/2026\/03\/92671a40-34f6-4c54-88f3-cc583744e3e9.jpg\" \/>\n\t<meta property=\"og:image:width\" content=\"1200\" \/>\n\t<meta property=\"og:image:height\" content=\"1600\" \/>\n\t<meta property=\"og:image:type\" content=\"image\/jpeg\" \/>\n<meta name=\"author\" content=\"Marc Alcaraz\" \/>\n<meta name=\"twitter:card\" content=\"summary_large_image\" \/>\n<meta name=\"twitter:label1\" content=\"Escrit per\" \/>\n\t<meta name=\"twitter:data1\" content=\"Marc Alcaraz\" \/>\n\t<meta name=\"twitter:label2\" content=\"Temps estimat de lectura\" \/>\n\t<meta name=\"twitter:data2\" content=\"4 minuts\" \/>\n<script type=\"application\/ld+json\" class=\"yoast-schema-graph\">{\"@context\":\"https:\\\/\\\/schema.org\",\"@graph\":[{\"@type\":\"Article\",\"@id\":\"https:\\\/\\\/www.elcol-legi.org\\\/w\\\/conservant-la-memoria-historica\\\/#article\",\"isPartOf\":{\"@id\":\"https:\\\/\\\/www.elcol-legi.org\\\/w\\\/conservant-la-memoria-historica\\\/\"},\"author\":{\"name\":\"Marc Alcaraz\",\"@id\":\"https:\\\/\\\/www.elcol-legi.org\\\/w\\\/#\\\/schema\\\/person\\\/4283d40fbd72a940d5fff484fe5ec410\"},\"headline\":\"Conservant la mem\u00f2ria hist\u00f2rica\",\"datePublished\":\"2026-03-04T11:55:52+00:00\",\"dateModified\":\"2026-03-09T10:40:16+00:00\",\"mainEntityOfPage\":{\"@id\":\"https:\\\/\\\/www.elcol-legi.org\\\/w\\\/conservant-la-memoria-historica\\\/\"},\"wordCount\":665,\"image\":{\"@id\":\"https:\\\/\\\/www.elcol-legi.org\\\/w\\\/conservant-la-memoria-historica\\\/#primaryimage\"},\"thumbnailUrl\":\"https:\\\/\\\/www.elcol-legi.org\\\/w\\\/wp-content\\\/uploads\\\/2026\\\/03\\\/92671a40-34f6-4c54-88f3-cc583744e3e9.jpg\",\"keywords\":[\". MedNews 293\",\"MN\"],\"articleSection\":[\"Not\u00edcies\"],\"inLanguage\":\"ca\"},{\"@type\":\"WebPage\",\"@id\":\"https:\\\/\\\/www.elcol-legi.org\\\/w\\\/conservant-la-memoria-historica\\\/\",\"url\":\"https:\\\/\\\/www.elcol-legi.org\\\/w\\\/conservant-la-memoria-historica\\\/\",\"name\":\"Conservant la mem\u00f2ria hist\u00f2rica - Col-legi de Mediadors d&#039;Assegurances de Barcelona\",\"isPartOf\":{\"@id\":\"https:\\\/\\\/www.elcol-legi.org\\\/w\\\/#website\"},\"primaryImageOfPage\":{\"@id\":\"https:\\\/\\\/www.elcol-legi.org\\\/w\\\/conservant-la-memoria-historica\\\/#primaryimage\"},\"image\":{\"@id\":\"https:\\\/\\\/www.elcol-legi.org\\\/w\\\/conservant-la-memoria-historica\\\/#primaryimage\"},\"thumbnailUrl\":\"https:\\\/\\\/www.elcol-legi.org\\\/w\\\/wp-content\\\/uploads\\\/2026\\\/03\\\/92671a40-34f6-4c54-88f3-cc583744e3e9.jpg\",\"datePublished\":\"2026-03-04T11:55:52+00:00\",\"dateModified\":\"2026-03-09T10:40:16+00:00\",\"author\":{\"@id\":\"https:\\\/\\\/www.elcol-legi.org\\\/w\\\/#\\\/schema\\\/person\\\/4283d40fbd72a940d5fff484fe5ec410\"},\"breadcrumb\":{\"@id\":\"https:\\\/\\\/www.elcol-legi.org\\\/w\\\/conservant-la-memoria-historica\\\/#breadcrumb\"},\"inLanguage\":\"ca\",\"potentialAction\":[{\"@type\":\"ReadAction\",\"target\":[\"https:\\\/\\\/www.elcol-legi.org\\\/w\\\/conservant-la-memoria-historica\\\/\"]}]},{\"@type\":\"ImageObject\",\"inLanguage\":\"ca\",\"@id\":\"https:\\\/\\\/www.elcol-legi.org\\\/w\\\/conservant-la-memoria-historica\\\/#primaryimage\",\"url\":\"https:\\\/\\\/www.elcol-legi.org\\\/w\\\/wp-content\\\/uploads\\\/2026\\\/03\\\/92671a40-34f6-4c54-88f3-cc583744e3e9.jpg\",\"contentUrl\":\"https:\\\/\\\/www.elcol-legi.org\\\/w\\\/wp-content\\\/uploads\\\/2026\\\/03\\\/92671a40-34f6-4c54-88f3-cc583744e3e9.jpg\",\"width\":1200,\"height\":1600},{\"@type\":\"BreadcrumbList\",\"@id\":\"https:\\\/\\\/www.elcol-legi.org\\\/w\\\/conservant-la-memoria-historica\\\/#breadcrumb\",\"itemListElement\":[{\"@type\":\"ListItem\",\"position\":1,\"name\":\"Inici\",\"item\":\"https:\\\/\\\/www.elcol-legi.org\\\/w\\\/\"},{\"@type\":\"ListItem\",\"position\":2,\"name\":\"Conservant la mem\u00f2ria hist\u00f2rica\"}]},{\"@type\":\"WebSite\",\"@id\":\"https:\\\/\\\/www.elcol-legi.org\\\/w\\\/#website\",\"url\":\"https:\\\/\\\/www.elcol-legi.org\\\/w\\\/\",\"name\":\"Col-legi de Mediadors d&#039;Assegurances de Barcelona\",\"description\":\"Support al mediador d&#039;assegurances\",\"potentialAction\":[{\"@type\":\"SearchAction\",\"target\":{\"@type\":\"EntryPoint\",\"urlTemplate\":\"https:\\\/\\\/www.elcol-legi.org\\\/w\\\/?s={search_term_string}\"},\"query-input\":{\"@type\":\"PropertyValueSpecification\",\"valueRequired\":true,\"valueName\":\"search_term_string\"}}],\"inLanguage\":\"ca\"},{\"@type\":\"Person\",\"@id\":\"https:\\\/\\\/www.elcol-legi.org\\\/w\\\/#\\\/schema\\\/person\\\/4283d40fbd72a940d5fff484fe5ec410\",\"name\":\"Marc Alcaraz\",\"image\":{\"@type\":\"ImageObject\",\"inLanguage\":\"ca\",\"@id\":\"https:\\\/\\\/secure.gravatar.com\\\/avatar\\\/e5dee642a130a369f4e8f5fe2d78526e99d5506f34de2f80b7994e63dc58d1b0?s=96&d=mm&r=g\",\"url\":\"https:\\\/\\\/secure.gravatar.com\\\/avatar\\\/e5dee642a130a369f4e8f5fe2d78526e99d5506f34de2f80b7994e63dc58d1b0?s=96&d=mm&r=g\",\"contentUrl\":\"https:\\\/\\\/secure.gravatar.com\\\/avatar\\\/e5dee642a130a369f4e8f5fe2d78526e99d5506f34de2f80b7994e63dc58d1b0?s=96&d=mm&r=g\",\"caption\":\"Marc Alcaraz\"},\"url\":\"https:\\\/\\\/www.elcol-legi.org\\\/w\\\/author\\\/efreire\\\/\"}]}<\/script>\n<!-- \/ Yoast SEO plugin. -->","yoast_head_json":{"title":"Conservant la mem\u00f2ria hist\u00f2rica - Col-legi de Mediadors d&#039;Assegurances de Barcelona","robots":{"index":"index","follow":"follow","max-snippet":"max-snippet:-1","max-image-preview":"max-image-preview:large","max-video-preview":"max-video-preview:-1"},"canonical":"https:\/\/www.elcol-legi.org\/w\/conservant-la-memoria-historica\/","og_locale":"ca_ES","og_type":"article","og_title":"Conservant la mem\u00f2ria hist\u00f2rica - Col-legi de Mediadors d&#039;Assegurances de Barcelona","og_description":"[vc_row][vc_column width=&#8221;3\/4&#8243;][vc_column_text css=&#8221;&#8221;] Donaci\u00f3 de plaques hist\u00f2riques d\u2019assegurances [\/vc_column_text][stm_spacing lg_spacing=&#8221;6&#8243; md_spacing=&#8221;6&#8243; sm_spacing=&#8221;6&#8243; xs_spacing=&#8221;6&#8243;][vc_column_text css=&#8221;&#8221;]05\/03\/2026[\/vc_column_text][vc_column_text css=&#8221;&#8221;]El Col\u00b7legi potencia el seu paper de dipositari de la mem\u00f2ria hist\u00f2rica del sector[\/vc_column_text][vc_single_image image=&#8221;27002&#8243; img_size=&#8221;full&#8221; css=&#8221;&#8221;][vc_column_text css=&#8221;.vc_custom_1773052792967{margin-bottom: 20px !important;}&#8221;] El Col\u00b7legi de Mediadors d\u2019Assegurances de Barcelona ha incorporat al seu patrimoni hist\u00f2ric una col\u00b7lecci\u00f3 singular: desenes de plaques met\u00e0l\u00b7liques de","og_url":"https:\/\/www.elcol-legi.org\/w\/conservant-la-memoria-historica\/","og_site_name":"Col-legi de Mediadors d&#039;Assegurances de Barcelona","article_published_time":"2026-03-04T11:55:52+00:00","article_modified_time":"2026-03-09T10:40:16+00:00","og_image":[{"width":1200,"height":1600,"url":"https:\/\/www.elcol-legi.org\/w\/wp-content\/uploads\/2026\/03\/92671a40-34f6-4c54-88f3-cc583744e3e9.jpg","type":"image\/jpeg"}],"author":"Marc Alcaraz","twitter_card":"summary_large_image","twitter_misc":{"Escrit per":"Marc Alcaraz","Temps estimat de lectura":"4 minuts"},"schema":{"@context":"https:\/\/schema.org","@graph":[{"@type":"Article","@id":"https:\/\/www.elcol-legi.org\/w\/conservant-la-memoria-historica\/#article","isPartOf":{"@id":"https:\/\/www.elcol-legi.org\/w\/conservant-la-memoria-historica\/"},"author":{"name":"Marc Alcaraz","@id":"https:\/\/www.elcol-legi.org\/w\/#\/schema\/person\/4283d40fbd72a940d5fff484fe5ec410"},"headline":"Conservant la mem\u00f2ria hist\u00f2rica","datePublished":"2026-03-04T11:55:52+00:00","dateModified":"2026-03-09T10:40:16+00:00","mainEntityOfPage":{"@id":"https:\/\/www.elcol-legi.org\/w\/conservant-la-memoria-historica\/"},"wordCount":665,"image":{"@id":"https:\/\/www.elcol-legi.org\/w\/conservant-la-memoria-historica\/#primaryimage"},"thumbnailUrl":"https:\/\/www.elcol-legi.org\/w\/wp-content\/uploads\/2026\/03\/92671a40-34f6-4c54-88f3-cc583744e3e9.jpg","keywords":[". MedNews 293","MN"],"articleSection":["Not\u00edcies"],"inLanguage":"ca"},{"@type":"WebPage","@id":"https:\/\/www.elcol-legi.org\/w\/conservant-la-memoria-historica\/","url":"https:\/\/www.elcol-legi.org\/w\/conservant-la-memoria-historica\/","name":"Conservant la mem\u00f2ria hist\u00f2rica - Col-legi de Mediadors d&#039;Assegurances de Barcelona","isPartOf":{"@id":"https:\/\/www.elcol-legi.org\/w\/#website"},"primaryImageOfPage":{"@id":"https:\/\/www.elcol-legi.org\/w\/conservant-la-memoria-historica\/#primaryimage"},"image":{"@id":"https:\/\/www.elcol-legi.org\/w\/conservant-la-memoria-historica\/#primaryimage"},"thumbnailUrl":"https:\/\/www.elcol-legi.org\/w\/wp-content\/uploads\/2026\/03\/92671a40-34f6-4c54-88f3-cc583744e3e9.jpg","datePublished":"2026-03-04T11:55:52+00:00","dateModified":"2026-03-09T10:40:16+00:00","author":{"@id":"https:\/\/www.elcol-legi.org\/w\/#\/schema\/person\/4283d40fbd72a940d5fff484fe5ec410"},"breadcrumb":{"@id":"https:\/\/www.elcol-legi.org\/w\/conservant-la-memoria-historica\/#breadcrumb"},"inLanguage":"ca","potentialAction":[{"@type":"ReadAction","target":["https:\/\/www.elcol-legi.org\/w\/conservant-la-memoria-historica\/"]}]},{"@type":"ImageObject","inLanguage":"ca","@id":"https:\/\/www.elcol-legi.org\/w\/conservant-la-memoria-historica\/#primaryimage","url":"https:\/\/www.elcol-legi.org\/w\/wp-content\/uploads\/2026\/03\/92671a40-34f6-4c54-88f3-cc583744e3e9.jpg","contentUrl":"https:\/\/www.elcol-legi.org\/w\/wp-content\/uploads\/2026\/03\/92671a40-34f6-4c54-88f3-cc583744e3e9.jpg","width":1200,"height":1600},{"@type":"BreadcrumbList","@id":"https:\/\/www.elcol-legi.org\/w\/conservant-la-memoria-historica\/#breadcrumb","itemListElement":[{"@type":"ListItem","position":1,"name":"Inici","item":"https:\/\/www.elcol-legi.org\/w\/"},{"@type":"ListItem","position":2,"name":"Conservant la mem\u00f2ria hist\u00f2rica"}]},{"@type":"WebSite","@id":"https:\/\/www.elcol-legi.org\/w\/#website","url":"https:\/\/www.elcol-legi.org\/w\/","name":"Col-legi de Mediadors d&#039;Assegurances de Barcelona","description":"Support al mediador d&#039;assegurances","potentialAction":[{"@type":"SearchAction","target":{"@type":"EntryPoint","urlTemplate":"https:\/\/www.elcol-legi.org\/w\/?s={search_term_string}"},"query-input":{"@type":"PropertyValueSpecification","valueRequired":true,"valueName":"search_term_string"}}],"inLanguage":"ca"},{"@type":"Person","@id":"https:\/\/www.elcol-legi.org\/w\/#\/schema\/person\/4283d40fbd72a940d5fff484fe5ec410","name":"Marc Alcaraz","image":{"@type":"ImageObject","inLanguage":"ca","@id":"https:\/\/secure.gravatar.com\/avatar\/e5dee642a130a369f4e8f5fe2d78526e99d5506f34de2f80b7994e63dc58d1b0?s=96&d=mm&r=g","url":"https:\/\/secure.gravatar.com\/avatar\/e5dee642a130a369f4e8f5fe2d78526e99d5506f34de2f80b7994e63dc58d1b0?s=96&d=mm&r=g","contentUrl":"https:\/\/secure.gravatar.com\/avatar\/e5dee642a130a369f4e8f5fe2d78526e99d5506f34de2f80b7994e63dc58d1b0?s=96&d=mm&r=g","caption":"Marc Alcaraz"},"url":"https:\/\/www.elcol-legi.org\/w\/author\/efreire\/"}]}},"_links":{"self":[{"href":"https:\/\/www.elcol-legi.org\/w\/wp-json\/wp\/v2\/posts\/26963","targetHints":{"allow":["GET"]}}],"collection":[{"href":"https:\/\/www.elcol-legi.org\/w\/wp-json\/wp\/v2\/posts"}],"about":[{"href":"https:\/\/www.elcol-legi.org\/w\/wp-json\/wp\/v2\/types\/post"}],"author":[{"embeddable":true,"href":"https:\/\/www.elcol-legi.org\/w\/wp-json\/wp\/v2\/users\/562"}],"replies":[{"embeddable":true,"href":"https:\/\/www.elcol-legi.org\/w\/wp-json\/wp\/v2\/comments?post=26963"}],"version-history":[{"count":5,"href":"https:\/\/www.elcol-legi.org\/w\/wp-json\/wp\/v2\/posts\/26963\/revisions"}],"predecessor-version":[{"id":27026,"href":"https:\/\/www.elcol-legi.org\/w\/wp-json\/wp\/v2\/posts\/26963\/revisions\/27026"}],"wp:featuredmedia":[{"embeddable":true,"href":"https:\/\/www.elcol-legi.org\/w\/wp-json\/wp\/v2\/media\/26995"}],"wp:attachment":[{"href":"https:\/\/www.elcol-legi.org\/w\/wp-json\/wp\/v2\/media?parent=26963"}],"wp:term":[{"taxonomy":"category","embeddable":true,"href":"https:\/\/www.elcol-legi.org\/w\/wp-json\/wp\/v2\/categories?post=26963"},{"taxonomy":"post_tag","embeddable":true,"href":"https:\/\/www.elcol-legi.org\/w\/wp-json\/wp\/v2\/tags?post=26963"}],"curies":[{"name":"wp","href":"https:\/\/api.w.org\/{rel}","templated":true}]}}