{"id":26974,"date":"2026-03-04T14:34:06","date_gmt":"2026-03-04T12:34:06","guid":{"rendered":"https:\/\/www.elcol-legi.org\/w\/?p=26974"},"modified":"2026-03-04T14:46:55","modified_gmt":"2026-03-04T12:46:55","slug":"mediario-dossier-22","status":"publish","type":"post","link":"https:\/\/www.elcol-legi.org\/w\/mediario-dossier-22\/","title":{"rendered":"Mediario Dossier #22"},"content":{"rendered":"<div class=\"wpb-content-wrapper\"><p>[vc_row][vc_column width=&#8221;3\/4&#8243;][vc_column_text css=&#8221;&#8221;]<\/p>\n<h2 data-start=\"0\" data-end=\"56\"><strong data-start=\"0\" data-end=\"56\">MEDIARIO DOSSIER \/ Les empreses, una gran oportunitat<\/strong><\/h2>\n<p>[\/vc_column_text][stm_spacing lg_spacing=&#8221;6&#8243; md_spacing=&#8221;6&#8243; sm_spacing=&#8221;6&#8243; xs_spacing=&#8221;6&#8243;][vc_column_text css=&#8221;&#8221;]<em>05\/03\/03<\/em>[\/vc_column_text][vc_column_text css=&#8221;&#8221;]<\/p>\n<p data-start=\"58\" data-end=\"128\"><em>El mediador \u00e9s una pe\u00e7a clau per la seva capacitat d\u2019assessorament<\/em><\/p>\n<p>[\/vc_column_text][vc_single_image source=&#8221;featured_image&#8221; img_size=&#8221;850&#215;350&#8243;][vc_column_text css=&#8221;.vc_custom_1772627207307{margin-bottom: 20px !important;}&#8221;]<\/p>\n<div class=\"flex h-svh w-screen flex-col\">\n<div class=\"relative z-0 flex min-h-0 w-full flex-1\">\n<div class=\"relative flex min-h-0 w-full flex-1\">\n<div class=\"@container\/main relative flex min-w-0 flex-1 flex-col -translate-y-[calc(env(safe-area-inset-bottom,0px)\/2)] pt-[calc(env(safe-area-inset-bottom,0px)\/2)]\">\n<div class=\"@w-sm\/main:[scrollbar-gutter:stable_both-edges] touch:[scrollbar-width:none] relative flex min-h-0 min-w-0 flex-1 flex-col [scrollbar-gutter:stable] not-print:overflow-x-clip not-print:overflow-y-auto scroll-pt-(--header-height) [--sticky-padding-top:var(--header-height)] has-data-[fixed-header=less-than-xl]:@w-xl\/main:scroll-pt-0 has-data-[fixed-header=less-than-xl]:@w-xl\/main:[--sticky-padding-top:0px] has-data-[fixed-header=less-than-xxl]:@w-2xl\/main:scroll-pt-0 has-data-[fixed-header=less-than-xxl]:@w-2xl\/main:[--sticky-padding-top:0px]\" data-scroll-root=\"\">\n<p>&nbsp;<\/p>\n<div id=\"thread\" class=\"group\/thread flex flex-col min-h-full\">\n<div class=\"composer-parent flex flex-1 flex-col focus-visible:outline-0\" role=\"presentation\">\n<div class=\"relative basis-auto flex-col -mb-(--composer-overlap-px) [--composer-overlap-px:28px] grow flex\">\n<div class=\"flex flex-col text-sm\">\n<article class=\"text-token-text-primary w-full focus:outline-none [--shadow-height:45px] has-data-writing-block:pointer-events-none has-data-writing-block:-mt-(--shadow-height) has-data-writing-block:pt-(--shadow-height) [&amp;:has([data-writing-block])&gt;*]:pointer-events-auto scroll-mt-[calc(var(--header-height)+min(200px,max(70px,20svh)))]\" dir=\"auto\" tabindex=\"-1\" data-turn-id=\"request-69243628-3d00-832c-96b2-589d9c179054-16\" data-testid=\"conversation-turn-86\" data-scroll-anchor=\"true\" data-turn=\"assistant\">\n<div class=\"text-base my-auto mx-auto pb-10 [--thread-content-margin:--spacing(4)] @w-sm\/main:[--thread-content-margin:--spacing(6)] @w-lg\/main:[--thread-content-margin:--spacing(16)] px-(--thread-content-margin)\">\n<div class=\"[--thread-content-max-width:40rem] @w-lg\/main:[--thread-content-max-width:48rem] mx-auto max-w-(--thread-content-max-width) flex-1 group\/turn-messages focus-visible:outline-hidden relative flex w-full min-w-0 flex-col agent-turn\" tabindex=\"-1\">\n<div class=\"flex max-w-full flex-col grow\">\n<div class=\"min-h-8 text-message relative flex w-full flex-col items-end gap-2 text-start break-words whitespace-normal [.text-message+&amp;]:mt-1\" dir=\"auto\" data-message-author-role=\"assistant\" data-message-id=\"093f3d0b-fef8-4c9a-b9e3-1f3e2cb77a54\" data-message-model-slug=\"gpt-5-2\">\n<div class=\"flex w-full flex-col gap-1 empty:hidden first:pt-[1px]\">\n<div class=\"markdown prose dark:prose-invert w-full wrap-break-word light markdown-new-styling\">\n<p data-start=\"130\" data-end=\"470\">La nova edici\u00f3 de <a href=\"https:\/\/www.elcol-legi.org\/w\/mediario-dossier\/\"><em data-start=\"148\" data-end=\"165\">Mediario Dossier<\/em><\/a> se centra a analitzar, des de diferents punts de vista, la relaci\u00f3 entre la mediaci\u00f3 i les empreses, especialment les de mida mitjana o petita. Aquest nou n\u00famero, corresponent al primer trimestre de l\u2019any, demostra que l\u2019asseguran\u00e7a per a empreses \u00e9s un dels grans \u00e0mbits d\u2019oportunitat per als mediadors.<\/p>\n<p data-start=\"472\" data-end=\"925\">El <em data-start=\"475\" data-end=\"493\">Dossier Empreses<\/em> aborda el paper clau que exerceixen els mediadors en un entorn empresarial cada vegada m\u00e9s complex, canviant i exposat a nous riscos. La digitalitzaci\u00f3, el ciber risc, l\u2019evoluci\u00f3 normativa, la sostenibilitat o la continu\u00eftat de negoci han transformat profundament les necessitats de les petites i mitjanes empreses, que avui requereixen molt m\u00e9s que p\u00f2lisses est\u00e0ndard: necessiten assessorament expert i un acompanyament permanent.<\/p>\n<p data-start=\"927\" data-end=\"1397\">Al llarg d\u2019aquesta edici\u00f3, la revista del Col\u00b7legi de Mediadors d\u2019Assegurances de Barcelona analitza com el mediador es posiciona com a soci estrat\u00e8gic de l\u2019empresa, capa\u00e7 d\u2019identificar riscos emergents, detectar situacions d\u2019infraassegurament i proposar solucions adaptades a cada activitat i realitat empresarial. Un enfocament que refor\u00e7a el valor diferencial de la mediaci\u00f3 davant d\u2019altres canals i consolida el seu paper com a figura de confian\u00e7a per a l\u2019empresari.<\/p>\n<p data-start=\"1399\" data-end=\"1654\">La revista posa en valor, a m\u00e9s, l\u2019enorme potencial de creixement que representa aquest segment per a la mediaci\u00f3. Un espai on el coneixement, la proximitat i la capacitat d\u2019anticipaci\u00f3 esdevenen palanques clau per construir relacions s\u00f2lides i duradores.<\/p>\n<p data-start=\"1656\" data-end=\"1948\">Amb aquesta nova edici\u00f3, <em data-start=\"1681\" data-end=\"1698\">Mediari Dossier<\/em> reafirma la seva vocaci\u00f3 de ser una eina \u00fatil per als professionals del sector, oferint continguts d\u2019an\u00e0lisi, reflexi\u00f3 i visi\u00f3 de futur que ajudin a afrontar els reptes del present i a aprofitar les oportunitats que ofereix l\u2019asseguran\u00e7a d\u2019empreses.<\/p>\n<\/div>\n<\/div>\n<\/div>\n<\/div>\n<\/div>\n<\/div>\n<\/article>\n<\/div>\n<\/div>\n<\/div>\n<\/div>\n<p>&nbsp;<\/p>\n<\/div>\n<\/div>\n<\/div>\n<\/div>\n<\/div>\n<p>[\/vc_column_text][vc_row_inner][vc_column_inner width=&#8221;1\/6&#8243;][\/vc_column_inner][vc_column_inner width=&#8221;1\/6&#8243;][\/vc_column_inner][vc_column_inner width=&#8221;1\/6&#8243;][\/vc_column_inner][vc_column_inner width=&#8221;1\/6&#8243;][\/vc_column_inner][\/vc_row_inner][\/vc_column][vc_column width=&#8221;1\/4&#8243;][stm_spacing lg_spacing=&#8221;50&#8243; md_spacing=&#8221;50&#8243; sm_spacing=&#8221;50&#8243; xs_spacing=&#8221;50&#8243;][vc_column_text]<\/p>\n<h2>\u00daltimes not\u00edcies<\/h2>\n<p>[\/vc_column_text][stm_news loop=&#8221;size:4|order_by:date|order:DESC|post_type:post|categories:8&#8243; posts_per_row=&#8221;2&#8243;][\/vc_column][\/vc_row]<\/p>\n<\/div>","protected":false},"excerpt":{"rendered":"<p>[vc_row][vc_column width=&#8221;3\/4&#8243;][vc_column_text css=&#8221;&#8221;] MEDIARIO DOSSIER \/ Les empreses, una gran oportunitat [\/vc_column_text][stm_spacing lg_spacing=&#8221;6&#8243; md_spacing=&#8221;6&#8243; sm_spacing=&#8221;6&#8243; xs_spacing=&#8221;6&#8243;][vc_column_text css=&#8221;&#8221;]05\/03\/03[\/vc_column_text][vc_column_text css=&#8221;&#8221;] El mediador \u00e9s una pe\u00e7a clau per la seva capacitat d\u2019assessorament [\/vc_column_text][vc_single_image source=&#8221;featured_image&#8221; img_size=&#8221;850&#215;350&#8243;][vc_column_text css=&#8221;.vc_custom_1772627207307{margin-bottom: 20px !important;}&#8221;] &nbsp; La nova edici\u00f3 de Mediario Dossier se centra a analitzar, des de diferents punts de vista, la relaci\u00f3 entre<\/p>\n","protected":false},"author":562,"featured_media":0,"comment_status":"closed","ping_status":"open","sticky":false,"template":"","format":"standard","meta":{"footnotes":""},"categories":[8,1],"tags":[2158,1868],"class_list":["post-26974","post","type-post","status-publish","format-standard","hentry","category-noticies","category-sense-categoria","tag-mednews-293","tag-mn-2"],"yoast_head":"<!-- This site is optimized with the Yoast SEO plugin v27.5 - https:\/\/yoast.com\/product\/yoast-seo-wordpress\/ -->\n<title>Mediario Dossier #22 - Col-legi de Mediadors d&#039;Assegurances de Barcelona<\/title>\n<meta name=\"robots\" content=\"index, follow, max-snippet:-1, max-image-preview:large, max-video-preview:-1\" \/>\n<link rel=\"canonical\" href=\"https:\/\/www.elcol-legi.org\/w\/mediario-dossier-22\/\" \/>\n<meta property=\"og:locale\" content=\"ca_ES\" \/>\n<meta property=\"og:type\" content=\"article\" \/>\n<meta property=\"og:title\" content=\"Mediario Dossier #22 - Col-legi de Mediadors d&#039;Assegurances de Barcelona\" \/>\n<meta property=\"og:description\" content=\"[vc_row][vc_column width=&#8221;3\/4&#8243;][vc_column_text css=&#8221;&#8221;] MEDIARIO DOSSIER \/ Les empreses, una gran oportunitat [\/vc_column_text][stm_spacing lg_spacing=&#8221;6&#8243; md_spacing=&#8221;6&#8243; sm_spacing=&#8221;6&#8243; xs_spacing=&#8221;6&#8243;][vc_column_text css=&#8221;&#8221;]05\/03\/03[\/vc_column_text][vc_column_text css=&#8221;&#8221;] El mediador \u00e9s una pe\u00e7a clau per la seva capacitat d\u2019assessorament [\/vc_column_text][vc_single_image source=&#8221;featured_image&#8221; img_size=&#8221;850&#215;350&#8243;][vc_column_text css=&#8221;.vc_custom_1772627207307{margin-bottom: 20px !important;}&#8221;] &nbsp; La nova edici\u00f3 de Mediario Dossier se centra a analitzar, des de diferents punts de vista, la relaci\u00f3 entre\" \/>\n<meta property=\"og:url\" content=\"https:\/\/www.elcol-legi.org\/w\/mediario-dossier-22\/\" \/>\n<meta property=\"og:site_name\" content=\"Col-legi de Mediadors d&#039;Assegurances de Barcelona\" \/>\n<meta property=\"article:published_time\" content=\"2026-03-04T12:34:06+00:00\" \/>\n<meta property=\"article:modified_time\" content=\"2026-03-04T12:46:55+00:00\" \/>\n<meta name=\"author\" content=\"Marc Alcaraz\" \/>\n<meta name=\"twitter:card\" content=\"summary_large_image\" \/>\n<meta name=\"twitter:label1\" content=\"Escrit per\" \/>\n\t<meta name=\"twitter:data1\" content=\"Marc Alcaraz\" \/>\n\t<meta name=\"twitter:label2\" content=\"Temps estimat de lectura\" \/>\n\t<meta name=\"twitter:data2\" content=\"2 minuts\" \/>\n<script type=\"application\/ld+json\" class=\"yoast-schema-graph\">{\"@context\":\"https:\\\/\\\/schema.org\",\"@graph\":[{\"@type\":\"Article\",\"@id\":\"https:\\\/\\\/www.elcol-legi.org\\\/w\\\/mediario-dossier-22\\\/#article\",\"isPartOf\":{\"@id\":\"https:\\\/\\\/www.elcol-legi.org\\\/w\\\/mediario-dossier-22\\\/\"},\"author\":{\"name\":\"Marc Alcaraz\",\"@id\":\"https:\\\/\\\/www.elcol-legi.org\\\/w\\\/#\\\/schema\\\/person\\\/4283d40fbd72a940d5fff484fe5ec410\"},\"headline\":\"Mediario Dossier #22\",\"datePublished\":\"2026-03-04T12:34:06+00:00\",\"dateModified\":\"2026-03-04T12:46:55+00:00\",\"mainEntityOfPage\":{\"@id\":\"https:\\\/\\\/www.elcol-legi.org\\\/w\\\/mediario-dossier-22\\\/\"},\"wordCount\":462,\"keywords\":[\". MedNews 293\",\"MN\"],\"articleSection\":[\"Not\u00edcies\"],\"inLanguage\":\"ca\"},{\"@type\":\"WebPage\",\"@id\":\"https:\\\/\\\/www.elcol-legi.org\\\/w\\\/mediario-dossier-22\\\/\",\"url\":\"https:\\\/\\\/www.elcol-legi.org\\\/w\\\/mediario-dossier-22\\\/\",\"name\":\"Mediario Dossier #22 - Col-legi de Mediadors d&#039;Assegurances de Barcelona\",\"isPartOf\":{\"@id\":\"https:\\\/\\\/www.elcol-legi.org\\\/w\\\/#website\"},\"datePublished\":\"2026-03-04T12:34:06+00:00\",\"dateModified\":\"2026-03-04T12:46:55+00:00\",\"author\":{\"@id\":\"https:\\\/\\\/www.elcol-legi.org\\\/w\\\/#\\\/schema\\\/person\\\/4283d40fbd72a940d5fff484fe5ec410\"},\"breadcrumb\":{\"@id\":\"https:\\\/\\\/www.elcol-legi.org\\\/w\\\/mediario-dossier-22\\\/#breadcrumb\"},\"inLanguage\":\"ca\",\"potentialAction\":[{\"@type\":\"ReadAction\",\"target\":[\"https:\\\/\\\/www.elcol-legi.org\\\/w\\\/mediario-dossier-22\\\/\"]}]},{\"@type\":\"BreadcrumbList\",\"@id\":\"https:\\\/\\\/www.elcol-legi.org\\\/w\\\/mediario-dossier-22\\\/#breadcrumb\",\"itemListElement\":[{\"@type\":\"ListItem\",\"position\":1,\"name\":\"Inici\",\"item\":\"https:\\\/\\\/www.elcol-legi.org\\\/w\\\/\"},{\"@type\":\"ListItem\",\"position\":2,\"name\":\"Mediario Dossier #22\"}]},{\"@type\":\"WebSite\",\"@id\":\"https:\\\/\\\/www.elcol-legi.org\\\/w\\\/#website\",\"url\":\"https:\\\/\\\/www.elcol-legi.org\\\/w\\\/\",\"name\":\"Col-legi de Mediadors d&#039;Assegurances de Barcelona\",\"description\":\"Support al mediador d&#039;assegurances\",\"potentialAction\":[{\"@type\":\"SearchAction\",\"target\":{\"@type\":\"EntryPoint\",\"urlTemplate\":\"https:\\\/\\\/www.elcol-legi.org\\\/w\\\/?s={search_term_string}\"},\"query-input\":{\"@type\":\"PropertyValueSpecification\",\"valueRequired\":true,\"valueName\":\"search_term_string\"}}],\"inLanguage\":\"ca\"},{\"@type\":\"Person\",\"@id\":\"https:\\\/\\\/www.elcol-legi.org\\\/w\\\/#\\\/schema\\\/person\\\/4283d40fbd72a940d5fff484fe5ec410\",\"name\":\"Marc Alcaraz\",\"image\":{\"@type\":\"ImageObject\",\"inLanguage\":\"ca\",\"@id\":\"https:\\\/\\\/secure.gravatar.com\\\/avatar\\\/e5dee642a130a369f4e8f5fe2d78526e99d5506f34de2f80b7994e63dc58d1b0?s=96&d=mm&r=g\",\"url\":\"https:\\\/\\\/secure.gravatar.com\\\/avatar\\\/e5dee642a130a369f4e8f5fe2d78526e99d5506f34de2f80b7994e63dc58d1b0?s=96&d=mm&r=g\",\"contentUrl\":\"https:\\\/\\\/secure.gravatar.com\\\/avatar\\\/e5dee642a130a369f4e8f5fe2d78526e99d5506f34de2f80b7994e63dc58d1b0?s=96&d=mm&r=g\",\"caption\":\"Marc Alcaraz\"},\"url\":\"https:\\\/\\\/www.elcol-legi.org\\\/w\\\/author\\\/efreire\\\/\"}]}<\/script>\n<!-- \/ Yoast SEO plugin. -->","yoast_head_json":{"title":"Mediario Dossier #22 - Col-legi de Mediadors d&#039;Assegurances de Barcelona","robots":{"index":"index","follow":"follow","max-snippet":"max-snippet:-1","max-image-preview":"max-image-preview:large","max-video-preview":"max-video-preview:-1"},"canonical":"https:\/\/www.elcol-legi.org\/w\/mediario-dossier-22\/","og_locale":"ca_ES","og_type":"article","og_title":"Mediario Dossier #22 - Col-legi de Mediadors d&#039;Assegurances de Barcelona","og_description":"[vc_row][vc_column width=&#8221;3\/4&#8243;][vc_column_text css=&#8221;&#8221;] MEDIARIO DOSSIER \/ Les empreses, una gran oportunitat [\/vc_column_text][stm_spacing lg_spacing=&#8221;6&#8243; md_spacing=&#8221;6&#8243; sm_spacing=&#8221;6&#8243; xs_spacing=&#8221;6&#8243;][vc_column_text css=&#8221;&#8221;]05\/03\/03[\/vc_column_text][vc_column_text css=&#8221;&#8221;] El mediador \u00e9s una pe\u00e7a clau per la seva capacitat d\u2019assessorament [\/vc_column_text][vc_single_image source=&#8221;featured_image&#8221; img_size=&#8221;850&#215;350&#8243;][vc_column_text css=&#8221;.vc_custom_1772627207307{margin-bottom: 20px !important;}&#8221;] &nbsp; La nova edici\u00f3 de Mediario Dossier se centra a analitzar, des de diferents punts de vista, la relaci\u00f3 entre","og_url":"https:\/\/www.elcol-legi.org\/w\/mediario-dossier-22\/","og_site_name":"Col-legi de Mediadors d&#039;Assegurances de Barcelona","article_published_time":"2026-03-04T12:34:06+00:00","article_modified_time":"2026-03-04T12:46:55+00:00","author":"Marc Alcaraz","twitter_card":"summary_large_image","twitter_misc":{"Escrit per":"Marc Alcaraz","Temps estimat de lectura":"2 minuts"},"schema":{"@context":"https:\/\/schema.org","@graph":[{"@type":"Article","@id":"https:\/\/www.elcol-legi.org\/w\/mediario-dossier-22\/#article","isPartOf":{"@id":"https:\/\/www.elcol-legi.org\/w\/mediario-dossier-22\/"},"author":{"name":"Marc Alcaraz","@id":"https:\/\/www.elcol-legi.org\/w\/#\/schema\/person\/4283d40fbd72a940d5fff484fe5ec410"},"headline":"Mediario Dossier #22","datePublished":"2026-03-04T12:34:06+00:00","dateModified":"2026-03-04T12:46:55+00:00","mainEntityOfPage":{"@id":"https:\/\/www.elcol-legi.org\/w\/mediario-dossier-22\/"},"wordCount":462,"keywords":[". MedNews 293","MN"],"articleSection":["Not\u00edcies"],"inLanguage":"ca"},{"@type":"WebPage","@id":"https:\/\/www.elcol-legi.org\/w\/mediario-dossier-22\/","url":"https:\/\/www.elcol-legi.org\/w\/mediario-dossier-22\/","name":"Mediario Dossier #22 - Col-legi de Mediadors d&#039;Assegurances de Barcelona","isPartOf":{"@id":"https:\/\/www.elcol-legi.org\/w\/#website"},"datePublished":"2026-03-04T12:34:06+00:00","dateModified":"2026-03-04T12:46:55+00:00","author":{"@id":"https:\/\/www.elcol-legi.org\/w\/#\/schema\/person\/4283d40fbd72a940d5fff484fe5ec410"},"breadcrumb":{"@id":"https:\/\/www.elcol-legi.org\/w\/mediario-dossier-22\/#breadcrumb"},"inLanguage":"ca","potentialAction":[{"@type":"ReadAction","target":["https:\/\/www.elcol-legi.org\/w\/mediario-dossier-22\/"]}]},{"@type":"BreadcrumbList","@id":"https:\/\/www.elcol-legi.org\/w\/mediario-dossier-22\/#breadcrumb","itemListElement":[{"@type":"ListItem","position":1,"name":"Inici","item":"https:\/\/www.elcol-legi.org\/w\/"},{"@type":"ListItem","position":2,"name":"Mediario Dossier #22"}]},{"@type":"WebSite","@id":"https:\/\/www.elcol-legi.org\/w\/#website","url":"https:\/\/www.elcol-legi.org\/w\/","name":"Col-legi de Mediadors d&#039;Assegurances de Barcelona","description":"Support al mediador d&#039;assegurances","potentialAction":[{"@type":"SearchAction","target":{"@type":"EntryPoint","urlTemplate":"https:\/\/www.elcol-legi.org\/w\/?s={search_term_string}"},"query-input":{"@type":"PropertyValueSpecification","valueRequired":true,"valueName":"search_term_string"}}],"inLanguage":"ca"},{"@type":"Person","@id":"https:\/\/www.elcol-legi.org\/w\/#\/schema\/person\/4283d40fbd72a940d5fff484fe5ec410","name":"Marc Alcaraz","image":{"@type":"ImageObject","inLanguage":"ca","@id":"https:\/\/secure.gravatar.com\/avatar\/e5dee642a130a369f4e8f5fe2d78526e99d5506f34de2f80b7994e63dc58d1b0?s=96&d=mm&r=g","url":"https:\/\/secure.gravatar.com\/avatar\/e5dee642a130a369f4e8f5fe2d78526e99d5506f34de2f80b7994e63dc58d1b0?s=96&d=mm&r=g","contentUrl":"https:\/\/secure.gravatar.com\/avatar\/e5dee642a130a369f4e8f5fe2d78526e99d5506f34de2f80b7994e63dc58d1b0?s=96&d=mm&r=g","caption":"Marc Alcaraz"},"url":"https:\/\/www.elcol-legi.org\/w\/author\/efreire\/"}]}},"_links":{"self":[{"href":"https:\/\/www.elcol-legi.org\/w\/wp-json\/wp\/v2\/posts\/26974","targetHints":{"allow":["GET"]}}],"collection":[{"href":"https:\/\/www.elcol-legi.org\/w\/wp-json\/wp\/v2\/posts"}],"about":[{"href":"https:\/\/www.elcol-legi.org\/w\/wp-json\/wp\/v2\/types\/post"}],"author":[{"embeddable":true,"href":"https:\/\/www.elcol-legi.org\/w\/wp-json\/wp\/v2\/users\/562"}],"replies":[{"embeddable":true,"href":"https:\/\/www.elcol-legi.org\/w\/wp-json\/wp\/v2\/comments?post=26974"}],"version-history":[{"count":1,"href":"https:\/\/www.elcol-legi.org\/w\/wp-json\/wp\/v2\/posts\/26974\/revisions"}],"predecessor-version":[{"id":26981,"href":"https:\/\/www.elcol-legi.org\/w\/wp-json\/wp\/v2\/posts\/26974\/revisions\/26981"}],"wp:attachment":[{"href":"https:\/\/www.elcol-legi.org\/w\/wp-json\/wp\/v2\/media?parent=26974"}],"wp:term":[{"taxonomy":"category","embeddable":true,"href":"https:\/\/www.elcol-legi.org\/w\/wp-json\/wp\/v2\/categories?post=26974"},{"taxonomy":"post_tag","embeddable":true,"href":"https:\/\/www.elcol-legi.org\/w\/wp-json\/wp\/v2\/tags?post=26974"}],"curies":[{"name":"wp","href":"https:\/\/api.w.org\/{rel}","templated":true}]}}