{"id":27404,"date":"2026-04-23T06:00:19","date_gmt":"2026-04-23T04:00:19","guid":{"rendered":"https:\/\/www.elcol-legi.org\/w\/?p=27404"},"modified":"2026-04-20T20:46:06","modified_gmt":"2026-04-20T18:46:06","slug":"les-assegurances-reforcen-el-seu-paper-en-lassistencia-sanitaria-en-accidents","status":"publish","type":"post","link":"https:\/\/www.elcol-legi.org\/w\/les-assegurances-reforcen-el-seu-paper-en-lassistencia-sanitaria-en-accidents\/","title":{"rendered":"Les assegurances reforcen el seu paper en l&#8217;assist\u00e8ncia sanit\u00e0ria en accidents"},"content":{"rendered":"<div class=\"wpb-content-wrapper\"><p>[vc_row][vc_column width=&#8221;3\/4&#8243;][vc_column_text css=&#8221;&#8221;]<\/p>\n<h2>Les assegurances reforcen el seu paper en l&#8217;assist\u00e8ncia sanit\u00e0ria en accidents<\/h2>\n<p>[\/vc_column_text][stm_spacing lg_spacing=&#8221;6&#8243; md_spacing=&#8221;6&#8243; sm_spacing=&#8221;6&#8243; xs_spacing=&#8221;6&#8243;][vc_column_text css=&#8221;&#8221;]<em>23\/04\/26<\/em>[\/vc_column_text][vc_column_text css=&#8221;&#8221;]<\/p>\n<p class=\"p1\"><em>Cada 30 segons les companyies asseguradores donen assist\u00e8ncia a v\u00edctimes d\u2019accidents de cotxes<\/em><\/p>\n<p>[\/vc_column_text][vc_single_image source=&#8221;featured_image&#8221; img_size=&#8221;850&#215;350&#8243;][vc_column_text css=&#8221;.vc_custom_1776709220600{margin-bottom: 20px !important;}&#8221;]<\/p>\n<p class=\"p1\">L\u2019atenci\u00f3 a les persones lesionades en accidents de tr\u00e0nsit continua sent un dels pilars menys visibles, per\u00f2 m\u00e9s rellevants, de la contribuci\u00f3 del sector assegurador al sistema sanitari a Espanya. Durant el 2025, les asseguradores van destinar 431 milions d\u2019euros a cobrir aquesta assist\u00e8ncia, fet que representa un increment del 8,3% respecte de l\u2019any anterior.<\/p>\n<p class=\"p1\">Aquest esfor\u00e7 econ\u00f2mic es va canalitzar de manera pr\u00e0cticament equilibrada entre la sanitat p\u00fablica i la privada. Mentre que els centres p\u00fablics van rebre 212 milions d\u2019euros, la xarxa privada en va absorbir 219 milions, consolidant un model mixt que permet donar una resposta \u00e0gil i eficient a aquest tipus de situacions.<\/p>\n<p class=\"p1\">M\u00e9s enll\u00e0 de les xifres econ\u00f2miques, el volum d\u2019activitat reflecteix la magnitud del servei. Al llarg de l\u2019any es van gestionar m\u00e9s d\u2019un mili\u00f3 d\u2019expedients (1,03 milions), cosa que equival a una mitjana de dues atencions sanit\u00e0ries per minut. Aquest ritme sostingut evidencia el paper estructural de l\u2019asseguran\u00e7a en la gesti\u00f3 de l\u2019assist\u00e8ncia derivada de la sinistralitat vi\u00e0ria, garantint la cobertura i la continu\u00eftat assistencial de milers de persones cada dia.<\/p>\n<p class=\"p1\"><b>Difer\u00e8ncies territorials en l\u2019\u00fas de recursos<\/b><\/p>\n<p class=\"p1\">L\u2019an\u00e0lisi geogr\u00e0fica mostra una concentraci\u00f3 significativa de l\u2019activitat en grans nuclis urbans. Prov\u00edncies com Barcelona, Madrid i Sevilla lideren el volum de pagaments, reflectint tant la seva densitat de poblaci\u00f3 com la intensitat del tr\u00e0nsit. Tanmateix, tamb\u00e9 s\u2019observen contrastos rellevants en funci\u00f3 del territori. En algunes prov\u00edncies, com Terol o S\u00f2ria, l\u2019atenci\u00f3 es canalitza gaireb\u00e9 exclusivament a trav\u00e9s de la sanitat p\u00fablica. En canvi, en altres zones com les Balears, l\u2019assist\u00e8ncia es recolza majorit\u00e0riament en centres privats, que concentren pr\u00e0cticament la totalitat de la despesa. Aquesta diversitat posa de manifest la capacitat del sistema per adaptar-se a les particularitats de cada regi\u00f3.<\/p>\n<p class=\"p1\">Pel que fa a les persones benefici\u00e0ries d\u2019aquesta assist\u00e8ncia, els conductors representen el grup majoritari, amb prop del 60% dels casos. Els segueixen els ocupants dels vehicles, mentre que els vianants suposen una mica m\u00e9s d\u2019una desena part de les persones ateses.<\/p>\n<p class=\"p1\">Des del punt de vista assistencial, les consultes m\u00e8diques i les urg\u00e8ncies concentren la major part de l\u2019activitat. No obstant aix\u00f2, quan s\u2019analitza l\u2019impacte econ\u00f2mic, les estades hospital\u00e0ries adquireixen un pes equivalent al de les urg\u00e8ncies, fet que reflecteix el cost associat als casos de m\u00e9s gravetat.<\/p>\n<p class=\"p1\">Un model consolidat<\/p>\n<p class=\"p1\">El repartiment de la despesa tamb\u00e9 mostra una evoluci\u00f3 en la tipologia de serveis. Les consultes m\u00e8diques continuen sent la principal partida, tot i que perden pes relatiu davant d\u2019altres prestacions m\u00e9s intensives, com les hospitalitzacions o les atencions d\u2019urg\u00e8ncia.<\/p>\n<p class=\"p1\">En conjunt, aquestes dades confirmen la solidesa d\u2019un model en qu\u00e8 el sector assegurador no nom\u00e9s cobreix riscos, sin\u00f3 que actua com un agent clau en el finan\u00e7ament i el sosteniment de l\u2019atenci\u00f3 sanit\u00e0ria vinculada als accidents de tr\u00e0nsit.<\/p>\n<p class=\"p1\">Una funci\u00f3 que, tot i que sovint passa desapercebuda, resulta essencial per al funcionament del sistema i per a la protecci\u00f3 de la ciutadania.<\/p>\n<p>[\/vc_column_text][vc_row_inner][vc_column_inner width=&#8221;1\/6&#8243;][\/vc_column_inner][vc_column_inner width=&#8221;1\/6&#8243;][\/vc_column_inner][vc_column_inner width=&#8221;1\/6&#8243;][\/vc_column_inner][vc_column_inner width=&#8221;1\/6&#8243;][\/vc_column_inner][\/vc_row_inner][\/vc_column][vc_column width=&#8221;1\/4&#8243;][stm_spacing lg_spacing=&#8221;50&#8243; md_spacing=&#8221;50&#8243; sm_spacing=&#8221;50&#8243; xs_spacing=&#8221;50&#8243;][vc_column_text]<\/p>\n<h2>\u00daltimes not\u00edcies<\/h2>\n<p>[\/vc_column_text][stm_news loop=&#8221;size:4|order_by:date|order:DESC|post_type:post|categories:8&#8243; posts_per_row=&#8221;2&#8243;][\/vc_column][\/vc_row]<\/p>\n<\/div>","protected":false},"excerpt":{"rendered":"<p>[vc_row][vc_column width=&#8221;3\/4&#8243;][vc_column_text css=&#8221;&#8221;] Les assegurances reforcen el seu paper en l&#8217;assist\u00e8ncia sanit\u00e0ria en accidents [\/vc_column_text][stm_spacing lg_spacing=&#8221;6&#8243; md_spacing=&#8221;6&#8243; sm_spacing=&#8221;6&#8243; xs_spacing=&#8221;6&#8243;][vc_column_text css=&#8221;&#8221;]23\/04\/26[\/vc_column_text][vc_column_text css=&#8221;&#8221;] Cada 30 segons les companyies asseguradores donen assist\u00e8ncia a v\u00edctimes d\u2019accidents de cotxes [\/vc_column_text][vc_single_image source=&#8221;featured_image&#8221; img_size=&#8221;850&#215;350&#8243;][vc_column_text css=&#8221;.vc_custom_1776709220600{margin-bottom: 20px !important;}&#8221;] L\u2019atenci\u00f3 a les persones lesionades en accidents de tr\u00e0nsit continua sent un dels pilars menys<\/p>\n","protected":false},"author":562,"featured_media":27405,"comment_status":"closed","ping_status":"open","sticky":false,"template":"","format":"standard","meta":{"footnotes":""},"categories":[3,8],"tags":[2174],"class_list":["post-27404","post","type-post","status-publish","format-standard","has-post-thumbnail","hentry","category-demo-articles","category-noticies","tag-mednews-296"],"yoast_head":"<!-- This site is optimized with the Yoast SEO plugin v27.4 - https:\/\/yoast.com\/product\/yoast-seo-wordpress\/ -->\n<title>Les assegurances reforcen el seu paper en l&#039;assist\u00e8ncia sanit\u00e0ria en accidents - Col-legi de Mediadors d&#039;Assegurances de Barcelona<\/title>\n<meta name=\"robots\" content=\"index, follow, max-snippet:-1, max-image-preview:large, max-video-preview:-1\" \/>\n<link rel=\"canonical\" href=\"https:\/\/www.elcol-legi.org\/w\/les-assegurances-reforcen-el-seu-paper-en-lassistencia-sanitaria-en-accidents\/\" \/>\n<meta property=\"og:locale\" content=\"ca_ES\" \/>\n<meta property=\"og:type\" content=\"article\" \/>\n<meta property=\"og:title\" content=\"Les assegurances reforcen el seu paper en l&#039;assist\u00e8ncia sanit\u00e0ria en accidents - Col-legi de Mediadors d&#039;Assegurances de Barcelona\" \/>\n<meta property=\"og:description\" content=\"[vc_row][vc_column width=&#8221;3\/4&#8243;][vc_column_text css=&#8221;&#8221;] Les assegurances reforcen el seu paper en l&#8217;assist\u00e8ncia sanit\u00e0ria en accidents [\/vc_column_text][stm_spacing lg_spacing=&#8221;6&#8243; md_spacing=&#8221;6&#8243; sm_spacing=&#8221;6&#8243; xs_spacing=&#8221;6&#8243;][vc_column_text css=&#8221;&#8221;]23\/04\/26[\/vc_column_text][vc_column_text css=&#8221;&#8221;] Cada 30 segons les companyies asseguradores donen assist\u00e8ncia a v\u00edctimes d\u2019accidents de cotxes [\/vc_column_text][vc_single_image source=&#8221;featured_image&#8221; img_size=&#8221;850&#215;350&#8243;][vc_column_text css=&#8221;.vc_custom_1776709220600{margin-bottom: 20px !important;}&#8221;] L\u2019atenci\u00f3 a les persones lesionades en accidents de tr\u00e0nsit continua sent un dels pilars menys\" \/>\n<meta property=\"og:url\" content=\"https:\/\/www.elcol-legi.org\/w\/les-assegurances-reforcen-el-seu-paper-en-lassistencia-sanitaria-en-accidents\/\" \/>\n<meta property=\"og:site_name\" content=\"Col-legi de Mediadors d&#039;Assegurances de Barcelona\" \/>\n<meta property=\"article:published_time\" content=\"2026-04-23T04:00:19+00:00\" \/>\n<meta property=\"og:image\" content=\"https:\/\/www.elcol-legi.org\/w\/wp-content\/uploads\/2026\/04\/usman-malik-kE__1vnDxg4-unsplash-scaled.jpg\" \/>\n\t<meta property=\"og:image:width\" content=\"2560\" \/>\n\t<meta property=\"og:image:height\" content=\"1707\" \/>\n\t<meta property=\"og:image:type\" content=\"image\/jpeg\" \/>\n<meta name=\"author\" content=\"Marc Alcaraz\" \/>\n<meta name=\"twitter:card\" content=\"summary_large_image\" \/>\n<meta name=\"twitter:label1\" content=\"Escrit per\" \/>\n\t<meta name=\"twitter:data1\" content=\"Marc Alcaraz\" \/>\n\t<meta name=\"twitter:label2\" content=\"Temps estimat de lectura\" \/>\n\t<meta name=\"twitter:data2\" content=\"4 minuts\" \/>\n<script type=\"application\/ld+json\" class=\"yoast-schema-graph\">{\"@context\":\"https:\\\/\\\/schema.org\",\"@graph\":[{\"@type\":\"Article\",\"@id\":\"https:\\\/\\\/www.elcol-legi.org\\\/w\\\/les-assegurances-reforcen-el-seu-paper-en-lassistencia-sanitaria-en-accidents\\\/#article\",\"isPartOf\":{\"@id\":\"https:\\\/\\\/www.elcol-legi.org\\\/w\\\/les-assegurances-reforcen-el-seu-paper-en-lassistencia-sanitaria-en-accidents\\\/\"},\"author\":{\"name\":\"Marc Alcaraz\",\"@id\":\"https:\\\/\\\/www.elcol-legi.org\\\/w\\\/#\\\/schema\\\/person\\\/4283d40fbd72a940d5fff484fe5ec410\"},\"headline\":\"Les assegurances reforcen el seu paper en l&#8217;assist\u00e8ncia sanit\u00e0ria en accidents\",\"datePublished\":\"2026-04-23T04:00:19+00:00\",\"mainEntityOfPage\":{\"@id\":\"https:\\\/\\\/www.elcol-legi.org\\\/w\\\/les-assegurances-reforcen-el-seu-paper-en-lassistencia-sanitaria-en-accidents\\\/\"},\"wordCount\":720,\"image\":{\"@id\":\"https:\\\/\\\/www.elcol-legi.org\\\/w\\\/les-assegurances-reforcen-el-seu-paper-en-lassistencia-sanitaria-en-accidents\\\/#primaryimage\"},\"thumbnailUrl\":\"https:\\\/\\\/www.elcol-legi.org\\\/w\\\/wp-content\\\/uploads\\\/2026\\\/04\\\/usman-malik-kE__1vnDxg4-unsplash-scaled.jpg\",\"keywords\":[\"mednews 296\"],\"articleSection\":[\"Articles\",\"Not\u00edcies\"],\"inLanguage\":\"ca\"},{\"@type\":\"WebPage\",\"@id\":\"https:\\\/\\\/www.elcol-legi.org\\\/w\\\/les-assegurances-reforcen-el-seu-paper-en-lassistencia-sanitaria-en-accidents\\\/\",\"url\":\"https:\\\/\\\/www.elcol-legi.org\\\/w\\\/les-assegurances-reforcen-el-seu-paper-en-lassistencia-sanitaria-en-accidents\\\/\",\"name\":\"Les assegurances reforcen el seu paper en l'assist\u00e8ncia sanit\u00e0ria en accidents - Col-legi de Mediadors d&#039;Assegurances de Barcelona\",\"isPartOf\":{\"@id\":\"https:\\\/\\\/www.elcol-legi.org\\\/w\\\/#website\"},\"primaryImageOfPage\":{\"@id\":\"https:\\\/\\\/www.elcol-legi.org\\\/w\\\/les-assegurances-reforcen-el-seu-paper-en-lassistencia-sanitaria-en-accidents\\\/#primaryimage\"},\"image\":{\"@id\":\"https:\\\/\\\/www.elcol-legi.org\\\/w\\\/les-assegurances-reforcen-el-seu-paper-en-lassistencia-sanitaria-en-accidents\\\/#primaryimage\"},\"thumbnailUrl\":\"https:\\\/\\\/www.elcol-legi.org\\\/w\\\/wp-content\\\/uploads\\\/2026\\\/04\\\/usman-malik-kE__1vnDxg4-unsplash-scaled.jpg\",\"datePublished\":\"2026-04-23T04:00:19+00:00\",\"author\":{\"@id\":\"https:\\\/\\\/www.elcol-legi.org\\\/w\\\/#\\\/schema\\\/person\\\/4283d40fbd72a940d5fff484fe5ec410\"},\"breadcrumb\":{\"@id\":\"https:\\\/\\\/www.elcol-legi.org\\\/w\\\/les-assegurances-reforcen-el-seu-paper-en-lassistencia-sanitaria-en-accidents\\\/#breadcrumb\"},\"inLanguage\":\"ca\",\"potentialAction\":[{\"@type\":\"ReadAction\",\"target\":[\"https:\\\/\\\/www.elcol-legi.org\\\/w\\\/les-assegurances-reforcen-el-seu-paper-en-lassistencia-sanitaria-en-accidents\\\/\"]}]},{\"@type\":\"ImageObject\",\"inLanguage\":\"ca\",\"@id\":\"https:\\\/\\\/www.elcol-legi.org\\\/w\\\/les-assegurances-reforcen-el-seu-paper-en-lassistencia-sanitaria-en-accidents\\\/#primaryimage\",\"url\":\"https:\\\/\\\/www.elcol-legi.org\\\/w\\\/wp-content\\\/uploads\\\/2026\\\/04\\\/usman-malik-kE__1vnDxg4-unsplash-scaled.jpg\",\"contentUrl\":\"https:\\\/\\\/www.elcol-legi.org\\\/w\\\/wp-content\\\/uploads\\\/2026\\\/04\\\/usman-malik-kE__1vnDxg4-unsplash-scaled.jpg\",\"width\":2560,\"height\":1707},{\"@type\":\"BreadcrumbList\",\"@id\":\"https:\\\/\\\/www.elcol-legi.org\\\/w\\\/les-assegurances-reforcen-el-seu-paper-en-lassistencia-sanitaria-en-accidents\\\/#breadcrumb\",\"itemListElement\":[{\"@type\":\"ListItem\",\"position\":1,\"name\":\"Inici\",\"item\":\"https:\\\/\\\/www.elcol-legi.org\\\/w\\\/\"},{\"@type\":\"ListItem\",\"position\":2,\"name\":\"Les assegurances reforcen el seu paper en l&#8217;assist\u00e8ncia sanit\u00e0ria en accidents\"}]},{\"@type\":\"WebSite\",\"@id\":\"https:\\\/\\\/www.elcol-legi.org\\\/w\\\/#website\",\"url\":\"https:\\\/\\\/www.elcol-legi.org\\\/w\\\/\",\"name\":\"Col-legi de Mediadors d&#039;Assegurances de Barcelona\",\"description\":\"Support al mediador d&#039;assegurances\",\"potentialAction\":[{\"@type\":\"SearchAction\",\"target\":{\"@type\":\"EntryPoint\",\"urlTemplate\":\"https:\\\/\\\/www.elcol-legi.org\\\/w\\\/?s={search_term_string}\"},\"query-input\":{\"@type\":\"PropertyValueSpecification\",\"valueRequired\":true,\"valueName\":\"search_term_string\"}}],\"inLanguage\":\"ca\"},{\"@type\":\"Person\",\"@id\":\"https:\\\/\\\/www.elcol-legi.org\\\/w\\\/#\\\/schema\\\/person\\\/4283d40fbd72a940d5fff484fe5ec410\",\"name\":\"Marc Alcaraz\",\"image\":{\"@type\":\"ImageObject\",\"inLanguage\":\"ca\",\"@id\":\"https:\\\/\\\/secure.gravatar.com\\\/avatar\\\/e5dee642a130a369f4e8f5fe2d78526e99d5506f34de2f80b7994e63dc58d1b0?s=96&d=mm&r=g\",\"url\":\"https:\\\/\\\/secure.gravatar.com\\\/avatar\\\/e5dee642a130a369f4e8f5fe2d78526e99d5506f34de2f80b7994e63dc58d1b0?s=96&d=mm&r=g\",\"contentUrl\":\"https:\\\/\\\/secure.gravatar.com\\\/avatar\\\/e5dee642a130a369f4e8f5fe2d78526e99d5506f34de2f80b7994e63dc58d1b0?s=96&d=mm&r=g\",\"caption\":\"Marc Alcaraz\"},\"url\":\"https:\\\/\\\/www.elcol-legi.org\\\/w\\\/author\\\/efreire\\\/\"}]}<\/script>\n<!-- \/ Yoast SEO plugin. -->","yoast_head_json":{"title":"Les assegurances reforcen el seu paper en l'assist\u00e8ncia sanit\u00e0ria en accidents - Col-legi de Mediadors d&#039;Assegurances de Barcelona","robots":{"index":"index","follow":"follow","max-snippet":"max-snippet:-1","max-image-preview":"max-image-preview:large","max-video-preview":"max-video-preview:-1"},"canonical":"https:\/\/www.elcol-legi.org\/w\/les-assegurances-reforcen-el-seu-paper-en-lassistencia-sanitaria-en-accidents\/","og_locale":"ca_ES","og_type":"article","og_title":"Les assegurances reforcen el seu paper en l'assist\u00e8ncia sanit\u00e0ria en accidents - Col-legi de Mediadors d&#039;Assegurances de Barcelona","og_description":"[vc_row][vc_column width=&#8221;3\/4&#8243;][vc_column_text css=&#8221;&#8221;] Les assegurances reforcen el seu paper en l&#8217;assist\u00e8ncia sanit\u00e0ria en accidents [\/vc_column_text][stm_spacing lg_spacing=&#8221;6&#8243; md_spacing=&#8221;6&#8243; sm_spacing=&#8221;6&#8243; xs_spacing=&#8221;6&#8243;][vc_column_text css=&#8221;&#8221;]23\/04\/26[\/vc_column_text][vc_column_text css=&#8221;&#8221;] Cada 30 segons les companyies asseguradores donen assist\u00e8ncia a v\u00edctimes d\u2019accidents de cotxes [\/vc_column_text][vc_single_image source=&#8221;featured_image&#8221; img_size=&#8221;850&#215;350&#8243;][vc_column_text css=&#8221;.vc_custom_1776709220600{margin-bottom: 20px !important;}&#8221;] L\u2019atenci\u00f3 a les persones lesionades en accidents de tr\u00e0nsit continua sent un dels pilars menys","og_url":"https:\/\/www.elcol-legi.org\/w\/les-assegurances-reforcen-el-seu-paper-en-lassistencia-sanitaria-en-accidents\/","og_site_name":"Col-legi de Mediadors d&#039;Assegurances de Barcelona","article_published_time":"2026-04-23T04:00:19+00:00","og_image":[{"width":2560,"height":1707,"url":"https:\/\/www.elcol-legi.org\/w\/wp-content\/uploads\/2026\/04\/usman-malik-kE__1vnDxg4-unsplash-scaled.jpg","type":"image\/jpeg"}],"author":"Marc Alcaraz","twitter_card":"summary_large_image","twitter_misc":{"Escrit per":"Marc Alcaraz","Temps estimat de lectura":"4 minuts"},"schema":{"@context":"https:\/\/schema.org","@graph":[{"@type":"Article","@id":"https:\/\/www.elcol-legi.org\/w\/les-assegurances-reforcen-el-seu-paper-en-lassistencia-sanitaria-en-accidents\/#article","isPartOf":{"@id":"https:\/\/www.elcol-legi.org\/w\/les-assegurances-reforcen-el-seu-paper-en-lassistencia-sanitaria-en-accidents\/"},"author":{"name":"Marc Alcaraz","@id":"https:\/\/www.elcol-legi.org\/w\/#\/schema\/person\/4283d40fbd72a940d5fff484fe5ec410"},"headline":"Les assegurances reforcen el seu paper en l&#8217;assist\u00e8ncia sanit\u00e0ria en accidents","datePublished":"2026-04-23T04:00:19+00:00","mainEntityOfPage":{"@id":"https:\/\/www.elcol-legi.org\/w\/les-assegurances-reforcen-el-seu-paper-en-lassistencia-sanitaria-en-accidents\/"},"wordCount":720,"image":{"@id":"https:\/\/www.elcol-legi.org\/w\/les-assegurances-reforcen-el-seu-paper-en-lassistencia-sanitaria-en-accidents\/#primaryimage"},"thumbnailUrl":"https:\/\/www.elcol-legi.org\/w\/wp-content\/uploads\/2026\/04\/usman-malik-kE__1vnDxg4-unsplash-scaled.jpg","keywords":["mednews 296"],"articleSection":["Articles","Not\u00edcies"],"inLanguage":"ca"},{"@type":"WebPage","@id":"https:\/\/www.elcol-legi.org\/w\/les-assegurances-reforcen-el-seu-paper-en-lassistencia-sanitaria-en-accidents\/","url":"https:\/\/www.elcol-legi.org\/w\/les-assegurances-reforcen-el-seu-paper-en-lassistencia-sanitaria-en-accidents\/","name":"Les assegurances reforcen el seu paper en l'assist\u00e8ncia sanit\u00e0ria en accidents - Col-legi de Mediadors d&#039;Assegurances de Barcelona","isPartOf":{"@id":"https:\/\/www.elcol-legi.org\/w\/#website"},"primaryImageOfPage":{"@id":"https:\/\/www.elcol-legi.org\/w\/les-assegurances-reforcen-el-seu-paper-en-lassistencia-sanitaria-en-accidents\/#primaryimage"},"image":{"@id":"https:\/\/www.elcol-legi.org\/w\/les-assegurances-reforcen-el-seu-paper-en-lassistencia-sanitaria-en-accidents\/#primaryimage"},"thumbnailUrl":"https:\/\/www.elcol-legi.org\/w\/wp-content\/uploads\/2026\/04\/usman-malik-kE__1vnDxg4-unsplash-scaled.jpg","datePublished":"2026-04-23T04:00:19+00:00","author":{"@id":"https:\/\/www.elcol-legi.org\/w\/#\/schema\/person\/4283d40fbd72a940d5fff484fe5ec410"},"breadcrumb":{"@id":"https:\/\/www.elcol-legi.org\/w\/les-assegurances-reforcen-el-seu-paper-en-lassistencia-sanitaria-en-accidents\/#breadcrumb"},"inLanguage":"ca","potentialAction":[{"@type":"ReadAction","target":["https:\/\/www.elcol-legi.org\/w\/les-assegurances-reforcen-el-seu-paper-en-lassistencia-sanitaria-en-accidents\/"]}]},{"@type":"ImageObject","inLanguage":"ca","@id":"https:\/\/www.elcol-legi.org\/w\/les-assegurances-reforcen-el-seu-paper-en-lassistencia-sanitaria-en-accidents\/#primaryimage","url":"https:\/\/www.elcol-legi.org\/w\/wp-content\/uploads\/2026\/04\/usman-malik-kE__1vnDxg4-unsplash-scaled.jpg","contentUrl":"https:\/\/www.elcol-legi.org\/w\/wp-content\/uploads\/2026\/04\/usman-malik-kE__1vnDxg4-unsplash-scaled.jpg","width":2560,"height":1707},{"@type":"BreadcrumbList","@id":"https:\/\/www.elcol-legi.org\/w\/les-assegurances-reforcen-el-seu-paper-en-lassistencia-sanitaria-en-accidents\/#breadcrumb","itemListElement":[{"@type":"ListItem","position":1,"name":"Inici","item":"https:\/\/www.elcol-legi.org\/w\/"},{"@type":"ListItem","position":2,"name":"Les assegurances reforcen el seu paper en l&#8217;assist\u00e8ncia sanit\u00e0ria en accidents"}]},{"@type":"WebSite","@id":"https:\/\/www.elcol-legi.org\/w\/#website","url":"https:\/\/www.elcol-legi.org\/w\/","name":"Col-legi de Mediadors d&#039;Assegurances de Barcelona","description":"Support al mediador d&#039;assegurances","potentialAction":[{"@type":"SearchAction","target":{"@type":"EntryPoint","urlTemplate":"https:\/\/www.elcol-legi.org\/w\/?s={search_term_string}"},"query-input":{"@type":"PropertyValueSpecification","valueRequired":true,"valueName":"search_term_string"}}],"inLanguage":"ca"},{"@type":"Person","@id":"https:\/\/www.elcol-legi.org\/w\/#\/schema\/person\/4283d40fbd72a940d5fff484fe5ec410","name":"Marc Alcaraz","image":{"@type":"ImageObject","inLanguage":"ca","@id":"https:\/\/secure.gravatar.com\/avatar\/e5dee642a130a369f4e8f5fe2d78526e99d5506f34de2f80b7994e63dc58d1b0?s=96&d=mm&r=g","url":"https:\/\/secure.gravatar.com\/avatar\/e5dee642a130a369f4e8f5fe2d78526e99d5506f34de2f80b7994e63dc58d1b0?s=96&d=mm&r=g","contentUrl":"https:\/\/secure.gravatar.com\/avatar\/e5dee642a130a369f4e8f5fe2d78526e99d5506f34de2f80b7994e63dc58d1b0?s=96&d=mm&r=g","caption":"Marc Alcaraz"},"url":"https:\/\/www.elcol-legi.org\/w\/author\/efreire\/"}]}},"_links":{"self":[{"href":"https:\/\/www.elcol-legi.org\/w\/wp-json\/wp\/v2\/posts\/27404","targetHints":{"allow":["GET"]}}],"collection":[{"href":"https:\/\/www.elcol-legi.org\/w\/wp-json\/wp\/v2\/posts"}],"about":[{"href":"https:\/\/www.elcol-legi.org\/w\/wp-json\/wp\/v2\/types\/post"}],"author":[{"embeddable":true,"href":"https:\/\/www.elcol-legi.org\/w\/wp-json\/wp\/v2\/users\/562"}],"replies":[{"embeddable":true,"href":"https:\/\/www.elcol-legi.org\/w\/wp-json\/wp\/v2\/comments?post=27404"}],"version-history":[{"count":2,"href":"https:\/\/www.elcol-legi.org\/w\/wp-json\/wp\/v2\/posts\/27404\/revisions"}],"predecessor-version":[{"id":27412,"href":"https:\/\/www.elcol-legi.org\/w\/wp-json\/wp\/v2\/posts\/27404\/revisions\/27412"}],"wp:featuredmedia":[{"embeddable":true,"href":"https:\/\/www.elcol-legi.org\/w\/wp-json\/wp\/v2\/media\/27405"}],"wp:attachment":[{"href":"https:\/\/www.elcol-legi.org\/w\/wp-json\/wp\/v2\/media?parent=27404"}],"wp:term":[{"taxonomy":"category","embeddable":true,"href":"https:\/\/www.elcol-legi.org\/w\/wp-json\/wp\/v2\/categories?post=27404"},{"taxonomy":"post_tag","embeddable":true,"href":"https:\/\/www.elcol-legi.org\/w\/wp-json\/wp\/v2\/tags?post=27404"}],"curies":[{"name":"wp","href":"https:\/\/api.w.org\/{rel}","templated":true}]}}