{"id":28568,"date":"2026-09-01T14:57:47","date_gmt":"2026-09-01T12:57:47","guid":{"rendered":"https:\/\/www.elcol-legi.org\/w\/?p=28568"},"modified":"2026-09-01T15:26:14","modified_gmt":"2026-09-01T13:26:14","slug":"els-plans-de-pensions-segueixen-forts","status":"publish","type":"post","link":"https:\/\/www.elcol-legi.org\/w\/els-plans-de-pensions-segueixen-forts\/","title":{"rendered":"Els plans de pensions segueixen forts"},"content":{"rendered":"<div class=\"wpb-content-wrapper\"><p>[vc_row][vc_column width=&#8221;3\/4&#8243;][vc_column_text css=&#8221;&#8221;]<\/p>\n<h2>Els plans de pensions assoleixen un r\u00e8cord de 145.107 milions d\u2019euros despr\u00e9s de cr\u00e9ixer un 6,8% en el segon trimestre<\/h2>\n<p>[\/vc_column_text][stm_spacing lg_spacing=&#8221;6&#8243; md_spacing=&#8221;6&#8243; sm_spacing=&#8221;6&#8243; xs_spacing=&#8221;6&#8243;][vc_column_text css=&#8221;&#8221;]<em>4-9-2026<\/em>[\/vc_column_text][vc_column_text css=&#8221;&#8221;]<em><strong>L\u2019augment de les aportacions i el fort impuls dels plans d\u2019ocupaci\u00f3 simplificats reforcen la previsi\u00f3 social complement\u00e0ria<\/strong><\/em>[\/vc_column_text][vc_single_image source=&#8221;featured_image&#8221; img_size=&#8221;850&#215;350&#8243;][vc_column_text css=&#8221;.vc_custom_1788267304822{margin-bottom: 20px !important;}&#8221;]<\/p>\n<p class=\"isSelectedEnd\">El patrimoni gestionat pels plans de pensions a Espanya va assolir a finals de juny un <strong>nou m\u00e0xim hist\u00f2ric de 145.107 milions d\u2019euros<\/strong>, despr\u00e9s de registrar un creixement del <strong>6,8% durant el segon trimestre de 2026<\/strong>, segons les \u00faltimes dades publicades per Inverco.<\/p>\n<p class=\"isSelectedEnd\">L\u2019aven\u00e7 entre abril i juny va estar impulsat principalment per la <strong>revaloritzaci\u00f3 de les carteres<\/strong>, en un trimestre favorable per als mercats financers. En comparaci\u00f3 amb el tancament de 2025, el patrimoni acumulat augmenta un <strong>2,2%<\/strong>, mentre que respecte al juny de 2025 el creixement arriba al <strong>10%<\/strong>.<\/p>\n<p class=\"isSelectedEnd\">Les dades confirmen aix\u00ed la progressiva recuperaci\u00f3 dels actius gestionats per aquest instrument de previsi\u00f3, tot i que la seva evoluci\u00f3 continua estant molt vinculada al comportament dels mercats.<\/p>\n<p class=\"isSelectedEnd\">Les aportacions realitzades als plans de pensions durant els sis primers mesos de l\u2019any van sumar <strong>1.509 milions d\u2019euros<\/strong>, un <strong>8,5% m\u00e9s<\/strong> que en el mateix per\u00edode de 2025.<\/p>\n<p class=\"isSelectedEnd\">El major dinamisme va procedir del <strong>sistema d\u2019ocupaci\u00f3<\/strong>, que va rebre 817 milions d\u2019euros, un <strong>16% m\u00e9s<\/strong> que un any abans.<\/p>\n<p class=\"isSelectedEnd\">Dins d\u2019aquest segment destaca especialment l\u2019evoluci\u00f3 dels <strong>Plans d\u2019Ocupaci\u00f3 Simplificats<\/strong>, les aportacions dels quals es van disparar un <strong>120%<\/strong>, fins a assolir els <strong>272 milions d\u2019euros<\/strong>.<\/p>\n<p class=\"isSelectedEnd\">Aquesta evoluci\u00f3 reflecteix el creixent protagonisme dels nous mecanismes de previsi\u00f3 col\u00b7lectiva, especialment entre treballadors aut\u00f2noms i determinats col\u00b7lectius professionals, i apunta a una major implantaci\u00f3 dels sistemes d\u2019ocupaci\u00f3 com a complement de l\u2019estalvi individual.<\/p>\n<p class=\"isSelectedEnd\">En sentit contrari, les <strong>prestacions pagades van descendir un 19%<\/strong> durant el primer semestre respecte al mateix per\u00edode de l\u2019any anterior.<\/p>\n<p class=\"isSelectedEnd\">Malgrat l\u2019aven\u00e7 de la previsi\u00f3 col\u00b7lectiva, el <strong>sistema individual continua concentrant la major part del patrimoni<\/strong>.<\/p>\n<p class=\"isSelectedEnd\">A finals del segon trimestre gestionava <strong>101.848 milions d\u2019euros<\/strong>, un 5,8% m\u00e9s que un any abans, i acumulava m\u00e9s de <strong>7,2 milions de comptes de part\u00edcips<\/strong>.<\/p>\n<p class=\"isSelectedEnd\">Per la seva banda, el sistema d\u2019ocupaci\u00f3 gestionava <strong>42.421 milions d\u2019euros<\/strong>, amb un creixement interanual del 3,8%, i reunia al voltant de <strong>3,3 milions de comptes<\/strong>.<\/p>\n<p class=\"isSelectedEnd\">En conjunt, els plans de pensions comptabilitzaven <strong>10,6 milions de comptes de part\u00edcips<\/strong>, 78.429 m\u00e9s que a l\u2019inici de 2026.<\/p>\n<h2>Els plans simplificats guanyen pes<\/h2>\n<p class=\"isSelectedEnd\">Un dels elements m\u00e9s destacats del semestre \u00e9s precisament l\u2019avan\u00e7 dels Plans d\u2019Ocupaci\u00f3 Simplificats.<\/p>\n<p class=\"isSelectedEnd\">Aquests productes ja arriben a <strong>1,17 milions de part\u00edcips<\/strong>, despr\u00e9s d\u2019incorporar m\u00e9s de <strong>88.600 nous participants<\/strong> durant el que portem d\u2019any.<\/p>\n<p class=\"isSelectedEnd\">La seva evoluci\u00f3 confirma el paper creixent d\u2019aquests instruments dins de l\u2019estrat\u00e8gia d\u2019extensi\u00f3 de la previsi\u00f3 social complement\u00e0ria, especialment entre col\u00b7lectius que tradicionalment han tingut m\u00e9s dificultats per accedir a sistemes d\u2019estalvi vinculats a l\u2019ocupaci\u00f3.<\/p>\n<h2>Un mercat que recupera atractiu<\/h2>\n<p class=\"isSelectedEnd\">El nou r\u00e8cord patrimonial arriba en un context en qu\u00e8 la necessitat de refor\u00e7ar l\u2019estalvi per a la jubilaci\u00f3 guanya pes en el debat econ\u00f2mic i social.<\/p>\n<p class=\"isSelectedEnd\">L\u2019increment de les aportacions i, especialment, el fort creixement dels sistemes d\u2019ocupaci\u00f3 simplificats mostren que la previsi\u00f3 complement\u00e0ria est\u00e0 ampliant progressivament el seu abast.<\/p>\n<p class=\"isSelectedEnd\">Al mateix temps, l\u2019evoluci\u00f3 del patrimoni posa de manifest la import\u00e0ncia que continua tenint la rendibilitat dels actius en el creixement del sistema: una part substancial de l\u2019augment registrat durant el segon trimestre procedeix de la <strong>revaloritzaci\u00f3 de les inversions<\/strong>, i no \u00fanicament de les noves aportacions.<\/p>\n<p>Amb <strong>145.107 milions d\u2019euros gestionats<\/strong>, els plans de pensions afronten la segona meitat de 2026 des de m\u00e0xims hist\u00f2rics, tot i que el repte de fons continua sent el mateix: <strong>aconseguir que m\u00e9s treballadors incrementin de manera sostinguda el seu estalvi destinat a la jubilaci\u00f3 i que la previsi\u00f3 complement\u00e0ria guanyi pes dins de la planificaci\u00f3 financera de les llars<\/strong>.[\/vc_column_text][vc_row_inner][vc_column_inner width=&#8221;1\/6&#8243;][\/vc_column_inner][vc_column_inner width=&#8221;1\/6&#8243;][\/vc_column_inner][vc_column_inner width=&#8221;1\/6&#8243;][\/vc_column_inner][vc_column_inner width=&#8221;1\/6&#8243;][\/vc_column_inner][\/vc_row_inner][\/vc_column][vc_column width=&#8221;1\/4&#8243;][stm_spacing lg_spacing=&#8221;50&#8243; md_spacing=&#8221;50&#8243; sm_spacing=&#8221;50&#8243; xs_spacing=&#8221;50&#8243;][vc_column_text]<\/p>\n<h2>\u00daltimes not\u00edcies<\/h2>\n<p>[\/vc_column_text][stm_news loop=&#8221;size:4|order_by:date|order:DESC|post_type:post|categories:8&#8243; posts_per_row=&#8221;2&#8243;][\/vc_column][\/vc_row]<\/p>\n<\/div>","protected":false},"excerpt":{"rendered":"<p>[vc_row][vc_column width=&#8221;3\/4&#8243;][vc_column_text css=&#8221;&#8221;] Els plans de pensions assoleixen un r\u00e8cord de 145.107 milions d\u2019euros despr\u00e9s de cr\u00e9ixer un 6,8% en el segon trimestre [\/vc_column_text][stm_spacing lg_spacing=&#8221;6&#8243; md_spacing=&#8221;6&#8243; sm_spacing=&#8221;6&#8243; xs_spacing=&#8221;6&#8243;][vc_column_text css=&#8221;&#8221;]4-9-2026[\/vc_column_text][vc_column_text css=&#8221;&#8221;]L\u2019augment de les aportacions i el fort impuls dels plans d\u2019ocupaci\u00f3 simplificats reforcen la previsi\u00f3 social complement\u00e0ria[\/vc_column_text][vc_single_image source=&#8221;featured_image&#8221; img_size=&#8221;850&#215;350&#8243;][vc_column_text css=&#8221;.vc_custom_1788267304822{margin-bottom: 20px !important;}&#8221;] El patrimoni gestionat pels<\/p>\n","protected":false},"author":562,"featured_media":28569,"comment_status":"closed","ping_status":"open","sticky":false,"template":"","format":"standard","meta":{"footnotes":""},"categories":[8],"tags":[2208],"class_list":["post-28568","post","type-post","status-publish","format-standard","has-post-thumbnail","hentry","category-noticies","tag-mn304"],"yoast_head":"<!-- This site is optimized with the Yoast SEO plugin v28.4 - https:\/\/yoast.com\/product\/yoast-seo-wordpress\/ -->\n<title>Els plans de pensions segueixen forts - Col-legi de Mediadors d&#039;Assegurances de Barcelona<\/title>\n<meta name=\"robots\" content=\"index, follow, max-snippet:-1, max-image-preview:large, max-video-preview:-1\" \/>\n<link rel=\"canonical\" href=\"https:\/\/www.elcol-legi.org\/w\/els-plans-de-pensions-segueixen-forts\/\" \/>\n<meta property=\"og:locale\" content=\"ca_ES\" \/>\n<meta property=\"og:type\" content=\"article\" \/>\n<meta property=\"og:title\" content=\"Els plans de pensions segueixen forts - Col-legi de Mediadors d&#039;Assegurances de Barcelona\" \/>\n<meta property=\"og:description\" content=\"[vc_row][vc_column width=&#8221;3\/4&#8243;][vc_column_text css=&#8221;&#8221;] Els plans de pensions assoleixen un r\u00e8cord de 145.107 milions d\u2019euros despr\u00e9s de cr\u00e9ixer un 6,8% en el segon trimestre [\/vc_column_text][stm_spacing lg_spacing=&#8221;6&#8243; md_spacing=&#8221;6&#8243; sm_spacing=&#8221;6&#8243; xs_spacing=&#8221;6&#8243;][vc_column_text css=&#8221;&#8221;]4-9-2026[\/vc_column_text][vc_column_text css=&#8221;&#8221;]L\u2019augment de les aportacions i el fort impuls dels plans d\u2019ocupaci\u00f3 simplificats reforcen la previsi\u00f3 social complement\u00e0ria[\/vc_column_text][vc_single_image source=&#8221;featured_image&#8221; img_size=&#8221;850&#215;350&#8243;][vc_column_text css=&#8221;.vc_custom_1788267304822{margin-bottom: 20px !important;}&#8221;] El patrimoni gestionat pels\" \/>\n<meta property=\"og:url\" content=\"https:\/\/www.elcol-legi.org\/w\/els-plans-de-pensions-segueixen-forts\/\" \/>\n<meta property=\"og:site_name\" content=\"Col-legi de Mediadors d&#039;Assegurances de Barcelona\" \/>\n<meta property=\"article:published_time\" content=\"2026-09-01T12:57:47+00:00\" \/>\n<meta property=\"article:modified_time\" content=\"2026-09-01T13:26:14+00:00\" \/>\n<meta property=\"og:image\" content=\"https:\/\/www.elcol-legi.org\/w\/wp-content\/uploads\/2026\/09\/Captura-de-pantalla-2026-08-04-a-las-10.08.01.png\" \/>\n\t<meta property=\"og:image:width\" content=\"1216\" \/>\n\t<meta property=\"og:image:height\" content=\"804\" \/>\n\t<meta property=\"og:image:type\" content=\"image\/png\" \/>\n<meta name=\"author\" content=\"Marc Alcaraz\" \/>\n<meta name=\"twitter:card\" content=\"summary_large_image\" \/>\n<meta name=\"twitter:label1\" content=\"Escrit per\" \/>\n\t<meta name=\"twitter:data1\" content=\"Marc Alcaraz\" \/>\n\t<meta name=\"twitter:label2\" content=\"Temps estimat de lectura\" \/>\n\t<meta name=\"twitter:data2\" content=\"4 minuts\" \/>\n<script type=\"application\/ld+json\" class=\"yoast-schema-graph\">{\"@context\":\"https:\\\/\\\/schema.org\",\"@graph\":[{\"@type\":\"Article\",\"@id\":\"https:\\\/\\\/www.elcol-legi.org\\\/w\\\/els-plans-de-pensions-segueixen-forts\\\/#article\",\"isPartOf\":{\"@id\":\"https:\\\/\\\/www.elcol-legi.org\\\/w\\\/els-plans-de-pensions-segueixen-forts\\\/\"},\"author\":{\"name\":\"Marc Alcaraz\",\"@id\":\"https:\\\/\\\/www.elcol-legi.org\\\/w\\\/#\\\/schema\\\/person\\\/4283d40fbd72a940d5fff484fe5ec410\"},\"headline\":\"Els plans de pensions segueixen forts\",\"datePublished\":\"2026-09-01T12:57:47+00:00\",\"dateModified\":\"2026-09-01T13:26:14+00:00\",\"mainEntityOfPage\":{\"@id\":\"https:\\\/\\\/www.elcol-legi.org\\\/w\\\/els-plans-de-pensions-segueixen-forts\\\/\"},\"wordCount\":801,\"image\":{\"@id\":\"https:\\\/\\\/www.elcol-legi.org\\\/w\\\/els-plans-de-pensions-segueixen-forts\\\/#primaryimage\"},\"thumbnailUrl\":\"https:\\\/\\\/www.elcol-legi.org\\\/w\\\/wp-content\\\/uploads\\\/2026\\\/09\\\/Captura-de-pantalla-2026-08-04-a-las-10.08.01.png\",\"keywords\":[\"mn304\"],\"articleSection\":[\"Not\u00edcies\"],\"inLanguage\":\"ca\"},{\"@type\":\"WebPage\",\"@id\":\"https:\\\/\\\/www.elcol-legi.org\\\/w\\\/els-plans-de-pensions-segueixen-forts\\\/\",\"url\":\"https:\\\/\\\/www.elcol-legi.org\\\/w\\\/els-plans-de-pensions-segueixen-forts\\\/\",\"name\":\"Els plans de pensions segueixen forts - Col-legi de Mediadors d&#039;Assegurances de Barcelona\",\"isPartOf\":{\"@id\":\"https:\\\/\\\/www.elcol-legi.org\\\/w\\\/#website\"},\"primaryImageOfPage\":{\"@id\":\"https:\\\/\\\/www.elcol-legi.org\\\/w\\\/els-plans-de-pensions-segueixen-forts\\\/#primaryimage\"},\"image\":{\"@id\":\"https:\\\/\\\/www.elcol-legi.org\\\/w\\\/els-plans-de-pensions-segueixen-forts\\\/#primaryimage\"},\"thumbnailUrl\":\"https:\\\/\\\/www.elcol-legi.org\\\/w\\\/wp-content\\\/uploads\\\/2026\\\/09\\\/Captura-de-pantalla-2026-08-04-a-las-10.08.01.png\",\"datePublished\":\"2026-09-01T12:57:47+00:00\",\"dateModified\":\"2026-09-01T13:26:14+00:00\",\"author\":{\"@id\":\"https:\\\/\\\/www.elcol-legi.org\\\/w\\\/#\\\/schema\\\/person\\\/4283d40fbd72a940d5fff484fe5ec410\"},\"breadcrumb\":{\"@id\":\"https:\\\/\\\/www.elcol-legi.org\\\/w\\\/els-plans-de-pensions-segueixen-forts\\\/#breadcrumb\"},\"inLanguage\":\"ca\",\"potentialAction\":[{\"@type\":\"ReadAction\",\"target\":[\"https:\\\/\\\/www.elcol-legi.org\\\/w\\\/els-plans-de-pensions-segueixen-forts\\\/\"]}]},{\"@type\":\"ImageObject\",\"inLanguage\":\"ca\",\"@id\":\"https:\\\/\\\/www.elcol-legi.org\\\/w\\\/els-plans-de-pensions-segueixen-forts\\\/#primaryimage\",\"url\":\"https:\\\/\\\/www.elcol-legi.org\\\/w\\\/wp-content\\\/uploads\\\/2026\\\/09\\\/Captura-de-pantalla-2026-08-04-a-las-10.08.01.png\",\"contentUrl\":\"https:\\\/\\\/www.elcol-legi.org\\\/w\\\/wp-content\\\/uploads\\\/2026\\\/09\\\/Captura-de-pantalla-2026-08-04-a-las-10.08.01.png\",\"width\":1216,\"height\":804},{\"@type\":\"BreadcrumbList\",\"@id\":\"https:\\\/\\\/www.elcol-legi.org\\\/w\\\/els-plans-de-pensions-segueixen-forts\\\/#breadcrumb\",\"itemListElement\":[{\"@type\":\"ListItem\",\"position\":1,\"name\":\"Inici\",\"item\":\"https:\\\/\\\/www.elcol-legi.org\\\/w\\\/\"},{\"@type\":\"ListItem\",\"position\":2,\"name\":\"Els plans de pensions segueixen forts\"}]},{\"@type\":\"WebSite\",\"@id\":\"https:\\\/\\\/www.elcol-legi.org\\\/w\\\/#website\",\"url\":\"https:\\\/\\\/www.elcol-legi.org\\\/w\\\/\",\"name\":\"Col-legi de Mediadors d&#039;Assegurances de Barcelona\",\"description\":\"Support al mediador d&#039;assegurances\",\"potentialAction\":[{\"@type\":\"SearchAction\",\"target\":{\"@type\":\"EntryPoint\",\"urlTemplate\":\"https:\\\/\\\/www.elcol-legi.org\\\/w\\\/?s={search_term_string}\"},\"query-input\":{\"@type\":\"PropertyValueSpecification\",\"valueRequired\":true,\"valueName\":\"search_term_string\"}}],\"inLanguage\":\"ca\"},{\"@type\":\"Person\",\"@id\":\"https:\\\/\\\/www.elcol-legi.org\\\/w\\\/#\\\/schema\\\/person\\\/4283d40fbd72a940d5fff484fe5ec410\",\"name\":\"Marc Alcaraz\",\"image\":{\"@type\":\"ImageObject\",\"inLanguage\":\"ca\",\"@id\":\"https:\\\/\\\/secure.gravatar.com\\\/avatar\\\/e5dee642a130a369f4e8f5fe2d78526e99d5506f34de2f80b7994e63dc58d1b0?s=96&d=mm&r=g\",\"url\":\"https:\\\/\\\/secure.gravatar.com\\\/avatar\\\/e5dee642a130a369f4e8f5fe2d78526e99d5506f34de2f80b7994e63dc58d1b0?s=96&d=mm&r=g\",\"contentUrl\":\"https:\\\/\\\/secure.gravatar.com\\\/avatar\\\/e5dee642a130a369f4e8f5fe2d78526e99d5506f34de2f80b7994e63dc58d1b0?s=96&d=mm&r=g\",\"caption\":\"Marc Alcaraz\"},\"url\":\"https:\\\/\\\/www.elcol-legi.org\\\/w\\\/author\\\/efreire\\\/\"}]}<\/script>\n<!-- \/ Yoast SEO plugin. -->","yoast_head_json":{"title":"Els plans de pensions segueixen forts - Col-legi de Mediadors d&#039;Assegurances de Barcelona","robots":{"index":"index","follow":"follow","max-snippet":"max-snippet:-1","max-image-preview":"max-image-preview:large","max-video-preview":"max-video-preview:-1"},"canonical":"https:\/\/www.elcol-legi.org\/w\/els-plans-de-pensions-segueixen-forts\/","og_locale":"ca_ES","og_type":"article","og_title":"Els plans de pensions segueixen forts - Col-legi de Mediadors d&#039;Assegurances de Barcelona","og_description":"[vc_row][vc_column width=&#8221;3\/4&#8243;][vc_column_text css=&#8221;&#8221;] Els plans de pensions assoleixen un r\u00e8cord de 145.107 milions d\u2019euros despr\u00e9s de cr\u00e9ixer un 6,8% en el segon trimestre [\/vc_column_text][stm_spacing lg_spacing=&#8221;6&#8243; md_spacing=&#8221;6&#8243; sm_spacing=&#8221;6&#8243; xs_spacing=&#8221;6&#8243;][vc_column_text css=&#8221;&#8221;]4-9-2026[\/vc_column_text][vc_column_text css=&#8221;&#8221;]L\u2019augment de les aportacions i el fort impuls dels plans d\u2019ocupaci\u00f3 simplificats reforcen la previsi\u00f3 social complement\u00e0ria[\/vc_column_text][vc_single_image source=&#8221;featured_image&#8221; img_size=&#8221;850&#215;350&#8243;][vc_column_text css=&#8221;.vc_custom_1788267304822{margin-bottom: 20px !important;}&#8221;] El patrimoni gestionat pels","og_url":"https:\/\/www.elcol-legi.org\/w\/els-plans-de-pensions-segueixen-forts\/","og_site_name":"Col-legi de Mediadors d&#039;Assegurances de Barcelona","article_published_time":"2026-09-01T12:57:47+00:00","article_modified_time":"2026-09-01T13:26:14+00:00","og_image":[{"width":1216,"height":804,"url":"https:\/\/www.elcol-legi.org\/w\/wp-content\/uploads\/2026\/09\/Captura-de-pantalla-2026-08-04-a-las-10.08.01.png","type":"image\/png"}],"author":"Marc Alcaraz","twitter_card":"summary_large_image","twitter_misc":{"Escrit per":"Marc Alcaraz","Temps estimat de lectura":"4 minuts"},"schema":{"@context":"https:\/\/schema.org","@graph":[{"@type":"Article","@id":"https:\/\/www.elcol-legi.org\/w\/els-plans-de-pensions-segueixen-forts\/#article","isPartOf":{"@id":"https:\/\/www.elcol-legi.org\/w\/els-plans-de-pensions-segueixen-forts\/"},"author":{"name":"Marc Alcaraz","@id":"https:\/\/www.elcol-legi.org\/w\/#\/schema\/person\/4283d40fbd72a940d5fff484fe5ec410"},"headline":"Els plans de pensions segueixen forts","datePublished":"2026-09-01T12:57:47+00:00","dateModified":"2026-09-01T13:26:14+00:00","mainEntityOfPage":{"@id":"https:\/\/www.elcol-legi.org\/w\/els-plans-de-pensions-segueixen-forts\/"},"wordCount":801,"image":{"@id":"https:\/\/www.elcol-legi.org\/w\/els-plans-de-pensions-segueixen-forts\/#primaryimage"},"thumbnailUrl":"https:\/\/www.elcol-legi.org\/w\/wp-content\/uploads\/2026\/09\/Captura-de-pantalla-2026-08-04-a-las-10.08.01.png","keywords":["mn304"],"articleSection":["Not\u00edcies"],"inLanguage":"ca"},{"@type":"WebPage","@id":"https:\/\/www.elcol-legi.org\/w\/els-plans-de-pensions-segueixen-forts\/","url":"https:\/\/www.elcol-legi.org\/w\/els-plans-de-pensions-segueixen-forts\/","name":"Els plans de pensions segueixen forts - Col-legi de Mediadors d&#039;Assegurances de Barcelona","isPartOf":{"@id":"https:\/\/www.elcol-legi.org\/w\/#website"},"primaryImageOfPage":{"@id":"https:\/\/www.elcol-legi.org\/w\/els-plans-de-pensions-segueixen-forts\/#primaryimage"},"image":{"@id":"https:\/\/www.elcol-legi.org\/w\/els-plans-de-pensions-segueixen-forts\/#primaryimage"},"thumbnailUrl":"https:\/\/www.elcol-legi.org\/w\/wp-content\/uploads\/2026\/09\/Captura-de-pantalla-2026-08-04-a-las-10.08.01.png","datePublished":"2026-09-01T12:57:47+00:00","dateModified":"2026-09-01T13:26:14+00:00","author":{"@id":"https:\/\/www.elcol-legi.org\/w\/#\/schema\/person\/4283d40fbd72a940d5fff484fe5ec410"},"breadcrumb":{"@id":"https:\/\/www.elcol-legi.org\/w\/els-plans-de-pensions-segueixen-forts\/#breadcrumb"},"inLanguage":"ca","potentialAction":[{"@type":"ReadAction","target":["https:\/\/www.elcol-legi.org\/w\/els-plans-de-pensions-segueixen-forts\/"]}]},{"@type":"ImageObject","inLanguage":"ca","@id":"https:\/\/www.elcol-legi.org\/w\/els-plans-de-pensions-segueixen-forts\/#primaryimage","url":"https:\/\/www.elcol-legi.org\/w\/wp-content\/uploads\/2026\/09\/Captura-de-pantalla-2026-08-04-a-las-10.08.01.png","contentUrl":"https:\/\/www.elcol-legi.org\/w\/wp-content\/uploads\/2026\/09\/Captura-de-pantalla-2026-08-04-a-las-10.08.01.png","width":1216,"height":804},{"@type":"BreadcrumbList","@id":"https:\/\/www.elcol-legi.org\/w\/els-plans-de-pensions-segueixen-forts\/#breadcrumb","itemListElement":[{"@type":"ListItem","position":1,"name":"Inici","item":"https:\/\/www.elcol-legi.org\/w\/"},{"@type":"ListItem","position":2,"name":"Els plans de pensions segueixen forts"}]},{"@type":"WebSite","@id":"https:\/\/www.elcol-legi.org\/w\/#website","url":"https:\/\/www.elcol-legi.org\/w\/","name":"Col-legi de Mediadors d&#039;Assegurances de Barcelona","description":"Support al mediador d&#039;assegurances","potentialAction":[{"@type":"SearchAction","target":{"@type":"EntryPoint","urlTemplate":"https:\/\/www.elcol-legi.org\/w\/?s={search_term_string}"},"query-input":{"@type":"PropertyValueSpecification","valueRequired":true,"valueName":"search_term_string"}}],"inLanguage":"ca"},{"@type":"Person","@id":"https:\/\/www.elcol-legi.org\/w\/#\/schema\/person\/4283d40fbd72a940d5fff484fe5ec410","name":"Marc Alcaraz","image":{"@type":"ImageObject","inLanguage":"ca","@id":"https:\/\/secure.gravatar.com\/avatar\/e5dee642a130a369f4e8f5fe2d78526e99d5506f34de2f80b7994e63dc58d1b0?s=96&d=mm&r=g","url":"https:\/\/secure.gravatar.com\/avatar\/e5dee642a130a369f4e8f5fe2d78526e99d5506f34de2f80b7994e63dc58d1b0?s=96&d=mm&r=g","contentUrl":"https:\/\/secure.gravatar.com\/avatar\/e5dee642a130a369f4e8f5fe2d78526e99d5506f34de2f80b7994e63dc58d1b0?s=96&d=mm&r=g","caption":"Marc Alcaraz"},"url":"https:\/\/www.elcol-legi.org\/w\/author\/efreire\/"}]}},"_links":{"self":[{"href":"https:\/\/www.elcol-legi.org\/w\/wp-json\/wp\/v2\/posts\/28568","targetHints":{"allow":["GET"]}}],"collection":[{"href":"https:\/\/www.elcol-legi.org\/w\/wp-json\/wp\/v2\/posts"}],"about":[{"href":"https:\/\/www.elcol-legi.org\/w\/wp-json\/wp\/v2\/types\/post"}],"author":[{"embeddable":true,"href":"https:\/\/www.elcol-legi.org\/w\/wp-json\/wp\/v2\/users\/562"}],"replies":[{"embeddable":true,"href":"https:\/\/www.elcol-legi.org\/w\/wp-json\/wp\/v2\/comments?post=28568"}],"version-history":[{"count":1,"href":"https:\/\/www.elcol-legi.org\/w\/wp-json\/wp\/v2\/posts\/28568\/revisions"}],"predecessor-version":[{"id":28572,"href":"https:\/\/www.elcol-legi.org\/w\/wp-json\/wp\/v2\/posts\/28568\/revisions\/28572"}],"wp:featuredmedia":[{"embeddable":true,"href":"https:\/\/www.elcol-legi.org\/w\/wp-json\/wp\/v2\/media\/28569"}],"wp:attachment":[{"href":"https:\/\/www.elcol-legi.org\/w\/wp-json\/wp\/v2\/media?parent=28568"}],"wp:term":[{"taxonomy":"category","embeddable":true,"href":"https:\/\/www.elcol-legi.org\/w\/wp-json\/wp\/v2\/categories?post=28568"},{"taxonomy":"post_tag","embeddable":true,"href":"https:\/\/www.elcol-legi.org\/w\/wp-json\/wp\/v2\/tags?post=28568"}],"curies":[{"name":"wp","href":"https:\/\/api.w.org\/{rel}","templated":true}]}}