{"id":28585,"date":"2026-09-01T15:50:14","date_gmt":"2026-09-01T13:50:14","guid":{"rendered":"https:\/\/www.elcol-legi.org\/w\/28585\/"},"modified":"2026-09-01T15:52:50","modified_gmt":"2026-09-01T13:52:50","slug":"28585","status":"publish","type":"post","link":"https:\/\/www.elcol-legi.org\/w\/28585\/","title":{"rendered":"L&#8217;era dels AI hackers"},"content":{"rendered":"<div class=\"wpb-content-wrapper\"><p>[vc_row][vc_column width=&#8221;3\/4&#8243;][vc_column_text css=&#8221;&#8221;]<\/p>\n<h2 class=\"p1\"><b>L&#8217;era dels AI hackers: la gran palanca de creixement per a l&#8217;asseguran\u00e7a de ciberrisc en empresas<\/b><i><\/i><\/h2>\n<p>[\/vc_column_text][stm_spacing lg_spacing=&#8221;6&#8243; md_spacing=&#8221;6&#8243; sm_spacing=&#8221;6&#8243; xs_spacing=&#8221;6&#8243;][vc_column_text css=&#8221;&#8221;]<em>4-9-26<\/em>[\/vc_column_text][vc_column_text css=&#8221;&#8221;]<\/p>\n<p class=\"p2\"><i>Els nous models d&#8217;intel\u00b7lig\u00e8ncia artificial han creat un tipo de ciberdelincuent que no existia fa dos anys<\/i><\/p>\n<p>[\/vc_column_text][vc_single_image source=&#8221;featured_image&#8221; img_size=&#8221;850&#215;350&#8243;][vc_column_text css=&#8221;.vc_custom_1788269799513{margin-bottom: 20px !important;}&#8221;]<\/p>\n<p class=\"isSelectedEnd\"><em>Els nous models d\u2019intel\u00b7lig\u00e8ncia artificial han creat un tipus de ciberdelinq\u00fcent que no existia fa dos anys: un actor capa\u00e7 de llan\u00e7ar campanyes de hacking i phishing personalitzades a escala industrial. Per a les empreses, aix\u00f2 redefineix el mapa del risc. Per al mediador d\u2019assegurances, obre la major oportunitat d\u2019especialitzaci\u00f3 de la seva hist\u00f2ria recent.<\/em><\/p>\n<p>&nbsp;<\/p>\n<p class=\"isSelectedEnd\"><em>Per accedir a l\u2019article (nom\u00e9s per a col\u00b7legiats):<\/em><\/p>\n<p>&nbsp;<\/p>\n<p class=\"isSelectedEnd\"><a href=\"https:\/\/www.elcol-legi.org\/w\/download\/nota-ass-digital-03-2026-la-era-dels-ai-hackers\/\" data-rich-text-autolink=\"\">https:\/\/www.elcol-legi.org\/w\/download\/nota-ass-digital-03-2026-la-era-dels-ai-hackers\/<\/a><\/p>\n<p>Un article de <strong>Pau Llamb\u00ed, assessor del Col\u00b7legi<\/strong><br \/>\n[\/vc_column_text][vc_row_inner][vc_column_inner width=&#8221;1\/6&#8243;][\/vc_column_inner][vc_column_inner width=&#8221;1\/6&#8243;][\/vc_column_inner][vc_column_inner width=&#8221;1\/6&#8243;][\/vc_column_inner][vc_column_inner width=&#8221;1\/6&#8243;][\/vc_column_inner][\/vc_row_inner][\/vc_column][vc_column width=&#8221;1\/4&#8243;][stm_spacing lg_spacing=&#8221;50&#8243; md_spacing=&#8221;50&#8243; sm_spacing=&#8221;50&#8243; xs_spacing=&#8221;50&#8243;][vc_column_text]<\/p>\n<h2>\u00daltimas noticias<\/h2>\n<p>[\/vc_column_text][stm_news loop=&#8221;size:4|order_by:date|order:DESC|post_type:post|categories:8&#8243; posts_per_row=&#8221;2&#8243;][\/vc_column][\/vc_row]<\/p>\n<\/div>","protected":false},"excerpt":{"rendered":"<p>[vc_row][vc_column width=&#8221;3\/4&#8243;][vc_column_text css=&#8221;&#8221;] L&#8217;era dels AI hackers: la gran palanca de creixement per a l&#8217;asseguran\u00e7a de ciberrisc en empresas [\/vc_column_text][stm_spacing lg_spacing=&#8221;6&#8243; md_spacing=&#8221;6&#8243; sm_spacing=&#8221;6&#8243; xs_spacing=&#8221;6&#8243;][vc_column_text css=&#8221;&#8221;]4-9-26[\/vc_column_text][vc_column_text css=&#8221;&#8221;] Els nous models d&#8217;intel\u00b7lig\u00e8ncia artificial han creat un tipo de ciberdelincuent que no existia fa dos anys [\/vc_column_text][vc_single_image source=&#8221;featured_image&#8221; img_size=&#8221;850&#215;350&#8243;][vc_column_text css=&#8221;.vc_custom_1788269799513{margin-bottom: 20px !important;}&#8221;] Els nous models d\u2019intel\u00b7lig\u00e8ncia artificial han<\/p>\n","protected":false},"author":562,"featured_media":28581,"comment_status":"closed","ping_status":"open","sticky":false,"template":"","format":"standard","meta":{"footnotes":""},"categories":[8],"tags":[2211],"class_list":["post-28585","post","type-post","status-publish","format-standard","has-post-thumbnail","hentry","category-noticies","tag-mn-304"],"yoast_head":"<!-- This site is optimized with the Yoast SEO plugin v28.4 - https:\/\/yoast.com\/product\/yoast-seo-wordpress\/ -->\n<title>L&#039;era dels AI hackers - Col-legi de Mediadors d&#039;Assegurances de Barcelona<\/title>\n<meta name=\"robots\" content=\"index, follow, max-snippet:-1, max-image-preview:large, max-video-preview:-1\" \/>\n<link rel=\"canonical\" href=\"https:\/\/www.elcol-legi.org\/w\/28585\/\" \/>\n<meta property=\"og:locale\" content=\"ca_ES\" \/>\n<meta property=\"og:type\" content=\"article\" \/>\n<meta property=\"og:title\" content=\"L&#039;era dels AI hackers - Col-legi de Mediadors d&#039;Assegurances de Barcelona\" \/>\n<meta property=\"og:description\" content=\"[vc_row][vc_column width=&#8221;3\/4&#8243;][vc_column_text css=&#8221;&#8221;] L&#8217;era dels AI hackers: la gran palanca de creixement per a l&#8217;asseguran\u00e7a de ciberrisc en empresas [\/vc_column_text][stm_spacing lg_spacing=&#8221;6&#8243; md_spacing=&#8221;6&#8243; sm_spacing=&#8221;6&#8243; xs_spacing=&#8221;6&#8243;][vc_column_text css=&#8221;&#8221;]4-9-26[\/vc_column_text][vc_column_text css=&#8221;&#8221;] Els nous models d&#8217;intel\u00b7lig\u00e8ncia artificial han creat un tipo de ciberdelincuent que no existia fa dos anys [\/vc_column_text][vc_single_image source=&#8221;featured_image&#8221; img_size=&#8221;850&#215;350&#8243;][vc_column_text css=&#8221;.vc_custom_1788269799513{margin-bottom: 20px !important;}&#8221;] Els nous models d\u2019intel\u00b7lig\u00e8ncia artificial han\" \/>\n<meta property=\"og:url\" content=\"https:\/\/www.elcol-legi.org\/w\/28585\/\" \/>\n<meta property=\"og:site_name\" content=\"Col-legi de Mediadors d&#039;Assegurances de Barcelona\" \/>\n<meta property=\"article:published_time\" content=\"2026-09-01T13:50:14+00:00\" \/>\n<meta property=\"article:modified_time\" content=\"2026-09-01T13:52:50+00:00\" \/>\n<meta property=\"og:image\" content=\"https:\/\/www.elcol-legi.org\/w\/wp-content\/uploads\/2026\/09\/andras-vas-Bd7gNnWJBkU-unsplash-scaled.jpg\" \/>\n\t<meta property=\"og:image:width\" content=\"2048\" \/>\n\t<meta property=\"og:image:height\" content=\"2560\" \/>\n\t<meta property=\"og:image:type\" content=\"image\/jpeg\" \/>\n<meta name=\"author\" content=\"Marc Alcaraz\" \/>\n<meta name=\"twitter:card\" content=\"summary_large_image\" \/>\n<meta name=\"twitter:label1\" content=\"Escrit per\" \/>\n\t<meta name=\"twitter:data1\" content=\"Marc Alcaraz\" \/>\n\t<meta name=\"twitter:label2\" content=\"Temps estimat de lectura\" \/>\n\t<meta name=\"twitter:data2\" content=\"1 minut\" \/>\n<script type=\"application\/ld+json\" class=\"yoast-schema-graph\">{\"@context\":\"https:\\\/\\\/schema.org\",\"@graph\":[{\"@type\":\"Article\",\"@id\":\"https:\\\/\\\/www.elcol-legi.org\\\/w\\\/28585\\\/#article\",\"isPartOf\":{\"@id\":\"https:\\\/\\\/www.elcol-legi.org\\\/w\\\/28585\\\/\"},\"author\":{\"name\":\"Marc Alcaraz\",\"@id\":\"https:\\\/\\\/www.elcol-legi.org\\\/w\\\/#\\\/schema\\\/person\\\/4283d40fbd72a940d5fff484fe5ec410\"},\"headline\":\"L&#8217;era dels AI hackers\",\"datePublished\":\"2026-09-01T13:50:14+00:00\",\"dateModified\":\"2026-09-01T13:52:50+00:00\",\"mainEntityOfPage\":{\"@id\":\"https:\\\/\\\/www.elcol-legi.org\\\/w\\\/28585\\\/\"},\"wordCount\":274,\"image\":{\"@id\":\"https:\\\/\\\/www.elcol-legi.org\\\/w\\\/28585\\\/#primaryimage\"},\"thumbnailUrl\":\"https:\\\/\\\/www.elcol-legi.org\\\/w\\\/wp-content\\\/uploads\\\/2026\\\/09\\\/andras-vas-Bd7gNnWJBkU-unsplash-scaled.jpg\",\"keywords\":[\"MN 304\"],\"articleSection\":[\"Not\u00edcies\"],\"inLanguage\":\"ca\"},{\"@type\":\"WebPage\",\"@id\":\"https:\\\/\\\/www.elcol-legi.org\\\/w\\\/28585\\\/\",\"url\":\"https:\\\/\\\/www.elcol-legi.org\\\/w\\\/28585\\\/\",\"name\":\"L'era dels AI hackers - Col-legi de Mediadors d&#039;Assegurances de Barcelona\",\"isPartOf\":{\"@id\":\"https:\\\/\\\/www.elcol-legi.org\\\/w\\\/#website\"},\"primaryImageOfPage\":{\"@id\":\"https:\\\/\\\/www.elcol-legi.org\\\/w\\\/28585\\\/#primaryimage\"},\"image\":{\"@id\":\"https:\\\/\\\/www.elcol-legi.org\\\/w\\\/28585\\\/#primaryimage\"},\"thumbnailUrl\":\"https:\\\/\\\/www.elcol-legi.org\\\/w\\\/wp-content\\\/uploads\\\/2026\\\/09\\\/andras-vas-Bd7gNnWJBkU-unsplash-scaled.jpg\",\"datePublished\":\"2026-09-01T13:50:14+00:00\",\"dateModified\":\"2026-09-01T13:52:50+00:00\",\"author\":{\"@id\":\"https:\\\/\\\/www.elcol-legi.org\\\/w\\\/#\\\/schema\\\/person\\\/4283d40fbd72a940d5fff484fe5ec410\"},\"breadcrumb\":{\"@id\":\"https:\\\/\\\/www.elcol-legi.org\\\/w\\\/28585\\\/#breadcrumb\"},\"inLanguage\":\"ca\",\"potentialAction\":[{\"@type\":\"ReadAction\",\"target\":[\"https:\\\/\\\/www.elcol-legi.org\\\/w\\\/28585\\\/\"]}]},{\"@type\":\"ImageObject\",\"inLanguage\":\"ca\",\"@id\":\"https:\\\/\\\/www.elcol-legi.org\\\/w\\\/28585\\\/#primaryimage\",\"url\":\"https:\\\/\\\/www.elcol-legi.org\\\/w\\\/wp-content\\\/uploads\\\/2026\\\/09\\\/andras-vas-Bd7gNnWJBkU-unsplash-scaled.jpg\",\"contentUrl\":\"https:\\\/\\\/www.elcol-legi.org\\\/w\\\/wp-content\\\/uploads\\\/2026\\\/09\\\/andras-vas-Bd7gNnWJBkU-unsplash-scaled.jpg\",\"width\":2048,\"height\":2560},{\"@type\":\"BreadcrumbList\",\"@id\":\"https:\\\/\\\/www.elcol-legi.org\\\/w\\\/28585\\\/#breadcrumb\",\"itemListElement\":[{\"@type\":\"ListItem\",\"position\":1,\"name\":\"Inici\",\"item\":\"https:\\\/\\\/www.elcol-legi.org\\\/w\\\/\"},{\"@type\":\"ListItem\",\"position\":2,\"name\":\"L&#8217;era dels AI hackers\"}]},{\"@type\":\"WebSite\",\"@id\":\"https:\\\/\\\/www.elcol-legi.org\\\/w\\\/#website\",\"url\":\"https:\\\/\\\/www.elcol-legi.org\\\/w\\\/\",\"name\":\"Col-legi de Mediadors d&#039;Assegurances de Barcelona\",\"description\":\"Support al mediador d&#039;assegurances\",\"potentialAction\":[{\"@type\":\"SearchAction\",\"target\":{\"@type\":\"EntryPoint\",\"urlTemplate\":\"https:\\\/\\\/www.elcol-legi.org\\\/w\\\/?s={search_term_string}\"},\"query-input\":{\"@type\":\"PropertyValueSpecification\",\"valueRequired\":true,\"valueName\":\"search_term_string\"}}],\"inLanguage\":\"ca\"},{\"@type\":\"Person\",\"@id\":\"https:\\\/\\\/www.elcol-legi.org\\\/w\\\/#\\\/schema\\\/person\\\/4283d40fbd72a940d5fff484fe5ec410\",\"name\":\"Marc Alcaraz\",\"image\":{\"@type\":\"ImageObject\",\"inLanguage\":\"ca\",\"@id\":\"https:\\\/\\\/secure.gravatar.com\\\/avatar\\\/e5dee642a130a369f4e8f5fe2d78526e99d5506f34de2f80b7994e63dc58d1b0?s=96&d=mm&r=g\",\"url\":\"https:\\\/\\\/secure.gravatar.com\\\/avatar\\\/e5dee642a130a369f4e8f5fe2d78526e99d5506f34de2f80b7994e63dc58d1b0?s=96&d=mm&r=g\",\"contentUrl\":\"https:\\\/\\\/secure.gravatar.com\\\/avatar\\\/e5dee642a130a369f4e8f5fe2d78526e99d5506f34de2f80b7994e63dc58d1b0?s=96&d=mm&r=g\",\"caption\":\"Marc Alcaraz\"},\"url\":\"https:\\\/\\\/www.elcol-legi.org\\\/w\\\/author\\\/efreire\\\/\"}]}<\/script>\n<!-- \/ Yoast SEO plugin. -->","yoast_head_json":{"title":"L'era dels AI hackers - Col-legi de Mediadors d&#039;Assegurances de Barcelona","robots":{"index":"index","follow":"follow","max-snippet":"max-snippet:-1","max-image-preview":"max-image-preview:large","max-video-preview":"max-video-preview:-1"},"canonical":"https:\/\/www.elcol-legi.org\/w\/28585\/","og_locale":"ca_ES","og_type":"article","og_title":"L'era dels AI hackers - Col-legi de Mediadors d&#039;Assegurances de Barcelona","og_description":"[vc_row][vc_column width=&#8221;3\/4&#8243;][vc_column_text css=&#8221;&#8221;] L&#8217;era dels AI hackers: la gran palanca de creixement per a l&#8217;asseguran\u00e7a de ciberrisc en empresas [\/vc_column_text][stm_spacing lg_spacing=&#8221;6&#8243; md_spacing=&#8221;6&#8243; sm_spacing=&#8221;6&#8243; xs_spacing=&#8221;6&#8243;][vc_column_text css=&#8221;&#8221;]4-9-26[\/vc_column_text][vc_column_text css=&#8221;&#8221;] Els nous models d&#8217;intel\u00b7lig\u00e8ncia artificial han creat un tipo de ciberdelincuent que no existia fa dos anys [\/vc_column_text][vc_single_image source=&#8221;featured_image&#8221; img_size=&#8221;850&#215;350&#8243;][vc_column_text css=&#8221;.vc_custom_1788269799513{margin-bottom: 20px !important;}&#8221;] Els nous models d\u2019intel\u00b7lig\u00e8ncia artificial han","og_url":"https:\/\/www.elcol-legi.org\/w\/28585\/","og_site_name":"Col-legi de Mediadors d&#039;Assegurances de Barcelona","article_published_time":"2026-09-01T13:50:14+00:00","article_modified_time":"2026-09-01T13:52:50+00:00","og_image":[{"width":2048,"height":2560,"url":"https:\/\/www.elcol-legi.org\/w\/wp-content\/uploads\/2026\/09\/andras-vas-Bd7gNnWJBkU-unsplash-scaled.jpg","type":"image\/jpeg"}],"author":"Marc Alcaraz","twitter_card":"summary_large_image","twitter_misc":{"Escrit per":"Marc Alcaraz","Temps estimat de lectura":"1 minut"},"schema":{"@context":"https:\/\/schema.org","@graph":[{"@type":"Article","@id":"https:\/\/www.elcol-legi.org\/w\/28585\/#article","isPartOf":{"@id":"https:\/\/www.elcol-legi.org\/w\/28585\/"},"author":{"name":"Marc Alcaraz","@id":"https:\/\/www.elcol-legi.org\/w\/#\/schema\/person\/4283d40fbd72a940d5fff484fe5ec410"},"headline":"L&#8217;era dels AI hackers","datePublished":"2026-09-01T13:50:14+00:00","dateModified":"2026-09-01T13:52:50+00:00","mainEntityOfPage":{"@id":"https:\/\/www.elcol-legi.org\/w\/28585\/"},"wordCount":274,"image":{"@id":"https:\/\/www.elcol-legi.org\/w\/28585\/#primaryimage"},"thumbnailUrl":"https:\/\/www.elcol-legi.org\/w\/wp-content\/uploads\/2026\/09\/andras-vas-Bd7gNnWJBkU-unsplash-scaled.jpg","keywords":["MN 304"],"articleSection":["Not\u00edcies"],"inLanguage":"ca"},{"@type":"WebPage","@id":"https:\/\/www.elcol-legi.org\/w\/28585\/","url":"https:\/\/www.elcol-legi.org\/w\/28585\/","name":"L'era dels AI hackers - Col-legi de Mediadors d&#039;Assegurances de Barcelona","isPartOf":{"@id":"https:\/\/www.elcol-legi.org\/w\/#website"},"primaryImageOfPage":{"@id":"https:\/\/www.elcol-legi.org\/w\/28585\/#primaryimage"},"image":{"@id":"https:\/\/www.elcol-legi.org\/w\/28585\/#primaryimage"},"thumbnailUrl":"https:\/\/www.elcol-legi.org\/w\/wp-content\/uploads\/2026\/09\/andras-vas-Bd7gNnWJBkU-unsplash-scaled.jpg","datePublished":"2026-09-01T13:50:14+00:00","dateModified":"2026-09-01T13:52:50+00:00","author":{"@id":"https:\/\/www.elcol-legi.org\/w\/#\/schema\/person\/4283d40fbd72a940d5fff484fe5ec410"},"breadcrumb":{"@id":"https:\/\/www.elcol-legi.org\/w\/28585\/#breadcrumb"},"inLanguage":"ca","potentialAction":[{"@type":"ReadAction","target":["https:\/\/www.elcol-legi.org\/w\/28585\/"]}]},{"@type":"ImageObject","inLanguage":"ca","@id":"https:\/\/www.elcol-legi.org\/w\/28585\/#primaryimage","url":"https:\/\/www.elcol-legi.org\/w\/wp-content\/uploads\/2026\/09\/andras-vas-Bd7gNnWJBkU-unsplash-scaled.jpg","contentUrl":"https:\/\/www.elcol-legi.org\/w\/wp-content\/uploads\/2026\/09\/andras-vas-Bd7gNnWJBkU-unsplash-scaled.jpg","width":2048,"height":2560},{"@type":"BreadcrumbList","@id":"https:\/\/www.elcol-legi.org\/w\/28585\/#breadcrumb","itemListElement":[{"@type":"ListItem","position":1,"name":"Inici","item":"https:\/\/www.elcol-legi.org\/w\/"},{"@type":"ListItem","position":2,"name":"L&#8217;era dels AI hackers"}]},{"@type":"WebSite","@id":"https:\/\/www.elcol-legi.org\/w\/#website","url":"https:\/\/www.elcol-legi.org\/w\/","name":"Col-legi de Mediadors d&#039;Assegurances de Barcelona","description":"Support al mediador d&#039;assegurances","potentialAction":[{"@type":"SearchAction","target":{"@type":"EntryPoint","urlTemplate":"https:\/\/www.elcol-legi.org\/w\/?s={search_term_string}"},"query-input":{"@type":"PropertyValueSpecification","valueRequired":true,"valueName":"search_term_string"}}],"inLanguage":"ca"},{"@type":"Person","@id":"https:\/\/www.elcol-legi.org\/w\/#\/schema\/person\/4283d40fbd72a940d5fff484fe5ec410","name":"Marc Alcaraz","image":{"@type":"ImageObject","inLanguage":"ca","@id":"https:\/\/secure.gravatar.com\/avatar\/e5dee642a130a369f4e8f5fe2d78526e99d5506f34de2f80b7994e63dc58d1b0?s=96&d=mm&r=g","url":"https:\/\/secure.gravatar.com\/avatar\/e5dee642a130a369f4e8f5fe2d78526e99d5506f34de2f80b7994e63dc58d1b0?s=96&d=mm&r=g","contentUrl":"https:\/\/secure.gravatar.com\/avatar\/e5dee642a130a369f4e8f5fe2d78526e99d5506f34de2f80b7994e63dc58d1b0?s=96&d=mm&r=g","caption":"Marc Alcaraz"},"url":"https:\/\/www.elcol-legi.org\/w\/author\/efreire\/"}]}},"_links":{"self":[{"href":"https:\/\/www.elcol-legi.org\/w\/wp-json\/wp\/v2\/posts\/28585","targetHints":{"allow":["GET"]}}],"collection":[{"href":"https:\/\/www.elcol-legi.org\/w\/wp-json\/wp\/v2\/posts"}],"about":[{"href":"https:\/\/www.elcol-legi.org\/w\/wp-json\/wp\/v2\/types\/post"}],"author":[{"embeddable":true,"href":"https:\/\/www.elcol-legi.org\/w\/wp-json\/wp\/v2\/users\/562"}],"replies":[{"embeddable":true,"href":"https:\/\/www.elcol-legi.org\/w\/wp-json\/wp\/v2\/comments?post=28585"}],"version-history":[{"count":3,"href":"https:\/\/www.elcol-legi.org\/w\/wp-json\/wp\/v2\/posts\/28585\/revisions"}],"predecessor-version":[{"id":28589,"href":"https:\/\/www.elcol-legi.org\/w\/wp-json\/wp\/v2\/posts\/28585\/revisions\/28589"}],"wp:featuredmedia":[{"embeddable":true,"href":"https:\/\/www.elcol-legi.org\/w\/wp-json\/wp\/v2\/media\/28581"}],"wp:attachment":[{"href":"https:\/\/www.elcol-legi.org\/w\/wp-json\/wp\/v2\/media?parent=28585"}],"wp:term":[{"taxonomy":"category","embeddable":true,"href":"https:\/\/www.elcol-legi.org\/w\/wp-json\/wp\/v2\/categories?post=28585"},{"taxonomy":"post_tag","embeddable":true,"href":"https:\/\/www.elcol-legi.org\/w\/wp-json\/wp\/v2\/tags?post=28585"}],"curies":[{"name":"wp","href":"https:\/\/api.w.org\/{rel}","templated":true}]}}