{"id":28601,"date":"2026-09-02T12:51:25","date_gmt":"2026-09-02T10:51:25","guid":{"rendered":"https:\/\/www.elcol-legi.org\/w\/?p=28601"},"modified":"2026-09-02T12:51:25","modified_gmt":"2026-09-02T10:51:25","slug":"quatre-mirades-un-sol-futur-2","status":"publish","type":"post","link":"https:\/\/www.elcol-legi.org\/w\/quatre-mirades-un-sol-futur-2\/","title":{"rendered":"Quatre mirades, un sol futur"},"content":{"rendered":"<div class=\"wpb-content-wrapper\"><p>[vc_row][vc_column width=&#8221;3\/4&#8243;][vc_column_text css=&#8221;&#8221;]<\/p>\n<h2 class=\"p1\"><b>La Setmana Mundial 2026 posa quatre generacions davant del mirall per parlar del futur<\/b><\/h2>\n<p>[\/vc_column_text][stm_spacing lg_spacing=&#8221;6&#8243; md_spacing=&#8221;6&#8243; sm_spacing=&#8221;6&#8243; xs_spacing=&#8221;6&#8243;][vc_column_text css=&#8221;&#8221;]<em>4-9-26<\/em>[\/vc_column_text][vc_column_text css=&#8221;&#8221;]<\/p>\n<p class=\"p2\"><em>I\u00f1aki Gabilondo conduir\u00e0 a L\u2019Auditori, el 28 de setembre, un debat entre representants de les generacions Boomer, X, Millennial i Z<\/em><\/p>\n<p>[\/vc_column_text][vc_single_image source=&#8221;featured_image&#8221; img_size=&#8221;850&#215;350&#8243;][vc_column_text css=&#8221;.vc_custom_1788346151018{margin-bottom: 20px !important;}&#8221;]<\/p>\n<p class=\"p3\">Entenen de la mateixa manera la feina, el comprom\u00eds, la tecnologia, els diners o la confian\u00e7a una persona de 65 anys i una de 25? I qu\u00e8 pot aprendre el sector assegurador d\u2019aquestes difer\u00e8ncies?<\/p>\n<p class=\"p3\">Aquestes s\u00f3n algunes de les preguntes que estaran al centre de la <b>Setmana Mundial 2026<\/b>, que celebrar\u00e0 la seva <b>52a edici\u00f3 el proper dilluns 28 de setembre a L\u2019Auditori de Barcelona<\/b>. Sota el lema <b>\u201cQuatre mirades, un sol futur\u201d<\/b>, la trobada organitzada pel <b>Col\u00b7legi de Mediadors d\u2019Assegurances de Barcelona<\/b> situar\u00e0, per primera vegada, al centre del seu esdeveniment la conviv\u00e8ncia entre quatre generacions que avui comparteixen espais laborals, socials i familiars.<\/p>\n<p class=\"p3\">La jornada reunir\u00e0 prop d\u2019un <b>miler de professionals del sector assegurador<\/b>, entre representants de companyies, corredors i agents, directius, institucions i empreses prove\u00efdores, especialment de l\u2019\u00e0mbit tecnol\u00f2gic. Per\u00f2 aquesta vegada el protagonista no ser\u00e0 una tecnologia, una regulaci\u00f3 o una tend\u00e8ncia concreta: <b>ser\u00e0 la societat<\/b>.<\/p>\n<p class=\"p4\"><b>Quatre maneres de mirar el m\u00f3n<\/b><\/p>\n<p class=\"p3\">Baby Boomers, Generaci\u00f3 X, Millennials i Generaci\u00f3 Z conviuen actualment a les empreses i organitzacions, per\u00f2 han crescut en contextos socials, econ\u00f2mics i tecnol\u00f2gics molt diferents.<\/p>\n<p class=\"p3\">La manera d\u2019entendre l\u2019estabilitat professional, el lideratge, el comprom\u00eds, la conciliaci\u00f3, l\u2019\u00fas de la tecnologia o fins i tot les relacions personals no sempre coincideix. La Setmana Mundial vol posar aquestes difer\u00e8ncies sobre la taula i convertir-les en una conversa entre representants de les quatre generacions.<\/p>\n<p class=\"p3\">El debat estar\u00e0 condu\u00eft per <b>I\u00f1aki Gabilondo<\/b>, un dels periodistes m\u00e9s reconeguts d\u2019Espanya, que ser\u00e0 l\u2019encarregat de confrontar les diferents perspectives i buscar tamb\u00e9 all\u00f2 que les quatre generacions tenen en com\u00fa. Al seu costat participaran <b>quatre representants, un per cada generaci\u00f3<\/b>, seleccionats per les seves traject\u00f2ries personals i professionals i per la seva capacitat per reflectir els valors i les inquietuds del seu grup generacional.<\/p>\n<p class=\"p3\">La conversa permetr\u00e0, per exemple, analitzar com ha canviat la relaci\u00f3 amb la feina i amb l\u2019\u00e8xit professional. Els Baby Boomers arriben al debat des d\u2019una cultura marcada per l\u2019esfor\u00e7, l\u2019estabilitat, la perman\u00e8ncia i l\u2019experi\u00e8ncia acumulada. La Generaci\u00f3 X representa una generaci\u00f3 pont: va viure el m\u00f3n anal\u00f2gic i va protagonitzar bona part de la transformaci\u00f3 digital de les empreses. Els Millennials han desenvolupat la seva traject\u00f2ria en un entorn molt m\u00e9s global, flexible i connectat, marcat per la mobilitat, la tecnologia i noves expectatives sobre l\u2019ocupaci\u00f3. I la Generaci\u00f3 Z ha crescut directament dins de l\u2019ecosistema digital, amb una relaci\u00f3 diferent amb la informaci\u00f3, les xarxes, la feina i les marques. Quatre realitats que conviuen avui.<\/p>\n<p class=\"p4\"><b>Un debat que tamb\u00e9 parla d\u2019assegurances<\/b><\/p>\n<p class=\"p3\">La q\u00fcesti\u00f3 generacional t\u00e9 una traducci\u00f3 directa al sector assegurador. Cada generaci\u00f3 t\u00e9 h\u00e0bits de consum diferents, maneres diferents de buscar informaci\u00f3 i nivells de confian\u00e7a tamb\u00e9 diferents en les institucions i les marques. Tamb\u00e9 canvia la seva relaci\u00f3 amb el risc. Una persona pot valorar especialment l\u2019estabilitat i l\u2019acompanyament personal, mentre que una altra pot prioritzar la rapidesa, l\u2019autonomia i l\u2019experi\u00e8ncia digital. Per a la mediaci\u00f3 i les companyies, comprendre aquestes difer\u00e8ncies pot ser determinant.<\/p>\n<p class=\"p3\">La trobada vol traslladar el debat generacional molt m\u00e9s enll\u00e0 de l\u2019\u00e0mbit laboral, perqu\u00e8 les difer\u00e8ncies entre generacions tamb\u00e9 afecten la manera com les persones consumeixen, estalvien, planifiquen el seu futur i prenen decisions. I aix\u00f2 t\u00e9 conseq\u00fc\u00e8ncies directes per a l\u2019asseguran\u00e7a.<\/p>\n<p class=\"p3\">Els m\u00e9s joves poden mostrar una major naturalitat en la seva relaci\u00f3 amb la tecnologia i buscar respostes immediates. Les generacions interm\u00e8dies poden combinar expectatives digitals amb una major valoraci\u00f3 de l\u2019assessorament personal. I els col\u00b7lectius de m\u00e9s edat poden donar m\u00e9s import\u00e0ncia a l\u2019experi\u00e8ncia, la confian\u00e7a i les relacions constru\u00efdes a llarg termini. No hi ha una \u00fanica resposta. Precisament per aix\u00f2 \u00e9s necessari escoltar les quatre veus.<\/p>\n<p class=\"p3\">Com en edicions anteriors, la Setmana Mundial no limitar\u00e0 el seu programa al debat. La jornada inclour\u00e0 la intervenci\u00f3 institucional de Francesc Santasusana, president del Col\u00b7legi de Mediadors d\u2019Assegurances de Barcelona, aix\u00ed com el lliurament dels tradicionals guardons de la Setmana Mundial. El programa es completar\u00e0 amb una intervenci\u00f3 vinculada al m\u00f3n de l\u2019espectacle que aportar\u00e0 el toc d\u2019humor i entreteniment a una jornada concebuda tamb\u00e9 per afavorir la trobada entre professionals.<\/p>\n<p class=\"p3\">L\u2019organitzaci\u00f3 compta novament amb el suport de les companyies asseguradores patrocinadores de l\u2019esdeveniment, la col\u00b7laboraci\u00f3 de les quals fa possible la celebraci\u00f3 d\u2019una de les trobades ja consolidades en el calendari del sector.<\/p>\n<p class=\"p3\">Les inscripcions per assistir a la <b>Setmana Mundial 2026<\/b> estan disponibles a trav\u00e9s de <b>semanamundial.org<\/b>.<\/p>\n<p>[\/vc_column_text][vc_row_inner][vc_column_inner width=&#8221;1\/6&#8243;][\/vc_column_inner][vc_column_inner width=&#8221;1\/6&#8243;][\/vc_column_inner][vc_column_inner width=&#8221;1\/6&#8243;][\/vc_column_inner][vc_column_inner width=&#8221;1\/6&#8243;][\/vc_column_inner][\/vc_row_inner][\/vc_column][vc_column width=&#8221;1\/4&#8243;][stm_spacing lg_spacing=&#8221;50&#8243; md_spacing=&#8221;50&#8243; sm_spacing=&#8221;50&#8243; xs_spacing=&#8221;50&#8243;][vc_column_text]<\/p>\n<h2>\u00daltimes not\u00edcies<\/h2>\n<p>[\/vc_column_text][stm_news loop=&#8221;size:4|order_by:date|order:DESC|post_type:post|categories:8&#8243; posts_per_row=&#8221;2&#8243;][\/vc_column][\/vc_row]<\/p>\n<\/div>","protected":false},"excerpt":{"rendered":"<p>[vc_row][vc_column width=&#8221;3\/4&#8243;][vc_column_text css=&#8221;&#8221;] La Setmana Mundial 2026 posa quatre generacions davant del mirall per parlar del futur [\/vc_column_text][stm_spacing lg_spacing=&#8221;6&#8243; md_spacing=&#8221;6&#8243; sm_spacing=&#8221;6&#8243; xs_spacing=&#8221;6&#8243;][vc_column_text css=&#8221;&#8221;]4-9-26[\/vc_column_text][vc_column_text css=&#8221;&#8221;] I\u00f1aki Gabilondo conduir\u00e0 a L\u2019Auditori, el 28 de setembre, un debat entre representants de les generacions Boomer, X, Millennial i Z [\/vc_column_text][vc_single_image source=&#8221;featured_image&#8221; img_size=&#8221;850&#215;350&#8243;][vc_column_text css=&#8221;.vc_custom_1788346151018{margin-bottom: 20px !important;}&#8221;] Entenen de la mateixa<\/p>\n","protected":false},"author":562,"featured_media":28514,"comment_status":"closed","ping_status":"open","sticky":false,"template":"","format":"standard","meta":{"footnotes":""},"categories":[8],"tags":[2211],"class_list":["post-28601","post","type-post","status-publish","format-standard","has-post-thumbnail","hentry","category-noticies","tag-mn-304"],"yoast_head":"<!-- This site is optimized with the Yoast SEO plugin v28.4 - https:\/\/yoast.com\/product\/yoast-seo-wordpress\/ -->\n<title>Quatre mirades, un sol futur - Col-legi de Mediadors d&#039;Assegurances de Barcelona<\/title>\n<meta name=\"robots\" content=\"index, follow, max-snippet:-1, max-image-preview:large, max-video-preview:-1\" \/>\n<link rel=\"canonical\" href=\"https:\/\/www.elcol-legi.org\/w\/quatre-mirades-un-sol-futur-2\/\" \/>\n<meta property=\"og:locale\" content=\"ca_ES\" \/>\n<meta property=\"og:type\" content=\"article\" \/>\n<meta property=\"og:title\" content=\"Quatre mirades, un sol futur - Col-legi de Mediadors d&#039;Assegurances de Barcelona\" \/>\n<meta property=\"og:description\" content=\"[vc_row][vc_column width=&#8221;3\/4&#8243;][vc_column_text css=&#8221;&#8221;] La Setmana Mundial 2026 posa quatre generacions davant del mirall per parlar del futur [\/vc_column_text][stm_spacing lg_spacing=&#8221;6&#8243; md_spacing=&#8221;6&#8243; sm_spacing=&#8221;6&#8243; xs_spacing=&#8221;6&#8243;][vc_column_text css=&#8221;&#8221;]4-9-26[\/vc_column_text][vc_column_text css=&#8221;&#8221;] I\u00f1aki Gabilondo conduir\u00e0 a L\u2019Auditori, el 28 de setembre, un debat entre representants de les generacions Boomer, X, Millennial i Z [\/vc_column_text][vc_single_image source=&#8221;featured_image&#8221; img_size=&#8221;850&#215;350&#8243;][vc_column_text css=&#8221;.vc_custom_1788346151018{margin-bottom: 20px !important;}&#8221;] Entenen de la mateixa\" \/>\n<meta property=\"og:url\" content=\"https:\/\/www.elcol-legi.org\/w\/quatre-mirades-un-sol-futur-2\/\" \/>\n<meta property=\"og:site_name\" content=\"Col-legi de Mediadors d&#039;Assegurances de Barcelona\" \/>\n<meta property=\"article:published_time\" content=\"2026-09-02T10:51:25+00:00\" \/>\n<meta property=\"og:image\" content=\"https:\/\/www.elcol-legi.org\/w\/wp-content\/uploads\/2026\/07\/SM-Inaki.png\" \/>\n\t<meta property=\"og:image:width\" content=\"1320\" \/>\n\t<meta property=\"og:image:height\" content=\"964\" \/>\n\t<meta property=\"og:image:type\" content=\"image\/png\" \/>\n<meta name=\"author\" content=\"Marc Alcaraz\" \/>\n<meta name=\"twitter:card\" content=\"summary_large_image\" \/>\n<meta name=\"twitter:label1\" content=\"Escrit per\" \/>\n\t<meta name=\"twitter:data1\" content=\"Marc Alcaraz\" \/>\n\t<meta name=\"twitter:label2\" content=\"Temps estimat de lectura\" \/>\n\t<meta name=\"twitter:data2\" content=\"5 minuts\" \/>\n<script type=\"application\/ld+json\" class=\"yoast-schema-graph\">{\"@context\":\"https:\\\/\\\/schema.org\",\"@graph\":[{\"@type\":\"Article\",\"@id\":\"https:\\\/\\\/www.elcol-legi.org\\\/w\\\/quatre-mirades-un-sol-futur-2\\\/#article\",\"isPartOf\":{\"@id\":\"https:\\\/\\\/www.elcol-legi.org\\\/w\\\/quatre-mirades-un-sol-futur-2\\\/\"},\"author\":{\"name\":\"Marc Alcaraz\",\"@id\":\"https:\\\/\\\/www.elcol-legi.org\\\/w\\\/#\\\/schema\\\/person\\\/4283d40fbd72a940d5fff484fe5ec410\"},\"headline\":\"Quatre mirades, un sol futur\",\"datePublished\":\"2026-09-02T10:51:25+00:00\",\"mainEntityOfPage\":{\"@id\":\"https:\\\/\\\/www.elcol-legi.org\\\/w\\\/quatre-mirades-un-sol-futur-2\\\/\"},\"wordCount\":975,\"image\":{\"@id\":\"https:\\\/\\\/www.elcol-legi.org\\\/w\\\/quatre-mirades-un-sol-futur-2\\\/#primaryimage\"},\"thumbnailUrl\":\"https:\\\/\\\/www.elcol-legi.org\\\/w\\\/wp-content\\\/uploads\\\/2026\\\/07\\\/SM-Inaki.png\",\"keywords\":[\"MN 304\"],\"articleSection\":[\"Not\u00edcies\"],\"inLanguage\":\"ca\"},{\"@type\":\"WebPage\",\"@id\":\"https:\\\/\\\/www.elcol-legi.org\\\/w\\\/quatre-mirades-un-sol-futur-2\\\/\",\"url\":\"https:\\\/\\\/www.elcol-legi.org\\\/w\\\/quatre-mirades-un-sol-futur-2\\\/\",\"name\":\"Quatre mirades, un sol futur - Col-legi de Mediadors d&#039;Assegurances de Barcelona\",\"isPartOf\":{\"@id\":\"https:\\\/\\\/www.elcol-legi.org\\\/w\\\/#website\"},\"primaryImageOfPage\":{\"@id\":\"https:\\\/\\\/www.elcol-legi.org\\\/w\\\/quatre-mirades-un-sol-futur-2\\\/#primaryimage\"},\"image\":{\"@id\":\"https:\\\/\\\/www.elcol-legi.org\\\/w\\\/quatre-mirades-un-sol-futur-2\\\/#primaryimage\"},\"thumbnailUrl\":\"https:\\\/\\\/www.elcol-legi.org\\\/w\\\/wp-content\\\/uploads\\\/2026\\\/07\\\/SM-Inaki.png\",\"datePublished\":\"2026-09-02T10:51:25+00:00\",\"author\":{\"@id\":\"https:\\\/\\\/www.elcol-legi.org\\\/w\\\/#\\\/schema\\\/person\\\/4283d40fbd72a940d5fff484fe5ec410\"},\"breadcrumb\":{\"@id\":\"https:\\\/\\\/www.elcol-legi.org\\\/w\\\/quatre-mirades-un-sol-futur-2\\\/#breadcrumb\"},\"inLanguage\":\"ca\",\"potentialAction\":[{\"@type\":\"ReadAction\",\"target\":[\"https:\\\/\\\/www.elcol-legi.org\\\/w\\\/quatre-mirades-un-sol-futur-2\\\/\"]}]},{\"@type\":\"ImageObject\",\"inLanguage\":\"ca\",\"@id\":\"https:\\\/\\\/www.elcol-legi.org\\\/w\\\/quatre-mirades-un-sol-futur-2\\\/#primaryimage\",\"url\":\"https:\\\/\\\/www.elcol-legi.org\\\/w\\\/wp-content\\\/uploads\\\/2026\\\/07\\\/SM-Inaki.png\",\"contentUrl\":\"https:\\\/\\\/www.elcol-legi.org\\\/w\\\/wp-content\\\/uploads\\\/2026\\\/07\\\/SM-Inaki.png\",\"width\":1320,\"height\":964},{\"@type\":\"BreadcrumbList\",\"@id\":\"https:\\\/\\\/www.elcol-legi.org\\\/w\\\/quatre-mirades-un-sol-futur-2\\\/#breadcrumb\",\"itemListElement\":[{\"@type\":\"ListItem\",\"position\":1,\"name\":\"Inici\",\"item\":\"https:\\\/\\\/www.elcol-legi.org\\\/w\\\/\"},{\"@type\":\"ListItem\",\"position\":2,\"name\":\"Quatre mirades, un sol futur\"}]},{\"@type\":\"WebSite\",\"@id\":\"https:\\\/\\\/www.elcol-legi.org\\\/w\\\/#website\",\"url\":\"https:\\\/\\\/www.elcol-legi.org\\\/w\\\/\",\"name\":\"Col-legi de Mediadors d&#039;Assegurances de Barcelona\",\"description\":\"Support al mediador d&#039;assegurances\",\"potentialAction\":[{\"@type\":\"SearchAction\",\"target\":{\"@type\":\"EntryPoint\",\"urlTemplate\":\"https:\\\/\\\/www.elcol-legi.org\\\/w\\\/?s={search_term_string}\"},\"query-input\":{\"@type\":\"PropertyValueSpecification\",\"valueRequired\":true,\"valueName\":\"search_term_string\"}}],\"inLanguage\":\"ca\"},{\"@type\":\"Person\",\"@id\":\"https:\\\/\\\/www.elcol-legi.org\\\/w\\\/#\\\/schema\\\/person\\\/4283d40fbd72a940d5fff484fe5ec410\",\"name\":\"Marc Alcaraz\",\"image\":{\"@type\":\"ImageObject\",\"inLanguage\":\"ca\",\"@id\":\"https:\\\/\\\/secure.gravatar.com\\\/avatar\\\/e5dee642a130a369f4e8f5fe2d78526e99d5506f34de2f80b7994e63dc58d1b0?s=96&d=mm&r=g\",\"url\":\"https:\\\/\\\/secure.gravatar.com\\\/avatar\\\/e5dee642a130a369f4e8f5fe2d78526e99d5506f34de2f80b7994e63dc58d1b0?s=96&d=mm&r=g\",\"contentUrl\":\"https:\\\/\\\/secure.gravatar.com\\\/avatar\\\/e5dee642a130a369f4e8f5fe2d78526e99d5506f34de2f80b7994e63dc58d1b0?s=96&d=mm&r=g\",\"caption\":\"Marc Alcaraz\"},\"url\":\"https:\\\/\\\/www.elcol-legi.org\\\/w\\\/author\\\/efreire\\\/\"}]}<\/script>\n<!-- \/ Yoast SEO plugin. -->","yoast_head_json":{"title":"Quatre mirades, un sol futur - Col-legi de Mediadors d&#039;Assegurances de Barcelona","robots":{"index":"index","follow":"follow","max-snippet":"max-snippet:-1","max-image-preview":"max-image-preview:large","max-video-preview":"max-video-preview:-1"},"canonical":"https:\/\/www.elcol-legi.org\/w\/quatre-mirades-un-sol-futur-2\/","og_locale":"ca_ES","og_type":"article","og_title":"Quatre mirades, un sol futur - Col-legi de Mediadors d&#039;Assegurances de Barcelona","og_description":"[vc_row][vc_column width=&#8221;3\/4&#8243;][vc_column_text css=&#8221;&#8221;] La Setmana Mundial 2026 posa quatre generacions davant del mirall per parlar del futur [\/vc_column_text][stm_spacing lg_spacing=&#8221;6&#8243; md_spacing=&#8221;6&#8243; sm_spacing=&#8221;6&#8243; xs_spacing=&#8221;6&#8243;][vc_column_text css=&#8221;&#8221;]4-9-26[\/vc_column_text][vc_column_text css=&#8221;&#8221;] I\u00f1aki Gabilondo conduir\u00e0 a L\u2019Auditori, el 28 de setembre, un debat entre representants de les generacions Boomer, X, Millennial i Z [\/vc_column_text][vc_single_image source=&#8221;featured_image&#8221; img_size=&#8221;850&#215;350&#8243;][vc_column_text css=&#8221;.vc_custom_1788346151018{margin-bottom: 20px !important;}&#8221;] Entenen de la mateixa","og_url":"https:\/\/www.elcol-legi.org\/w\/quatre-mirades-un-sol-futur-2\/","og_site_name":"Col-legi de Mediadors d&#039;Assegurances de Barcelona","article_published_time":"2026-09-02T10:51:25+00:00","og_image":[{"width":1320,"height":964,"url":"https:\/\/www.elcol-legi.org\/w\/wp-content\/uploads\/2026\/07\/SM-Inaki.png","type":"image\/png"}],"author":"Marc Alcaraz","twitter_card":"summary_large_image","twitter_misc":{"Escrit per":"Marc Alcaraz","Temps estimat de lectura":"5 minuts"},"schema":{"@context":"https:\/\/schema.org","@graph":[{"@type":"Article","@id":"https:\/\/www.elcol-legi.org\/w\/quatre-mirades-un-sol-futur-2\/#article","isPartOf":{"@id":"https:\/\/www.elcol-legi.org\/w\/quatre-mirades-un-sol-futur-2\/"},"author":{"name":"Marc Alcaraz","@id":"https:\/\/www.elcol-legi.org\/w\/#\/schema\/person\/4283d40fbd72a940d5fff484fe5ec410"},"headline":"Quatre mirades, un sol futur","datePublished":"2026-09-02T10:51:25+00:00","mainEntityOfPage":{"@id":"https:\/\/www.elcol-legi.org\/w\/quatre-mirades-un-sol-futur-2\/"},"wordCount":975,"image":{"@id":"https:\/\/www.elcol-legi.org\/w\/quatre-mirades-un-sol-futur-2\/#primaryimage"},"thumbnailUrl":"https:\/\/www.elcol-legi.org\/w\/wp-content\/uploads\/2026\/07\/SM-Inaki.png","keywords":["MN 304"],"articleSection":["Not\u00edcies"],"inLanguage":"ca"},{"@type":"WebPage","@id":"https:\/\/www.elcol-legi.org\/w\/quatre-mirades-un-sol-futur-2\/","url":"https:\/\/www.elcol-legi.org\/w\/quatre-mirades-un-sol-futur-2\/","name":"Quatre mirades, un sol futur - Col-legi de Mediadors d&#039;Assegurances de Barcelona","isPartOf":{"@id":"https:\/\/www.elcol-legi.org\/w\/#website"},"primaryImageOfPage":{"@id":"https:\/\/www.elcol-legi.org\/w\/quatre-mirades-un-sol-futur-2\/#primaryimage"},"image":{"@id":"https:\/\/www.elcol-legi.org\/w\/quatre-mirades-un-sol-futur-2\/#primaryimage"},"thumbnailUrl":"https:\/\/www.elcol-legi.org\/w\/wp-content\/uploads\/2026\/07\/SM-Inaki.png","datePublished":"2026-09-02T10:51:25+00:00","author":{"@id":"https:\/\/www.elcol-legi.org\/w\/#\/schema\/person\/4283d40fbd72a940d5fff484fe5ec410"},"breadcrumb":{"@id":"https:\/\/www.elcol-legi.org\/w\/quatre-mirades-un-sol-futur-2\/#breadcrumb"},"inLanguage":"ca","potentialAction":[{"@type":"ReadAction","target":["https:\/\/www.elcol-legi.org\/w\/quatre-mirades-un-sol-futur-2\/"]}]},{"@type":"ImageObject","inLanguage":"ca","@id":"https:\/\/www.elcol-legi.org\/w\/quatre-mirades-un-sol-futur-2\/#primaryimage","url":"https:\/\/www.elcol-legi.org\/w\/wp-content\/uploads\/2026\/07\/SM-Inaki.png","contentUrl":"https:\/\/www.elcol-legi.org\/w\/wp-content\/uploads\/2026\/07\/SM-Inaki.png","width":1320,"height":964},{"@type":"BreadcrumbList","@id":"https:\/\/www.elcol-legi.org\/w\/quatre-mirades-un-sol-futur-2\/#breadcrumb","itemListElement":[{"@type":"ListItem","position":1,"name":"Inici","item":"https:\/\/www.elcol-legi.org\/w\/"},{"@type":"ListItem","position":2,"name":"Quatre mirades, un sol futur"}]},{"@type":"WebSite","@id":"https:\/\/www.elcol-legi.org\/w\/#website","url":"https:\/\/www.elcol-legi.org\/w\/","name":"Col-legi de Mediadors d&#039;Assegurances de Barcelona","description":"Support al mediador d&#039;assegurances","potentialAction":[{"@type":"SearchAction","target":{"@type":"EntryPoint","urlTemplate":"https:\/\/www.elcol-legi.org\/w\/?s={search_term_string}"},"query-input":{"@type":"PropertyValueSpecification","valueRequired":true,"valueName":"search_term_string"}}],"inLanguage":"ca"},{"@type":"Person","@id":"https:\/\/www.elcol-legi.org\/w\/#\/schema\/person\/4283d40fbd72a940d5fff484fe5ec410","name":"Marc Alcaraz","image":{"@type":"ImageObject","inLanguage":"ca","@id":"https:\/\/secure.gravatar.com\/avatar\/e5dee642a130a369f4e8f5fe2d78526e99d5506f34de2f80b7994e63dc58d1b0?s=96&d=mm&r=g","url":"https:\/\/secure.gravatar.com\/avatar\/e5dee642a130a369f4e8f5fe2d78526e99d5506f34de2f80b7994e63dc58d1b0?s=96&d=mm&r=g","contentUrl":"https:\/\/secure.gravatar.com\/avatar\/e5dee642a130a369f4e8f5fe2d78526e99d5506f34de2f80b7994e63dc58d1b0?s=96&d=mm&r=g","caption":"Marc Alcaraz"},"url":"https:\/\/www.elcol-legi.org\/w\/author\/efreire\/"}]}},"_links":{"self":[{"href":"https:\/\/www.elcol-legi.org\/w\/wp-json\/wp\/v2\/posts\/28601","targetHints":{"allow":["GET"]}}],"collection":[{"href":"https:\/\/www.elcol-legi.org\/w\/wp-json\/wp\/v2\/posts"}],"about":[{"href":"https:\/\/www.elcol-legi.org\/w\/wp-json\/wp\/v2\/types\/post"}],"author":[{"embeddable":true,"href":"https:\/\/www.elcol-legi.org\/w\/wp-json\/wp\/v2\/users\/562"}],"replies":[{"embeddable":true,"href":"https:\/\/www.elcol-legi.org\/w\/wp-json\/wp\/v2\/comments?post=28601"}],"version-history":[{"count":1,"href":"https:\/\/www.elcol-legi.org\/w\/wp-json\/wp\/v2\/posts\/28601\/revisions"}],"predecessor-version":[{"id":28602,"href":"https:\/\/www.elcol-legi.org\/w\/wp-json\/wp\/v2\/posts\/28601\/revisions\/28602"}],"wp:featuredmedia":[{"embeddable":true,"href":"https:\/\/www.elcol-legi.org\/w\/wp-json\/wp\/v2\/media\/28514"}],"wp:attachment":[{"href":"https:\/\/www.elcol-legi.org\/w\/wp-json\/wp\/v2\/media?parent=28601"}],"wp:term":[{"taxonomy":"category","embeddable":true,"href":"https:\/\/www.elcol-legi.org\/w\/wp-json\/wp\/v2\/categories?post=28601"},{"taxonomy":"post_tag","embeddable":true,"href":"https:\/\/www.elcol-legi.org\/w\/wp-json\/wp\/v2\/tags?post=28601"}],"curies":[{"name":"wp","href":"https:\/\/api.w.org\/{rel}","templated":true}]}}