{"id":28607,"date":"2026-09-02T13:40:23","date_gmt":"2026-09-02T11:40:23","guid":{"rendered":"https:\/\/www.elcol-legi.org\/w\/?p=28607"},"modified":"2026-09-02T13:40:23","modified_gmt":"2026-09-02T11:40:23","slug":"no-perdis-lopcio-de-fer-el-master","status":"publish","type":"post","link":"https:\/\/www.elcol-legi.org\/w\/no-perdis-lopcio-de-fer-el-master\/","title":{"rendered":"\u00a1No perdis l&#8217;opci\u00f3 de fer el M\u00e0ster!"},"content":{"rendered":"<div class=\"wpb-content-wrapper\"><p>[vc_row][vc_column width=&#8221;3\/4&#8243;][vc_column_text css=&#8221;&#8221;]<\/p>\n<h2 class=\"p1\"><b>\u00a1No deixis passar l\u2019oportunitat de fer el M\u00e0ster!<\/b><\/h2>\n<h2 class=\"p2\"><\/h2>\n<p>[\/vc_column_text][stm_spacing lg_spacing=&#8221;6&#8243; md_spacing=&#8221;6&#8243; sm_spacing=&#8221;6&#8243; xs_spacing=&#8221;6&#8243;][vc_column_text css=&#8221;&#8221;]<em>4-9-26<\/em>[\/vc_column_text][vc_column_text css=&#8221;&#8221;]<\/p>\n<p class=\"p2\"><em>El programa, que comen\u00e7ar\u00e0 l\u2019octubre de 2026, combina formaci\u00f3 directiva, especialitzaci\u00f3 asseguradora, experi\u00e8ncia pr\u00e0ctica i ofereix triple titulaci\u00f3<\/em><\/p>\n<p>[\/vc_column_text][vc_single_image source=&#8221;featured_image&#8221; img_size=&#8221;850&#215;350&#8243;][vc_column_text css=&#8221;.vc_custom_1788348665355{margin-bottom: 20px !important;}&#8221;]<\/p>\n<p class=\"p3\">Nom\u00e9s queda un mes per l\u2019inici de les clases del <b>M\u00e0ster en Gesti\u00f3 d\u2019Empreses de Mediaci\u00f3 d\u2019Assegurances<\/b>, un curs del <b>Col\u00b7legi de Mediadors d\u2019Assegurances de Barcelona<\/b> adre\u00e7at a professionals que volen refor\u00e7ar les seves capacitats directives i fer un pas endavant en la seva traject\u00f2ria. La formaci\u00f3 comen\u00e7ar\u00e0 el <b>3 d\u2019octubre de 2026<\/b> i \u00e9s \u00fanic al mercat, entre d\u2019altres coses, per qu\u00e8 ofereix tres titulacions: la del propi M\u00e0ster, la del Nivell 1 i la de ger\u00e8ncia de riscos validada per Agers. Es tracta d\u2019un curs que permet als professionals donar un salt endavant en la seva carrera.<\/p>\n<p class=\"p3\">La digitalitzaci\u00f3, l\u2019augment de la compet\u00e8ncia, la irrupci\u00f3 de nous models de distribuci\u00f3, la pressi\u00f3 sobre els preus, els comparadors i l\u2019aparici\u00f3 d\u2019un consumidor m\u00e9s informat i exigent estan modificant la manera de gestionar les corredories i la relaci\u00f3 amb els clients. Davant d\u2019aquest escenari, el programa aposta per una formaci\u00f3 que vagi m\u00e9s enll\u00e0 del coneixement t\u00e8cnic de l\u2019asseguran\u00e7a. El m\u00e0ster est\u00e0 pensat especialment per a professionals amb vocaci\u00f3 de creixement que vulguin assumir m\u00e9s responsabilitats dins de la seva empresa o preparar-se per liderar el seu propi projecte de mediaci\u00f3.<\/p>\n<p class=\"p3\">L\u2019objectiu \u00e9s desenvolupar tres grans \u00e0rees de compet\u00e8ncia: capacitats directives, excel\u00b7l\u00e8ncia en la gesti\u00f3 i coneixement profund del client. Es tracta, en definitiva, de preparar professionals capa\u00e7os de prendre decisions en un entorn cada vegada m\u00e9s competitiu i de convertir el coneixement assegurador en una veritable eina de gesti\u00f3 empresarial.<\/p>\n<p class=\"p4\"><b>Nou mesos amb un format adaptat als professionals<\/b><\/p>\n<p class=\"p3\">El programa t\u00e9 una <b>durada de nou mesos<\/b> i combina sessions presencials amb <b>sessions en streaming<\/b>, una f\u00f3rmula pensada per facilitar la participaci\u00f3 dels professionals que continuen desenvolupant la seva activitat laboral durant el curs. El contingut se centra espec\u00edficament en la <b>gesti\u00f3 d\u2019empreses de mediaci\u00f3 i en el sector assegurador<\/b>, amb una aproximaci\u00f3 pr\u00e0ctica orientada a les necessitats reals de les corredories i agents. Un altre dels elements diferencials \u00e9s l\u2019equip docent. Els professors compten amb una \u00e0mplia experi\u00e8ncia professional en el sector i aporten al programa coneixement derivat directament de la seva traject\u00f2ria empresarial i asseguradora.<\/p>\n<p class=\"p4\"><b>Tres titulacions en un mateix programa<\/b><\/p>\n<p class=\"p3\">Un dels principals atractius del m\u00e0ster \u00e9s que els alumnes poden finalitzar el programa amb <b>tres titulacions i certificacions<\/b>.<\/p>\n<p class=\"p3\">D\u2019una banda, el <b>t\u00edtol de M\u00e0ster universitari expedit per la Universitat Abat Oliba CEU<\/b>.<\/p>\n<p class=\"p3\">A aquest s\u2019hi afegeix el <b>Certificat de Ger\u00e8ncia de Riscos d\u2019AGERS<\/b>.<\/p>\n<p class=\"p3\">I, finalment, el <b>Certificat de Nivell 1 expedit per CECAS<\/b>, que habilita per exercir com a corredor d\u2019assegurances a tota la Uni\u00f3 Europea.<\/p>\n<p class=\"p3\">Aquesta combinaci\u00f3 permet integrar en una mateixa formaci\u00f3 la dimensi\u00f3 universit\u00e0ria, la gesti\u00f3 del risc i els requisits professionals necessaris per a l\u2019exercici de l\u2019activitat de mediaci\u00f3. La iniciativa est\u00e0 impulsada conjuntament per la Fundaci\u00f3 Auditorium, el Col\u00b7legi de Mediadors d\u2019Assegurances de Barcelona, la Universitat Abat Oliba CEU i CECAS.<\/p>\n<p class=\"p3\">Les persones interessades poden consultar els <b>requisits d\u2019acc\u00e9s, el pla d\u2019estudis i la resta d\u2019informaci\u00f3 del programa<\/b> a trav\u00e9s de la p\u00e0gina oficial del M\u00e0ster del Col\u00b7legi de Mediadors d\u2019Assegurances de Barcelona.<\/p>\n<p class=\"p5\"><b>www.mastercmab.com<\/b><\/p>\n<p>[\/vc_column_text][vc_row_inner][vc_column_inner width=&#8221;1\/6&#8243;][\/vc_column_inner][vc_column_inner width=&#8221;1\/6&#8243;][\/vc_column_inner][vc_column_inner width=&#8221;1\/6&#8243;][\/vc_column_inner][vc_column_inner width=&#8221;1\/6&#8243;][\/vc_column_inner][\/vc_row_inner][\/vc_column][vc_column width=&#8221;1\/4&#8243;][stm_spacing lg_spacing=&#8221;50&#8243; md_spacing=&#8221;50&#8243; sm_spacing=&#8221;50&#8243; xs_spacing=&#8221;50&#8243;][vc_column_text]<\/p>\n<h2>\u00daltimes not\u00edcies<\/h2>\n<p>[\/vc_column_text][stm_news loop=&#8221;size:4|order_by:date|order:DESC|post_type:post|categories:8&#8243; posts_per_row=&#8221;2&#8243;][\/vc_column][\/vc_row]<\/p>\n<\/div>","protected":false},"excerpt":{"rendered":"<p>[vc_row][vc_column width=&#8221;3\/4&#8243;][vc_column_text css=&#8221;&#8221;] \u00a1No deixis passar l\u2019oportunitat de fer el M\u00e0ster! [\/vc_column_text][stm_spacing lg_spacing=&#8221;6&#8243; md_spacing=&#8221;6&#8243; sm_spacing=&#8221;6&#8243; xs_spacing=&#8221;6&#8243;][vc_column_text css=&#8221;&#8221;]4-9-26[\/vc_column_text][vc_column_text css=&#8221;&#8221;] El programa, que comen\u00e7ar\u00e0 l\u2019octubre de 2026, combina formaci\u00f3 directiva, especialitzaci\u00f3 asseguradora, experi\u00e8ncia pr\u00e0ctica i ofereix triple titulaci\u00f3 [\/vc_column_text][vc_single_image source=&#8221;featured_image&#8221; img_size=&#8221;850&#215;350&#8243;][vc_column_text css=&#8221;.vc_custom_1788348665355{margin-bottom: 20px !important;}&#8221;] Nom\u00e9s queda un mes per l\u2019inici de les clases del M\u00e0ster en Gesti\u00f3<\/p>\n","protected":false},"author":562,"featured_media":28608,"comment_status":"closed","ping_status":"open","sticky":false,"template":"","format":"standard","meta":{"footnotes":""},"categories":[8],"tags":[2211],"class_list":["post-28607","post","type-post","status-publish","format-standard","has-post-thumbnail","hentry","category-noticies","tag-mn-304"],"yoast_head":"<!-- This site is optimized with the Yoast SEO plugin v28.4 - https:\/\/yoast.com\/product\/yoast-seo-wordpress\/ -->\n<title>\u00a1No perdis l&#039;opci\u00f3 de fer el M\u00e0ster! - Col-legi de Mediadors d&#039;Assegurances de Barcelona<\/title>\n<meta name=\"robots\" content=\"index, follow, max-snippet:-1, max-image-preview:large, max-video-preview:-1\" \/>\n<link rel=\"canonical\" href=\"https:\/\/www.elcol-legi.org\/w\/no-perdis-lopcio-de-fer-el-master\/\" \/>\n<meta property=\"og:locale\" content=\"ca_ES\" \/>\n<meta property=\"og:type\" content=\"article\" \/>\n<meta property=\"og:title\" content=\"\u00a1No perdis l&#039;opci\u00f3 de fer el M\u00e0ster! - Col-legi de Mediadors d&#039;Assegurances de Barcelona\" \/>\n<meta property=\"og:description\" content=\"[vc_row][vc_column width=&#8221;3\/4&#8243;][vc_column_text css=&#8221;&#8221;] \u00a1No deixis passar l\u2019oportunitat de fer el M\u00e0ster! [\/vc_column_text][stm_spacing lg_spacing=&#8221;6&#8243; md_spacing=&#8221;6&#8243; sm_spacing=&#8221;6&#8243; xs_spacing=&#8221;6&#8243;][vc_column_text css=&#8221;&#8221;]4-9-26[\/vc_column_text][vc_column_text css=&#8221;&#8221;] El programa, que comen\u00e7ar\u00e0 l\u2019octubre de 2026, combina formaci\u00f3 directiva, especialitzaci\u00f3 asseguradora, experi\u00e8ncia pr\u00e0ctica i ofereix triple titulaci\u00f3 [\/vc_column_text][vc_single_image source=&#8221;featured_image&#8221; img_size=&#8221;850&#215;350&#8243;][vc_column_text css=&#8221;.vc_custom_1788348665355{margin-bottom: 20px !important;}&#8221;] Nom\u00e9s queda un mes per l\u2019inici de les clases del M\u00e0ster en Gesti\u00f3\" \/>\n<meta property=\"og:url\" content=\"https:\/\/www.elcol-legi.org\/w\/no-perdis-lopcio-de-fer-el-master\/\" \/>\n<meta property=\"og:site_name\" content=\"Col-legi de Mediadors d&#039;Assegurances de Barcelona\" \/>\n<meta property=\"article:published_time\" content=\"2026-09-02T11:40:23+00:00\" \/>\n<meta property=\"og:image\" content=\"https:\/\/www.elcol-legi.org\/w\/wp-content\/uploads\/2026\/09\/Y177159_collegi23_smart_fotoAyoCabrera-scaled.jpg\" \/>\n\t<meta property=\"og:image:width\" content=\"2560\" \/>\n\t<meta property=\"og:image:height\" content=\"1707\" \/>\n\t<meta property=\"og:image:type\" content=\"image\/jpeg\" \/>\n<meta name=\"author\" content=\"Marc Alcaraz\" \/>\n<meta name=\"twitter:card\" content=\"summary_large_image\" \/>\n<meta name=\"twitter:label1\" content=\"Escrit per\" \/>\n\t<meta name=\"twitter:data1\" content=\"Marc Alcaraz\" \/>\n\t<meta name=\"twitter:label2\" content=\"Temps estimat de lectura\" \/>\n\t<meta name=\"twitter:data2\" content=\"4 minuts\" \/>\n<script type=\"application\/ld+json\" class=\"yoast-schema-graph\">{\"@context\":\"https:\\\/\\\/schema.org\",\"@graph\":[{\"@type\":\"Article\",\"@id\":\"https:\\\/\\\/www.elcol-legi.org\\\/w\\\/no-perdis-lopcio-de-fer-el-master\\\/#article\",\"isPartOf\":{\"@id\":\"https:\\\/\\\/www.elcol-legi.org\\\/w\\\/no-perdis-lopcio-de-fer-el-master\\\/\"},\"author\":{\"name\":\"Marc Alcaraz\",\"@id\":\"https:\\\/\\\/www.elcol-legi.org\\\/w\\\/#\\\/schema\\\/person\\\/4283d40fbd72a940d5fff484fe5ec410\"},\"headline\":\"\u00a1No perdis l&#8217;opci\u00f3 de fer el M\u00e0ster!\",\"datePublished\":\"2026-09-02T11:40:23+00:00\",\"mainEntityOfPage\":{\"@id\":\"https:\\\/\\\/www.elcol-legi.org\\\/w\\\/no-perdis-lopcio-de-fer-el-master\\\/\"},\"wordCount\":741,\"image\":{\"@id\":\"https:\\\/\\\/www.elcol-legi.org\\\/w\\\/no-perdis-lopcio-de-fer-el-master\\\/#primaryimage\"},\"thumbnailUrl\":\"https:\\\/\\\/www.elcol-legi.org\\\/w\\\/wp-content\\\/uploads\\\/2026\\\/09\\\/Y177159_collegi23_smart_fotoAyoCabrera-scaled.jpg\",\"keywords\":[\"MN 304\"],\"articleSection\":[\"Not\u00edcies\"],\"inLanguage\":\"ca\"},{\"@type\":\"WebPage\",\"@id\":\"https:\\\/\\\/www.elcol-legi.org\\\/w\\\/no-perdis-lopcio-de-fer-el-master\\\/\",\"url\":\"https:\\\/\\\/www.elcol-legi.org\\\/w\\\/no-perdis-lopcio-de-fer-el-master\\\/\",\"name\":\"\u00a1No perdis l'opci\u00f3 de fer el M\u00e0ster! - Col-legi de Mediadors d&#039;Assegurances de Barcelona\",\"isPartOf\":{\"@id\":\"https:\\\/\\\/www.elcol-legi.org\\\/w\\\/#website\"},\"primaryImageOfPage\":{\"@id\":\"https:\\\/\\\/www.elcol-legi.org\\\/w\\\/no-perdis-lopcio-de-fer-el-master\\\/#primaryimage\"},\"image\":{\"@id\":\"https:\\\/\\\/www.elcol-legi.org\\\/w\\\/no-perdis-lopcio-de-fer-el-master\\\/#primaryimage\"},\"thumbnailUrl\":\"https:\\\/\\\/www.elcol-legi.org\\\/w\\\/wp-content\\\/uploads\\\/2026\\\/09\\\/Y177159_collegi23_smart_fotoAyoCabrera-scaled.jpg\",\"datePublished\":\"2026-09-02T11:40:23+00:00\",\"author\":{\"@id\":\"https:\\\/\\\/www.elcol-legi.org\\\/w\\\/#\\\/schema\\\/person\\\/4283d40fbd72a940d5fff484fe5ec410\"},\"breadcrumb\":{\"@id\":\"https:\\\/\\\/www.elcol-legi.org\\\/w\\\/no-perdis-lopcio-de-fer-el-master\\\/#breadcrumb\"},\"inLanguage\":\"ca\",\"potentialAction\":[{\"@type\":\"ReadAction\",\"target\":[\"https:\\\/\\\/www.elcol-legi.org\\\/w\\\/no-perdis-lopcio-de-fer-el-master\\\/\"]}]},{\"@type\":\"ImageObject\",\"inLanguage\":\"ca\",\"@id\":\"https:\\\/\\\/www.elcol-legi.org\\\/w\\\/no-perdis-lopcio-de-fer-el-master\\\/#primaryimage\",\"url\":\"https:\\\/\\\/www.elcol-legi.org\\\/w\\\/wp-content\\\/uploads\\\/2026\\\/09\\\/Y177159_collegi23_smart_fotoAyoCabrera-scaled.jpg\",\"contentUrl\":\"https:\\\/\\\/www.elcol-legi.org\\\/w\\\/wp-content\\\/uploads\\\/2026\\\/09\\\/Y177159_collegi23_smart_fotoAyoCabrera-scaled.jpg\",\"width\":2560,\"height\":1707},{\"@type\":\"BreadcrumbList\",\"@id\":\"https:\\\/\\\/www.elcol-legi.org\\\/w\\\/no-perdis-lopcio-de-fer-el-master\\\/#breadcrumb\",\"itemListElement\":[{\"@type\":\"ListItem\",\"position\":1,\"name\":\"Inici\",\"item\":\"https:\\\/\\\/www.elcol-legi.org\\\/w\\\/\"},{\"@type\":\"ListItem\",\"position\":2,\"name\":\"\u00a1No perdis l&#8217;opci\u00f3 de fer el M\u00e0ster!\"}]},{\"@type\":\"WebSite\",\"@id\":\"https:\\\/\\\/www.elcol-legi.org\\\/w\\\/#website\",\"url\":\"https:\\\/\\\/www.elcol-legi.org\\\/w\\\/\",\"name\":\"Col-legi de Mediadors d&#039;Assegurances de Barcelona\",\"description\":\"Support al mediador d&#039;assegurances\",\"potentialAction\":[{\"@type\":\"SearchAction\",\"target\":{\"@type\":\"EntryPoint\",\"urlTemplate\":\"https:\\\/\\\/www.elcol-legi.org\\\/w\\\/?s={search_term_string}\"},\"query-input\":{\"@type\":\"PropertyValueSpecification\",\"valueRequired\":true,\"valueName\":\"search_term_string\"}}],\"inLanguage\":\"ca\"},{\"@type\":\"Person\",\"@id\":\"https:\\\/\\\/www.elcol-legi.org\\\/w\\\/#\\\/schema\\\/person\\\/4283d40fbd72a940d5fff484fe5ec410\",\"name\":\"Marc Alcaraz\",\"image\":{\"@type\":\"ImageObject\",\"inLanguage\":\"ca\",\"@id\":\"https:\\\/\\\/secure.gravatar.com\\\/avatar\\\/e5dee642a130a369f4e8f5fe2d78526e99d5506f34de2f80b7994e63dc58d1b0?s=96&d=mm&r=g\",\"url\":\"https:\\\/\\\/secure.gravatar.com\\\/avatar\\\/e5dee642a130a369f4e8f5fe2d78526e99d5506f34de2f80b7994e63dc58d1b0?s=96&d=mm&r=g\",\"contentUrl\":\"https:\\\/\\\/secure.gravatar.com\\\/avatar\\\/e5dee642a130a369f4e8f5fe2d78526e99d5506f34de2f80b7994e63dc58d1b0?s=96&d=mm&r=g\",\"caption\":\"Marc Alcaraz\"},\"url\":\"https:\\\/\\\/www.elcol-legi.org\\\/w\\\/author\\\/efreire\\\/\"}]}<\/script>\n<!-- \/ Yoast SEO plugin. -->","yoast_head_json":{"title":"\u00a1No perdis l'opci\u00f3 de fer el M\u00e0ster! - Col-legi de Mediadors d&#039;Assegurances de Barcelona","robots":{"index":"index","follow":"follow","max-snippet":"max-snippet:-1","max-image-preview":"max-image-preview:large","max-video-preview":"max-video-preview:-1"},"canonical":"https:\/\/www.elcol-legi.org\/w\/no-perdis-lopcio-de-fer-el-master\/","og_locale":"ca_ES","og_type":"article","og_title":"\u00a1No perdis l'opci\u00f3 de fer el M\u00e0ster! - Col-legi de Mediadors d&#039;Assegurances de Barcelona","og_description":"[vc_row][vc_column width=&#8221;3\/4&#8243;][vc_column_text css=&#8221;&#8221;] \u00a1No deixis passar l\u2019oportunitat de fer el M\u00e0ster! [\/vc_column_text][stm_spacing lg_spacing=&#8221;6&#8243; md_spacing=&#8221;6&#8243; sm_spacing=&#8221;6&#8243; xs_spacing=&#8221;6&#8243;][vc_column_text css=&#8221;&#8221;]4-9-26[\/vc_column_text][vc_column_text css=&#8221;&#8221;] El programa, que comen\u00e7ar\u00e0 l\u2019octubre de 2026, combina formaci\u00f3 directiva, especialitzaci\u00f3 asseguradora, experi\u00e8ncia pr\u00e0ctica i ofereix triple titulaci\u00f3 [\/vc_column_text][vc_single_image source=&#8221;featured_image&#8221; img_size=&#8221;850&#215;350&#8243;][vc_column_text css=&#8221;.vc_custom_1788348665355{margin-bottom: 20px !important;}&#8221;] Nom\u00e9s queda un mes per l\u2019inici de les clases del M\u00e0ster en Gesti\u00f3","og_url":"https:\/\/www.elcol-legi.org\/w\/no-perdis-lopcio-de-fer-el-master\/","og_site_name":"Col-legi de Mediadors d&#039;Assegurances de Barcelona","article_published_time":"2026-09-02T11:40:23+00:00","og_image":[{"width":2560,"height":1707,"url":"https:\/\/www.elcol-legi.org\/w\/wp-content\/uploads\/2026\/09\/Y177159_collegi23_smart_fotoAyoCabrera-scaled.jpg","type":"image\/jpeg"}],"author":"Marc Alcaraz","twitter_card":"summary_large_image","twitter_misc":{"Escrit per":"Marc Alcaraz","Temps estimat de lectura":"4 minuts"},"schema":{"@context":"https:\/\/schema.org","@graph":[{"@type":"Article","@id":"https:\/\/www.elcol-legi.org\/w\/no-perdis-lopcio-de-fer-el-master\/#article","isPartOf":{"@id":"https:\/\/www.elcol-legi.org\/w\/no-perdis-lopcio-de-fer-el-master\/"},"author":{"name":"Marc Alcaraz","@id":"https:\/\/www.elcol-legi.org\/w\/#\/schema\/person\/4283d40fbd72a940d5fff484fe5ec410"},"headline":"\u00a1No perdis l&#8217;opci\u00f3 de fer el M\u00e0ster!","datePublished":"2026-09-02T11:40:23+00:00","mainEntityOfPage":{"@id":"https:\/\/www.elcol-legi.org\/w\/no-perdis-lopcio-de-fer-el-master\/"},"wordCount":741,"image":{"@id":"https:\/\/www.elcol-legi.org\/w\/no-perdis-lopcio-de-fer-el-master\/#primaryimage"},"thumbnailUrl":"https:\/\/www.elcol-legi.org\/w\/wp-content\/uploads\/2026\/09\/Y177159_collegi23_smart_fotoAyoCabrera-scaled.jpg","keywords":["MN 304"],"articleSection":["Not\u00edcies"],"inLanguage":"ca"},{"@type":"WebPage","@id":"https:\/\/www.elcol-legi.org\/w\/no-perdis-lopcio-de-fer-el-master\/","url":"https:\/\/www.elcol-legi.org\/w\/no-perdis-lopcio-de-fer-el-master\/","name":"\u00a1No perdis l'opci\u00f3 de fer el M\u00e0ster! - Col-legi de Mediadors d&#039;Assegurances de Barcelona","isPartOf":{"@id":"https:\/\/www.elcol-legi.org\/w\/#website"},"primaryImageOfPage":{"@id":"https:\/\/www.elcol-legi.org\/w\/no-perdis-lopcio-de-fer-el-master\/#primaryimage"},"image":{"@id":"https:\/\/www.elcol-legi.org\/w\/no-perdis-lopcio-de-fer-el-master\/#primaryimage"},"thumbnailUrl":"https:\/\/www.elcol-legi.org\/w\/wp-content\/uploads\/2026\/09\/Y177159_collegi23_smart_fotoAyoCabrera-scaled.jpg","datePublished":"2026-09-02T11:40:23+00:00","author":{"@id":"https:\/\/www.elcol-legi.org\/w\/#\/schema\/person\/4283d40fbd72a940d5fff484fe5ec410"},"breadcrumb":{"@id":"https:\/\/www.elcol-legi.org\/w\/no-perdis-lopcio-de-fer-el-master\/#breadcrumb"},"inLanguage":"ca","potentialAction":[{"@type":"ReadAction","target":["https:\/\/www.elcol-legi.org\/w\/no-perdis-lopcio-de-fer-el-master\/"]}]},{"@type":"ImageObject","inLanguage":"ca","@id":"https:\/\/www.elcol-legi.org\/w\/no-perdis-lopcio-de-fer-el-master\/#primaryimage","url":"https:\/\/www.elcol-legi.org\/w\/wp-content\/uploads\/2026\/09\/Y177159_collegi23_smart_fotoAyoCabrera-scaled.jpg","contentUrl":"https:\/\/www.elcol-legi.org\/w\/wp-content\/uploads\/2026\/09\/Y177159_collegi23_smart_fotoAyoCabrera-scaled.jpg","width":2560,"height":1707},{"@type":"BreadcrumbList","@id":"https:\/\/www.elcol-legi.org\/w\/no-perdis-lopcio-de-fer-el-master\/#breadcrumb","itemListElement":[{"@type":"ListItem","position":1,"name":"Inici","item":"https:\/\/www.elcol-legi.org\/w\/"},{"@type":"ListItem","position":2,"name":"\u00a1No perdis l&#8217;opci\u00f3 de fer el M\u00e0ster!"}]},{"@type":"WebSite","@id":"https:\/\/www.elcol-legi.org\/w\/#website","url":"https:\/\/www.elcol-legi.org\/w\/","name":"Col-legi de Mediadors d&#039;Assegurances de Barcelona","description":"Support al mediador d&#039;assegurances","potentialAction":[{"@type":"SearchAction","target":{"@type":"EntryPoint","urlTemplate":"https:\/\/www.elcol-legi.org\/w\/?s={search_term_string}"},"query-input":{"@type":"PropertyValueSpecification","valueRequired":true,"valueName":"search_term_string"}}],"inLanguage":"ca"},{"@type":"Person","@id":"https:\/\/www.elcol-legi.org\/w\/#\/schema\/person\/4283d40fbd72a940d5fff484fe5ec410","name":"Marc Alcaraz","image":{"@type":"ImageObject","inLanguage":"ca","@id":"https:\/\/secure.gravatar.com\/avatar\/e5dee642a130a369f4e8f5fe2d78526e99d5506f34de2f80b7994e63dc58d1b0?s=96&d=mm&r=g","url":"https:\/\/secure.gravatar.com\/avatar\/e5dee642a130a369f4e8f5fe2d78526e99d5506f34de2f80b7994e63dc58d1b0?s=96&d=mm&r=g","contentUrl":"https:\/\/secure.gravatar.com\/avatar\/e5dee642a130a369f4e8f5fe2d78526e99d5506f34de2f80b7994e63dc58d1b0?s=96&d=mm&r=g","caption":"Marc Alcaraz"},"url":"https:\/\/www.elcol-legi.org\/w\/author\/efreire\/"}]}},"_links":{"self":[{"href":"https:\/\/www.elcol-legi.org\/w\/wp-json\/wp\/v2\/posts\/28607","targetHints":{"allow":["GET"]}}],"collection":[{"href":"https:\/\/www.elcol-legi.org\/w\/wp-json\/wp\/v2\/posts"}],"about":[{"href":"https:\/\/www.elcol-legi.org\/w\/wp-json\/wp\/v2\/types\/post"}],"author":[{"embeddable":true,"href":"https:\/\/www.elcol-legi.org\/w\/wp-json\/wp\/v2\/users\/562"}],"replies":[{"embeddable":true,"href":"https:\/\/www.elcol-legi.org\/w\/wp-json\/wp\/v2\/comments?post=28607"}],"version-history":[{"count":1,"href":"https:\/\/www.elcol-legi.org\/w\/wp-json\/wp\/v2\/posts\/28607\/revisions"}],"predecessor-version":[{"id":28611,"href":"https:\/\/www.elcol-legi.org\/w\/wp-json\/wp\/v2\/posts\/28607\/revisions\/28611"}],"wp:featuredmedia":[{"embeddable":true,"href":"https:\/\/www.elcol-legi.org\/w\/wp-json\/wp\/v2\/media\/28608"}],"wp:attachment":[{"href":"https:\/\/www.elcol-legi.org\/w\/wp-json\/wp\/v2\/media?parent=28607"}],"wp:term":[{"taxonomy":"category","embeddable":true,"href":"https:\/\/www.elcol-legi.org\/w\/wp-json\/wp\/v2\/categories?post=28607"},{"taxonomy":"post_tag","embeddable":true,"href":"https:\/\/www.elcol-legi.org\/w\/wp-json\/wp\/v2\/tags?post=28607"}],"curies":[{"name":"wp","href":"https:\/\/api.w.org\/{rel}","templated":true}]}}